{"id":3744,"date":"2023-02-15T11:19:14","date_gmt":"2023-02-15T11:19:14","guid":{"rendered":"https:\/\/revistacienciaecultura.org.br\/?p=3744"},"modified":"2023-02-15T11:19:14","modified_gmt":"2023-02-15T11:19:14","slug":"unesco-promove-dialogo-global-para-melhorar-confiabilidade-das-informacoes-nas-midias-sociais","status":"publish","type":"post","link":"https:\/\/revistacienciaecultura.org.br\/?p=3744","title":{"rendered":"Unesco promove di\u00e1logo global para melhorar confiabilidade das informa\u00e7\u00f5es nas m\u00eddias sociais"},"content":{"rendered":"<h4 id=\"conferencia-internacional-criara-diretrizes-para-governos-orgaos-reguladores-e-empresas-digitais\"><span style=\"color: #808080;\">Confer\u00eancia internacional criar\u00e1 diretrizes para governos, \u00f3rg\u00e3os reguladores e empresas digitais<\/span><\/h4>\n<p>&nbsp;<\/p>\n<p>Combater a desinforma\u00e7\u00e3o e o discurso de \u00f3dio e proteger a liberdade de express\u00e3o e os direitos humanos. Esse \u00e9 o objetivo do di\u00e1logo global promovido pela <strong><span style=\"color: #800000;\"><a style=\"color: #800000;\" href=\"https:\/\/www.unesco.org\/\">Unesco<\/a><\/span><\/strong>, que visa fornecer diretrizes para regulamentar as plataformas digitais. O ponto alto ser\u00e1 uma confer\u00eancia internacional organizada na sede da Organiza\u00e7\u00e3o em Paris, de 21 a 23 de fevereiro, que resultar\u00e1 na apresenta\u00e7\u00e3o de diretrizes globais para governos, \u00f3rg\u00e3os reguladores e empresas digitais.<\/p>\n<p>As m\u00eddias sociais e plataformas digitais permitem que pessoas em todo o mundo se comuniquem e compartilhem informa\u00e7\u00f5es e vem transformando as sociedades. Por\u00e9m, cada vez mais, essas plataformas v\u00eam se tornando terreno f\u00e9rtil para desinforma\u00e7\u00e3o, discurso de \u00f3dio e teorias da conspira\u00e7\u00e3o. Nos \u00faltimos anos, a quest\u00e3o do monitoramento e modera\u00e7\u00e3o de conte\u00fado tem sido um fator importante quando se fala em viol\u00eancia, insurrei\u00e7\u00e3o, elei\u00e7\u00f5es prejudicadas e transfer\u00eancias democr\u00e1ticas de poder em dezenas de pa\u00edses.<\/p>\n<p>Estudos mostram que o engajamento muitas vezes \u00e9 priorizado a qualquer custo. Isso leva a algoritmos que favorecem um conte\u00fado mais controverso, porque desencadeia uma rea\u00e7\u00e3o maior, apesar da evid\u00eancia de que esse conte\u00fado pode trazer danos para a sociedade, sociedades, semeando desconfian\u00e7a, extremismo, \u00f3dio e at\u00e9 mesmo minando os direitos humanos fundamentais.<\/p>\n<p>&nbsp;<\/p>\n<h4 id=\"questoes-globais-exigem-diretrizes-globais\"><strong>Quest\u00f5es globais exigem diretrizes globais<\/strong><\/h4>\n<p>Muitos pa\u00edses est\u00e3o avan\u00e7ando na regulamenta\u00e7\u00e3o para responder a essas quest\u00f5es, mas at\u00e9 agora esse movimento tem sido descoordenado e fragmentado, com alguns pa\u00edses claramente n\u00e3o alinhados com as normas internacionais sobre liberdade de express\u00e3o.<\/p>\n<p>A Unesco lidera consultas globais sobre esse tema, envolvendo governos, \u00f3rg\u00e3os reguladores, empresas digitais, academia, sociedade civil e ag\u00eancias da ONU. Esse di\u00e1logo global culminar\u00e1 naquela que se acredita ser a primeira confer\u00eancia global voltada especificamente para orienta\u00e7\u00f5es para a regulamenta\u00e7\u00e3o de plataformas digitais. Os especialistas da Unesco incorporar\u00e3o o feedback recebido durante essas discuss\u00f5es e se envolver\u00e3o em novas rodadas de consultas visando finalizar e publicar as primeiras diretrizes globais sobre o tema ainda em 2023. Essas diretrizes ser\u00e3o usados por governos, reguladores, empresas digitais e outros grupos para implementar pol\u00edticas e ferramentas conforme necess\u00e1rio, garantindo que estejam alinhados com as normas internacionais de direitos humanos.<\/p>\n<p>A iniciativa da Unesco responde ao chamado do Secret\u00e1rio-Geral da ONU em \u201c<strong><span style=\"color: #800000;\"><a style=\"color: #800000;\" href=\"https:\/\/www.un.org\/en\/content\/common-agenda-report\/assets\/pdf\/Common_Agenda_Report_English.pdf\">Nossa Agenda Comum<\/a><\/span><\/strong>\u201d para enfrentar a dissemina\u00e7\u00e3o da desinforma\u00e7\u00e3o e a nega\u00e7\u00e3o de fatos cientificamente comprovados, que representam \u201cum risco existencial para a humanidade\u201d.<\/p>\n<p><span style=\"color: #808080;\"><em>Com informa\u00e7\u00f5es da Unesco<\/em><\/span><\/p>\n<p>&nbsp;<\/p>\n<h6 id=\"capa-robin-worrall-unsplash-com\">Capa: Robin Worrall | <a href=\"http:\/\/Unsplash.com\" target=\"_blank\" rel=\"noopener\">Unsplash.com<\/a><\/h6>\n","protected":false},"excerpt":{"rendered":"Confer\u00eancia internacional criar\u00e1 diretrizes para governos, \u00f3rg\u00e3os reguladores e empresas digitais &nbsp;&hellip;\n","protected":false},"author":19,"featured_media":3745,"comment_status":"open","ping_status":"open","sticky":false,"template":"","format":"standard","meta":[],"categories":[1,2],"tags":[],"acf":[],"_links":{"self":[{"href":"https:\/\/revistacienciaecultura.org.br\/index.php?rest_route=\/wp\/v2\/posts\/3744"}],"collection":[{"href":"https:\/\/revistacienciaecultura.org.br\/index.php?rest_route=\/wp\/v2\/posts"}],"about":[{"href":"https:\/\/revistacienciaecultura.org.br\/index.php?rest_route=\/wp\/v2\/types\/post"}],"author":[{"embeddable":true,"href":"https:\/\/revistacienciaecultura.org.br\/index.php?rest_route=\/wp\/v2\/users\/19"}],"replies":[{"embeddable":true,"href":"https:\/\/revistacienciaecultura.org.br\/index.php?rest_route=%2Fwp%2Fv2%2Fcomments&post=3744"}],"version-history":[{"count":1,"href":"https:\/\/revistacienciaecultura.org.br\/index.php?rest_route=\/wp\/v2\/posts\/3744\/revisions"}],"predecessor-version":[{"id":3746,"href":"https:\/\/revistacienciaecultura.org.br\/index.php?rest_route=\/wp\/v2\/posts\/3744\/revisions\/3746"}],"wp:featuredmedia":[{"embeddable":true,"href":"https:\/\/revistacienciaecultura.org.br\/index.php?rest_route=\/wp\/v2\/media\/3745"}],"wp:attachment":[{"href":"https:\/\/revistacienciaecultura.org.br\/index.php?rest_route=%2Fwp%2Fv2%2Fmedia&parent=3744"}],"wp:term":[{"taxonomy":"category","embeddable":true,"href":"https:\/\/revistacienciaecultura.org.br\/index.php?rest_route=%2Fwp%2Fv2%2Fcategories&post=3744"},{"taxonomy":"post_tag","embeddable":true,"href":"https:\/\/revistacienciaecultura.org.br\/index.php?rest_route=%2Fwp%2Fv2%2Ftags&post=3744"}],"curies":[{"name":"wp","href":"https:\/\/api.w.org\/{rel}","templated":true}]}}