{"id":3747,"date":"2023-02-16T11:10:26","date_gmt":"2023-02-16T11:10:26","guid":{"rendered":"https:\/\/revistacienciaecultura.org.br\/?p=3747"},"modified":"2023-02-16T11:10:26","modified_gmt":"2023-02-16T11:10:26","slug":"sbpc-realiza-almocos-virtuais-para-comemorar-o-dia-internacional-das-mulheres","status":"publish","type":"post","link":"https:\/\/revistacienciaecultura.org.br\/?p=3747","title":{"rendered":"SBPC realiza almo\u00e7os virtuais para comemorar o Dia Internacional das Mulheres"},"content":{"rendered":"<h4 id=\"com-o-tema-mulheres-e-meninas-poder-e-ciencia-na-refundacao-do-brasil-as-sessoes-serao-realizadas-nos-dias-1-3-e-6-de-marco-as-12h30-e-irao-propor-discussoes-sobre-as-vari\"><span style=\"color: #808080;\">Com o tema\u00a0 \u201cMulheres e Meninas: poder e ci\u00eancia na refunda\u00e7\u00e3o do Brasil\u201d, as sess\u00f5es ser\u00e3o realizadas nos dias 1, 3 e 6 de mar\u00e7o, \u00e0s 12h30, e ir\u00e3o propor discuss\u00f5es sobre as v\u00e1rias dimens\u00f5es da mulher no contexto atual, e como dar mais visibilidade e incentivo para elas na carreira acad\u00eamica<\/span><\/h4>\n<p>&nbsp;<\/p>\n<p>Em celebra\u00e7\u00e3o ao m\u00eas das mulheres, a Sociedade Brasileira para o Progresso da Ci\u00eancia (SBPC) realizar\u00e1 na primeira semana de mar\u00e7o a s\u00e9rie de almo\u00e7os virtuais \u201c<strong>Mulheres e meninas: poder e ci\u00eancia na refunda\u00e7\u00e3o do Brasil<\/strong>\u201d. As sess\u00f5es ser\u00e3o realizadas nos dias 1, 3 e 6 de mar\u00e7o, \u00e0s 12h30, e ser\u00e3o transmitidas pelo\u00a0<span style=\"color: #800000;\"><strong><a style=\"color: #800000;\" href=\"http:\/\/www.youtube.com\/canalsbpc\" target=\"_blank\" rel=\"noopener\">canal da SBPC no YouTube<\/a>.<\/strong><\/span><\/p>\n<p>Os debates contar\u00e3o com a participa\u00e7\u00e3o de ministras mulheres do governo atual, das\u00a0jovens cientistas premiadas e que receberam men\u00e7\u00f5es honrosas\u00a0do 4\u00ba Pr\u00eamio Carolina Bori \u201cCi\u00eancia &amp; Mulher\u201d, al\u00e9m de presidentes mulheres de sociedades cient\u00edficas e acad\u00eamicas afiliadas \u00e0 SBPC.<\/p>\n<p>As sess\u00f5es ser\u00e3o divididas em tr\u00eas grandes \u00e1reas do conhecimento: Humanidades; Biol\u00f3gicas e Sa\u00fade; e Engenharias, Exatas e Ci\u00eancias da Terra.<\/p>\n<p>Segundo Fernanda Sobral, vice-presidente da SBPC, o evento virtual tem por objetivos discutir as v\u00e1rias dimens\u00f5es da mulher no contexto atual, no poder pol\u00edtico e na academia, dar maior visibilidade ao trabalho realizado por elas e, ao mesmo tempo, incentivar as mais jovens a ocuparem cargos de lideran\u00e7a na academia. \u201cN\u00f3s sabemos que elas precisam desse est\u00edmulo para entrar e crescer na carreira\u00a0 cient\u00edfica\u201d, afirma.<\/p>\n<p>Em 2022, a entidade realizou a \u201cJornada da SBPC no Dia Internacional das Mulheres\u201d, evento que durou 12 horas, para comemorar a data. Sobral conta que neste ano a SBPC teve a ideia de desmembrar a comemora\u00e7\u00e3o para possibilitar uma maior participa\u00e7\u00e3o do p\u00fablico. \u201cComo os eventos presenciais voltaram com for\u00e7a, resolvemos realizar encontros virtuais mais curtos, em dias diferentes e na hora do almo\u00e7o, para darmos op\u00e7\u00f5es\u201d, afirma.<\/p>\n<p>Miriam Grossi, diretora da SBPC, ressalta que a gest\u00e3o da entidade quer, por meio de a\u00e7\u00f5es como esta s\u00e9rie, inspirar a\u00e7\u00f5es para promover um maior engajamento das sociedades cient\u00edficas com as quest\u00f5es de g\u00eanero no campo da CT&amp;I. \u201cNossa Diretoria \u00e9 composta por sete mulheres e acreditamos que a presen\u00e7a e a valoriza\u00e7\u00e3o das mulheres na ci\u00eancia s\u00e3o fundamentais no mundo atual. As mulheres s\u00e3o mais da metade das cientistas brasileiras, mas elas ainda est\u00e3o \u00e0 margem dos espa\u00e7os de poder no campo associativo e de gest\u00e3o\u201d, defende.<\/p>\n<p>Grossi ressalta que o 8 de mar\u00e7o foi oficializado em 1975 pela ONU como o Dia Internacional das Mulheres, mas que, embora haja controv\u00e9rsias sobre essa origem, a data \u00e9 um convite \u00e0 reflex\u00e3o e mobiliza\u00e7\u00e3o. \u201cO 8 de mar\u00e7o sempre foi um dia de luta, e n\u00f3s, mulheres cientistas e a SBPC, estamos juntas em diversas batalhas, como por exemplo, por mais recursos e valoriza\u00e7\u00e3o da ci\u00eancia e pelo aumento das bolsas para mestrado, doutorado e p\u00f3s-doutorado, que s\u00e3o fundamentais para a forma\u00e7\u00e3o das novas gera\u00e7\u00f5es de cientistas no Brasil\u201d, diz.<\/p>\n<p>Laila Salmen Espindola, diretora da SBPC, destaca que, ao celebrar o Dia Internacional das Mulheres, a SBPC exerce seu papel na defesa da justi\u00e7a social. \u201cUma das miss\u00f5es da SBPC \u00e9 lutar por um mundo melhor e sabe que para isso precisa de equidade de g\u00eanero em todos os lugares\u201d, afirma.<\/p>\n<p>Espindola comenta ainda que ao privilegiar os homens, a sociedade desperdi\u00e7a metade de seu potencial de intelig\u00eancia. \u201cH\u00e1 poucas mulheres e m\u00e3es \u00e0 frente de cargos-chaves em institui\u00e7\u00f5es de ensino e pesquisa, em empresas e na pol\u00edtica. Mesmo que as mulheres representem a maior parte de cientistas no Brasil de hoje, a preval\u00eancia da presen\u00e7a masculina ainda \u00e9 muito maior \u00e0 medida que se sobe na hierarquia da carreira acad\u00eamica. Mulher precisa ocupar posi\u00e7\u00f5es de lideran\u00e7a. \u00c9 preciso ressaltar que a mulher \u00e9 importante para a sociedade.\u201d<\/p>\n<p>Espindola salienta ainda que o Dia Internacional das Mulheres \u00e9 uma \u00f3tima oportunidade, certamente pol\u00edtica, de debater as reivindica\u00e7\u00f5es por igualdade de direitos e oportunidades. \u201cEsta data est\u00e1 ai para lembrar isso. O sistema de ideias enraizado e vigente nas culturas mundo afora \u00e9 uma mentalidade para relegar as mulheres a uma posi\u00e7\u00e3o secund\u00e1ria. Ali\u00e1s, a situa\u00e7\u00e3o \u00e9 ainda mais grave, quando assistimos ao sistema justificar a agress\u00e3o contra mulheres, em suas diferentes formas f\u00edsicas e psicol\u00f3gicas\u201d, comenta.<\/p>\n<h4 id=\"\"><img loading=\"lazy\" class=\"aligncenter wp-image-3749\" src=\"https:\/\/revistacienciaecultura.org.br\/wp-content\/uploads\/2023\/02\/dias-das-mulheres-250x300.jpg\" alt=\"\" width=\"417\" height=\"500\" srcset=\"https:\/\/revistacienciaecultura.org.br\/wp-content\/uploads\/2023\/02\/dias-das-mulheres-250x300.jpg 250w, https:\/\/revistacienciaecultura.org.br\/wp-content\/uploads\/2023\/02\/dias-das-mulheres-853x1024.jpg 853w, https:\/\/revistacienciaecultura.org.br\/wp-content\/uploads\/2023\/02\/dias-das-mulheres-768x922.jpg 768w, https:\/\/revistacienciaecultura.org.br\/wp-content\/uploads\/2023\/02\/dias-das-mulheres-10x12.jpg 10w, https:\/\/revistacienciaecultura.org.br\/wp-content\/uploads\/2023\/02\/dias-das-mulheres-800x960.jpg 800w, https:\/\/revistacienciaecultura.org.br\/wp-content\/uploads\/2023\/02\/dias-das-mulheres-1160x1392.jpg 1160w, https:\/\/revistacienciaecultura.org.br\/wp-content\/uploads\/2023\/02\/dias-das-mulheres.jpg 1200w\" sizes=\"(max-width: 417px) 100vw, 417px\" \/><\/h4>\n<h4 id=\"servico\"><strong>Servi\u00e7o:<\/strong><\/h4>\n<p>Almo\u00e7os virtuais \u201c<strong>Mulheres e meninas: poder e ci\u00eancia na refunda\u00e7\u00e3o do Brasil\u201d<\/strong><\/p>\n<p><strong>Data:\u00a0<\/strong>1, 3 e 6 de mar\u00e7o, das 12h30 \u00e0s 14h.<\/p>\n<p><strong>Transmiss\u00e3o:<\/strong>\u00a0Canal da SBPC no YouTube \u2013\u00a0<strong><span style=\"color: #800000;\"><a style=\"color: #800000;\" href=\"http:\/\/www.youtube.com\/canalsbpc\" target=\"_blank\" rel=\"noopener\">www.youtube.com\/canalsbpc<\/a><\/span><\/strong><\/p>\n<p>&nbsp;<\/p>\n<p><a href=\"http:\/\/www.jornaldaciencia.org.br\/\" target=\"_blank\" rel=\"noopener\"><span style=\"color: #808080;\"><em>Jornal da Ci\u00eancia<\/em><\/span><\/a><\/p>\n<p>&nbsp;<\/p>\n<h6 id=\"capa-mae-no-quarto-mariana-darvenne\">Capa: M\u00e3e no quarto, Mariana Darvenne<\/h6>\n","protected":false},"excerpt":{"rendered":"Com o tema\u00a0 \u201cMulheres e Meninas: poder e ci\u00eancia na refunda\u00e7\u00e3o do&hellip;\n","protected":false},"author":19,"featured_media":3748,"comment_status":"open","ping_status":"open","sticky":false,"template":"","format":"standard","meta":[],"categories":[1,2],"tags":[],"acf":[],"_links":{"self":[{"href":"https:\/\/revistacienciaecultura.org.br\/index.php?rest_route=\/wp\/v2\/posts\/3747"}],"collection":[{"href":"https:\/\/revistacienciaecultura.org.br\/index.php?rest_route=\/wp\/v2\/posts"}],"about":[{"href":"https:\/\/revistacienciaecultura.org.br\/index.php?rest_route=\/wp\/v2\/types\/post"}],"author":[{"embeddable":true,"href":"https:\/\/revistacienciaecultura.org.br\/index.php?rest_route=\/wp\/v2\/users\/19"}],"replies":[{"embeddable":true,"href":"https:\/\/revistacienciaecultura.org.br\/index.php?rest_route=%2Fwp%2Fv2%2Fcomments&post=3747"}],"version-history":[{"count":1,"href":"https:\/\/revistacienciaecultura.org.br\/index.php?rest_route=\/wp\/v2\/posts\/3747\/revisions"}],"predecessor-version":[{"id":3750,"href":"https:\/\/revistacienciaecultura.org.br\/index.php?rest_route=\/wp\/v2\/posts\/3747\/revisions\/3750"}],"wp:featuredmedia":[{"embeddable":true,"href":"https:\/\/revistacienciaecultura.org.br\/index.php?rest_route=\/wp\/v2\/media\/3748"}],"wp:attachment":[{"href":"https:\/\/revistacienciaecultura.org.br\/index.php?rest_route=%2Fwp%2Fv2%2Fmedia&parent=3747"}],"wp:term":[{"taxonomy":"category","embeddable":true,"href":"https:\/\/revistacienciaecultura.org.br\/index.php?rest_route=%2Fwp%2Fv2%2Fcategories&post=3747"},{"taxonomy":"post_tag","embeddable":true,"href":"https:\/\/revistacienciaecultura.org.br\/index.php?rest_route=%2Fwp%2Fv2%2Ftags&post=3747"}],"curies":[{"name":"wp","href":"https:\/\/api.w.org\/{rel}","templated":true}]}}