{"id":3751,"date":"2023-02-23T17:53:56","date_gmt":"2023-02-23T17:53:56","guid":{"rendered":"https:\/\/revistacienciaecultura.org.br\/?p=3751"},"modified":"2023-02-23T17:53:56","modified_gmt":"2023-02-23T17:53:56","slug":"reuniao-regional-da-sbpc-no-piaui-discutira-avanco-do-agronegocio-e-da-mineracao-e-suas-consequencias-para-o-estado-piauiense","status":"publish","type":"post","link":"https:\/\/revistacienciaecultura.org.br\/?p=3751","title":{"rendered":"Reuni\u00e3o Regional da SBPC no Piau\u00ed discutir\u00e1 avan\u00e7o do agroneg\u00f3cio e da minera\u00e7\u00e3o e suas consequ\u00eancias para o estado piauiense"},"content":{"rendered":"<h4 id=\"evento-acontece-nos-dias-13-e-14-de-marco-em-teresina-e-no-dia-15-em-campo-maior-inscricoes-sao-gratuitas-e-ja-estao-abertas\"><span style=\"color: #808080;\">Evento acontece nos dias 13 e 14 de mar\u00e7o em Teresina, e no dia 15 em Campo Maior. Inscri\u00e7\u00f5es s\u00e3o gratuitas e j\u00e1 est\u00e3o abertas<\/span><\/h4>\n<p>&nbsp;<\/p>\n<p>Com o tema \u201cTerrit\u00f3rio ancestral e promissor: ci\u00eancia para o desenvolvimento sustent\u00e1vel e inclusivo do Piau\u00ed\u201d, a Reuni\u00e3o Regional no Piau\u00ed da Sociedade Brasileira para o Progresso da Ci\u00eancia (SBPC), trar\u00e1 debates sobre independ\u00eancia, soberania, educa\u00e7\u00e3o, meio-ambiente e economia. O evento, que conta com inscri\u00e7\u00f5es gratuitas, ser\u00e1 realizado nos dias 13 e 14 de mar\u00e7o no campus da UFPI, em Teresina. Quem n\u00e3o puder participar presencialmente, poder\u00e1 acompanhar as atividades online, pelo canal oficial da SBPC no Youtube.<\/p>\n<p>Durante o evento, o p\u00fablico poder\u00e1 assistir a confer\u00eancias e mesas-redondas voltadas aos estudantes de gradua\u00e7\u00e3o e p\u00f3s-gradua\u00e7\u00e3o, professores do ensino b\u00e1sico, m\u00e9dio e t\u00e9cnico, al\u00e9m de professores do ensino superior e interessados em geral. As atividades contar\u00e3o com a participa\u00e7\u00e3o de pesquisadores locais e de outras regi\u00f5es do Pa\u00eds.<\/p>\n<p>Entre os temas que ser\u00e3o debatidos nas confer\u00eancias est\u00e3o a\u00a0<strong>\u201cBatalha do Jenipapo\u201d<\/strong>, que contar\u00e1 com a participa\u00e7\u00e3o de Johny Santana de Ara\u00fajo, professor da UFPI, e apresenta\u00e7\u00e3o de Ildeu de Castro Moreira, presidente de honra da SBPC e professor e pesquisador do Instituto de F\u00edsica da Universidade Federal do Rio de Janeiro (UFRJ);\u00a0<strong>\u201cDesafios do ensino superior e da p\u00f3s-gradua\u00e7\u00e3o\u201d<\/strong>, que ser\u00e1 proferida por Naomar de Almeida Filho, professor titular de Epidemiologia no Instituto de Sa\u00fade Coletiva da Universidade Federal da Bahia (UFBA), e apresentada por Renato Janine Ribeiro, presidente da SBPC; e\u00a0<strong>\u201cA constru\u00e7\u00e3o de uma sociedade sustent\u00e1vel\u201d<\/strong>, que ter\u00e1 como conferencista Paulo Artaxo, vice-presidente da SBPC e professor do Instituto de F\u00edsica da Universidade de S\u00e3o Paulo (USP), e apresenta\u00e7\u00e3o de Helena Bonciani Nader, presidente da Academia Brasileira de Ci\u00eancias (ABC).<\/p>\n<p>J\u00e1 nas mesas-redondas, est\u00e3o programadas discuss\u00f5es sobre\u00a0<strong>\u201cAvan\u00e7o do agroneg\u00f3cio e da minera\u00e7\u00e3o e suas consequ\u00eancias no estado do Piau\u00ed\u201d<\/strong>, que ter\u00e1 coordena\u00e7\u00e3o de Ja\u00edlson Bittencourt de Andrade, professor titular da Universidade Federal da Bahia (UFBA), e participa\u00e7\u00e3o de Alfredo Wagner Berno de Almeida, professor colaborador da Universidade Federal do Amazonas (UFAM), Carmen L\u00facia Silva Lima, da UFPI, e Maria da Concei\u00e7\u00e3o de Sousa (Dam Gamela \u2013 lideran\u00e7a ind\u00edgena);\u00a0<strong>\u201cPerspectivas para uma economia sustent\u00e1vel no Piau\u00ed\u201d<\/strong>, que ser\u00e1 coordenada por Laila Salmen Espindola, diretora da SBPC e professora da Universidade de Bras\u00edlia (UnB), e contar\u00e1 com os palestrantes Jos\u00e9 Antonio Bertotti J\u00fanior, professor e gestor p\u00fablico, Gild\u00e1rio Lima, professor e pesquisador da Universidade Federal do Delta do Parna\u00edba (Ufdpar), e Ja\u00edra Maria Alcoba\u00e7a Gomes, da UFPI;\u00a0<strong>\u201cQual inclus\u00e3o social queremos? que pol\u00edticas efetivas integram ind\u00edgenas, quilombolas, mulheres e LGBTQUIA+, entre outros?\u201d<\/strong>, que ter\u00e1 entre os palestrantes Miriam Pillar Grossi, diretora da SBPC e \u00a0professora titular da Universidade Federal de Santa Catarina (UFSC), Ali\u00e3 Wamiri Guajajara (Oka Ind\u00edgena), Marcela Amaral, professora da Universidade Federal de Goi\u00e1s (UFG), e Let\u00edcia Carolina Pereira Nascimento, doutoranda em Educa\u00e7\u00e3o pela UFPI; e\u00a0<strong>\u201cSupera\u00e7\u00e3o da pobreza (acesso \u00e0 \u00e1gua, saneamento e gera\u00e7\u00e3o de riquezas)\u201d<\/strong>, que ter\u00e1 Fernanda Sobral, vice-presidente da SBPC, na coordena\u00e7\u00e3o. Este \u00faltimo debate ter\u00e1 Mauro Del Grossi, professor associado da UnB, Jo\u00e3o Paulo Peixoto Costa, professor do IFPI, e Maria Regina Sousa, da Secretaria Estadual da Assist\u00eancia Social do Piau\u00ed, como palestrantes.<\/p>\n<p>Cl\u00e1udia Linhares, secret\u00e1ria-geral da SBPC, afirma que nos dois primeiros dias do evento, que ser\u00e3o realizados no campus da Universidade Federal do Piau\u00ed, em Teresina, ser\u00e3o debatidos temas caros ao Estado. A reuni\u00e3o se encerra no Instituto Federal do Piau\u00ed, em Campo Maior, com discuss\u00f5es sobre o futuro.<\/p>\n<p>Linhares comenta que o evento ser\u00e1 uma \u00f3tima oportunidade para relembrar a Batalha do Jenipapo (um dos confrontos mais sangrentos da Guerra da Independ\u00eancia do Brasil, ocorrido no dia 13 de mar\u00e7o de 1823, \u00e0s margens do rio de mesmo nome na vila de Campo Maior, no Piau\u00ed) e discutir o Brasil que desejamos para os pr\u00f3ximos 200 anos.<\/p>\n<p>\u201cEssa Reuni\u00e3o Regional ainda \u00e9 uma repercuss\u00e3o das comemora\u00e7\u00f5es do Bicenten\u00e1rio da Independ\u00eancia, porque para muitas pessoas a \u2018Independ\u00eancia\u2019 foi simplesmente o \u2018Grito do Ipiranga\u2019, e n\u00e3o \u00e9. A consolida\u00e7\u00e3o dessa emancipa\u00e7\u00e3o foi sendo constru\u00edda, inclusive depois desse epis\u00f3dio com v\u00e1rias batalhas memor\u00e1veis em diferentes lugares, dentre elas, a Batalha do Jenipapo e da Bahia, comemorada em 2 de julho. Infelizmente, muitos brasileiros n\u00e3o refletem algumas lutas por desconhecerem\u201d, comenta. (<span style=\"color: #800000;\"><strong><a style=\"color: #800000;\" href=\"https:\/\/www.youtube.com\/watch?v=joF31MbC5t4&amp;t=4s\" target=\"_blank\" rel=\"noopener\">Assista ao v\u00eddeo da SBPC \u201cBrasil 200 anos: Rumos \u00e0 Independ\u00eancia\u201d<\/a><\/strong><\/span>)<\/p>\n<p>Assim como ocorre em todos os eventos da SBPC, a Reuni\u00e3o Regional tem como um de seus objetivos principais popularizar e valorizar a produ\u00e7\u00e3o cient\u00edfica nacional e inseri-la no cotidiano dos cidad\u00e3os.<\/p>\n<p>As atividades da Reuni\u00e3o Regional s\u00e3o gratuitas e abertas ao p\u00fablico em geral, mas quem quiser receber o certificado de participa\u00e7\u00e3o geral do evento precisa se inscrever no site\u00a0<span style=\"color: #800000;\"><strong><a style=\"color: #800000;\" href=\"https:\/\/rr.sbpcnet.org.br\/piaui\/\" target=\"_blank\" rel=\"noopener\">https:\/\/rr.sbpcnet.org.br\/piaui\/<\/a><\/strong><\/span><\/p>\n<p><a href=\"http:\/\/www.jornaldaciencia.org.br\/\" target=\"_blank\" rel=\"noopener\"><span style=\"color: #808080;\"><em>Jornal da Ci\u00eancia<\/em><\/span><\/a><\/p>\n","protected":false},"excerpt":{"rendered":"Evento acontece nos dias 13 e 14 de mar\u00e7o em Teresina, e&hellip;\n","protected":false},"author":19,"featured_media":1652,"comment_status":"open","ping_status":"open","sticky":false,"template":"","format":"standard","meta":[],"categories":[1,2],"tags":[],"acf":[],"_links":{"self":[{"href":"https:\/\/revistacienciaecultura.org.br\/index.php?rest_route=\/wp\/v2\/posts\/3751"}],"collection":[{"href":"https:\/\/revistacienciaecultura.org.br\/index.php?rest_route=\/wp\/v2\/posts"}],"about":[{"href":"https:\/\/revistacienciaecultura.org.br\/index.php?rest_route=\/wp\/v2\/types\/post"}],"author":[{"embeddable":true,"href":"https:\/\/revistacienciaecultura.org.br\/index.php?rest_route=\/wp\/v2\/users\/19"}],"replies":[{"embeddable":true,"href":"https:\/\/revistacienciaecultura.org.br\/index.php?rest_route=%2Fwp%2Fv2%2Fcomments&post=3751"}],"version-history":[{"count":1,"href":"https:\/\/revistacienciaecultura.org.br\/index.php?rest_route=\/wp\/v2\/posts\/3751\/revisions"}],"predecessor-version":[{"id":3752,"href":"https:\/\/revistacienciaecultura.org.br\/index.php?rest_route=\/wp\/v2\/posts\/3751\/revisions\/3752"}],"wp:featuredmedia":[{"embeddable":true,"href":"https:\/\/revistacienciaecultura.org.br\/index.php?rest_route=\/wp\/v2\/media\/1652"}],"wp:attachment":[{"href":"https:\/\/revistacienciaecultura.org.br\/index.php?rest_route=%2Fwp%2Fv2%2Fmedia&parent=3751"}],"wp:term":[{"taxonomy":"category","embeddable":true,"href":"https:\/\/revistacienciaecultura.org.br\/index.php?rest_route=%2Fwp%2Fv2%2Fcategories&post=3751"},{"taxonomy":"post_tag","embeddable":true,"href":"https:\/\/revistacienciaecultura.org.br\/index.php?rest_route=%2Fwp%2Fv2%2Ftags&post=3751"}],"curies":[{"name":"wp","href":"https:\/\/api.w.org\/{rel}","templated":true}]}}