{"id":3753,"date":"2023-02-28T07:30:40","date_gmt":"2023-02-28T07:30:40","guid":{"rendered":"https:\/\/revistacienciaecultura.org.br\/?p=3753"},"modified":"2023-02-27T19:08:12","modified_gmt":"2023-02-27T19:08:12","slug":"sbpc-inicia-celebracoes-do-dia-internacional-das-mulheres-nesta-quarta-feira-com-almoco-virtual","status":"publish","type":"post","link":"https:\/\/revistacienciaecultura.org.br\/?p=3753","title":{"rendered":"SBPC inicia celebra\u00e7\u00f5es do Dia Internacional das Mulheres nesta quarta-feira com almo\u00e7o virtual"},"content":{"rendered":"<h4 id=\"com-o-tema-mulheres-e-meninas-poder-e-ciencia-na-refundacao-do-brasil-o-evento-contara-com-a-participacao-das-jovens-cientistas-premiadas-e-que-receberam-mencoes-honrosas\"><span style=\"color: #808080;\">Com o tema \u201cMulheres e Meninas: poder e ci\u00eancia na refunda\u00e7\u00e3o do Brasil\u201d, o evento contar\u00e1 com a participa\u00e7\u00e3o das\u00a0jovens cientistas premiadas e que receberam men\u00e7\u00f5es honrosas\u00a0no 4\u00ba Pr\u00eamio Carolina Bori \u201cCi\u00eancia &amp; Mulher\u201d, al\u00e9m de mulheres representantes de sociedades cient\u00edficas e acad\u00eamicas afiliadas \u00e0 SBPC<\/span><\/h4>\n<p>&nbsp;<\/p>\n<p>A Sociedade Brasileira para o Progresso da Ci\u00eancia (SBPC) inicia nesta quarta-feira, 1\u00ba de mar\u00e7o, as celebra\u00e7\u00f5es do Dia Internacional das Mulheres como o almo\u00e7o virtual\u00a0<strong>\u201cMulheres e meninas: poder e ci\u00eancia na refunda\u00e7\u00e3o do Brasil\u201d<\/strong>, com participantes da \u00e1rea de Biol\u00f3gicas e Sa\u00fade. O primeiro debate ter\u00e1 in\u00edcio a partir das 12h30, com transmiss\u00e3o pelo\u00a0<span style=\"color: #800000;\"><strong><a style=\"color: #800000;\" href=\"http:\/\/www.youtube.com\/canalsbpc\" target=\"_blank\" rel=\"noopener\">canal da SBPC no YouTube<\/a><\/strong><\/span>. Os outros encontros ser\u00e3o realizados nos dias 3 e 6 de mar\u00e7o, no mesmo hor\u00e1rio.<\/p>\n<p>Com abertura do presidente da SBPC, Renato Janine Ribeiro, o evento ter\u00e1 uma apresenta\u00e7\u00e3o art\u00edstica a cantora Indiana Nomm.<\/p>\n<p>Segundo Fernanda Sobral, vice-presidente da SBPC, o evento virtual tem por objetivo discutir as v\u00e1rias dimens\u00f5es da mulher no contexto atual, no poder pol\u00edtico e na academia, dar maior visibilidade ao trabalho realizado por elas e, ao mesmo tempo, incentivar as mais jovens a ocuparem cargos de lideran\u00e7a na academia. \u201cN\u00f3s sabemos que elas precisam desse est\u00edmulo para entrar e crescer na carreira cient\u00edfica\u201d, afirma.<\/p>\n<p>Participar\u00e3o dos debates mulheres ministras do governo atual e representantes de sociedades cient\u00edficas e acad\u00eamicas afiliadas \u00e0 SBPC. Nesta quarta-feira, falar\u00e3o no almo\u00e7o virtual\u00a0<strong>Elza Noronha<\/strong>, professora da Universidade de Bras\u00edlia (UnB), representando a Sociedade Brasileira de Medicina Tropical (SBMT);\u00a0<strong>Naomi Kato Simas<\/strong>, professora da Faculdade de Farm\u00e1cia da Universidade Federal do Rio de Janeiro (UFRJ), representando a Sociedade Brasileira de Farmacognosia (SBFgnosia), e\u00a0<strong>Ana Carolina Takakura<\/strong>, professora do Instituto de Ci\u00eancias Biom\u00e9dicas da Universidade de S\u00e3o Paulo (USP), representando a\u00a0 Federa\u00e7\u00e3o de Sociedades de Biologia Experimental (FeSBe).<\/p>\n<p>O encontro tamb\u00e9m contar\u00e1 com a participa\u00e7\u00e3o das vencedoras e men\u00e7\u00f5es honrosa na 4\u00aa edi\u00e7\u00e3o do Pr\u00eamio \u201cCarolina Bori Ci\u00eancia &amp; Mulher\u201d, promovido pela SBPC. Falar\u00e3o sobre seus projetos:\u00a0<strong>Anita de Souza Silva<\/strong>, graduada pela Universidade Federal de Sergipe (UFS), e\u00a0<strong>Ariane Leite do Nascimento<\/strong>, graduanda em Ci\u00eancias Biol\u00f3gicas pela Universidade Federal da Bahia (UFBA), vencedoras no n\u00edvel Gradua\u00e7\u00e3o na\u00a0\u00e1rea de Biol\u00f3gicas e Sa\u00fade. As men\u00e7\u00f5es honrosas na \u00e1rea\u00a0<strong>Camila Vit\u00f3ria Ferreira Mendes<\/strong>, graduanda na Universidade Federal do Par\u00e1 (UFPA), e\u00a0<strong>Carolina Batista Nunes<\/strong>, graduanda em Ci\u00eancias Biol\u00f3gicas na Universidade Federal do Rio Grande do Sul (UFRGS).<\/p>\n<p>O debate\u00a0ter\u00e1 ainda\u00a0a participa\u00e7\u00e3o de\u00a0<strong>Isabelle Almeida Novais<\/strong>, estudante da Escola Estadual Fern\u00e3o Dias Paes, de S\u00e3o Paulo, e\u00a0<strong>Amanda Ribeiro Machado<\/strong>, do Instituto Federal de Educa\u00e7\u00e3o, Ci\u00eancia e Tecnologia do Rio Grande do Sul, respectivamente vencedora e men\u00e7\u00e3o honrosa, no n\u00edvel Ensino M\u00e9dio da premia\u00e7\u00e3o.<\/p>\n<p><strong>Confira abaixo a programa\u00e7\u00e3o do dia 1\u00ba de mar\u00e7o:<\/strong><\/p>\n<p>&nbsp;<\/p>\n<p><strong>Mesa da \u00c1rea do conhecimento:\u00a0<\/strong>Biol\u00f3gicas e Sa\u00fade<\/p>\n<p><strong>\u00a0<\/strong><\/p>\n<p><strong>12h30 \u2013 Abertura<\/strong><\/p>\n<p>Renato Janine Ribeiro (USP\/SBPC)<\/p>\n<p><strong>\u00a0<\/strong><\/p>\n<p><strong>Apresenta\u00e7\u00e3o art\u00edstica \u2013 Indiana Nomm<\/strong><\/p>\n<p><strong>\u00a0<\/strong><\/p>\n<p><strong>Meninas na Ci\u00eancia \u2013 Pr\u00eamio SBPC 2023 \u201cCarolina Bori Ci\u00eancia &amp; Mulher\u201d<\/strong><strong>\u00a0<\/strong><\/p>\n<p><strong>Futuras cientistas brasileiras de not\u00f3rio talento<\/strong><strong>\u00a0\u2013 Gradua\u00e7\u00e3o e Ensino M\u00e9dio<\/strong><\/p>\n<p><strong>\u00a0<\/strong><\/p>\n<p><strong>N\u00edvel Gradua\u00e7\u00e3o:<\/strong><\/p>\n<p><strong>Anita de Souza Silva (UFS)<\/strong><\/p>\n<p><em>Diagn\u00f3stico da leishmaniose visceral em c\u00e3es e percep\u00e7\u00e3o dos tutores de c\u00e3es e gatos sobre a doen\u00e7a<\/em><\/p>\n<p>&nbsp;<\/p>\n<p><strong>Ariane Leite do Nascimento (UFBA)<\/strong><\/p>\n<p><em>Bot\u00e2nica sempre viva<\/em><\/p>\n<p>&nbsp;<\/p>\n<p><strong>Camila Vit\u00f3ria Ferreira Mendes (UFPA)<\/strong><\/p>\n<p><em>An\u00e1lise funcional de microRNAs na doen\u00e7a dermatol\u00f3gica vitiligo<\/em><\/p>\n<p>&nbsp;<\/p>\n<p><strong>Carolina Batista Nunes (UFRGS)<\/strong><\/p>\n<p><em>Conhecimento de pescadores sobre mudan\u00e7as ambientais na \u00e1gua e no pulso de inunda\u00e7\u00e3o dos rios Tapaj\u00f3s e Tocantins, Amaz\u00f4nia brasileira<\/em><\/p>\n<p><em>\u00a0<\/em><\/p>\n<p><strong>N\u00edvel Ensino M\u00e9dio:<\/strong><em>\u00a0<\/em><\/p>\n<p><strong>Isabelle Almeida Novais (EE Fern\u00e3o Dias Paes\/SP)<\/strong><\/p>\n<p><em>A influ\u00eancia da infraestrutura dos hospitais p\u00fablicos na realiza\u00e7\u00e3o do diagn\u00f3stico da mielomeningocele fetal<\/em><\/p>\n<p>&nbsp;<\/p>\n<p><strong>Amanda Ribeiro Machado (IFRS)<\/strong><\/p>\n<p><em>Desenvolvimento de celulose bacteriana a partir dos res\u00edduos do processamento da uva<\/em><\/p>\n<p>&nbsp;<\/p>\n<p><strong>Sociedades Cient\u00edficas afiliadas \u00e0 SBPC \u2013 Comentaristas<\/strong><strong>\u00a0<\/strong><\/p>\n<p><strong>Elza Noronha (UnB)<\/strong>\u00a0\u2013 Sociedade Brasileira de Medicina Tropical (<strong>SBMT<\/strong>)<\/p>\n<p><strong>Naomi Kato Simas (UFRJ)<\/strong>\u00a0\u2013 Sociedade Brasileira de Farmacognosia (<strong>SBFgnosia<\/strong>)<\/p>\n<p><strong>Ana Carolina Takakura (USP)<\/strong>\u00a0\u2013 Federa\u00e7\u00e3o de Sociedades de Biologia Experimental (<strong>FeSBe<\/strong>)<\/p>\n<p>&nbsp;<\/p>\n<p>Transmiss\u00e3o pelo\u00a0<a href=\"https:\/\/www.youtube.com\/user\/canalsbpc\" target=\"_blank\" rel=\"noopener\"><span style=\"color: #800000;\"><strong>canal da SBPC no YouTube<\/strong><\/span><\/a>.<\/p>\n<p><a href=\"http:\/\/www.jornaldaciencia.org.br\/\" target=\"_blank\" rel=\"noopener\"><span style=\"color: #808080;\"><em>Jornal da Ci\u00eancia<\/em><\/span><\/a><\/p>\n","protected":false},"excerpt":{"rendered":"Com o tema \u201cMulheres e Meninas: poder e ci\u00eancia na refunda\u00e7\u00e3o do&hellip;\n","protected":false},"author":19,"featured_media":3748,"comment_status":"open","ping_status":"open","sticky":false,"template":"","format":"standard","meta":[],"categories":[1,2],"tags":[],"acf":[],"_links":{"self":[{"href":"https:\/\/revistacienciaecultura.org.br\/index.php?rest_route=\/wp\/v2\/posts\/3753"}],"collection":[{"href":"https:\/\/revistacienciaecultura.org.br\/index.php?rest_route=\/wp\/v2\/posts"}],"about":[{"href":"https:\/\/revistacienciaecultura.org.br\/index.php?rest_route=\/wp\/v2\/types\/post"}],"author":[{"embeddable":true,"href":"https:\/\/revistacienciaecultura.org.br\/index.php?rest_route=\/wp\/v2\/users\/19"}],"replies":[{"embeddable":true,"href":"https:\/\/revistacienciaecultura.org.br\/index.php?rest_route=%2Fwp%2Fv2%2Fcomments&post=3753"}],"version-history":[{"count":2,"href":"https:\/\/revistacienciaecultura.org.br\/index.php?rest_route=\/wp\/v2\/posts\/3753\/revisions"}],"predecessor-version":[{"id":3755,"href":"https:\/\/revistacienciaecultura.org.br\/index.php?rest_route=\/wp\/v2\/posts\/3753\/revisions\/3755"}],"wp:featuredmedia":[{"embeddable":true,"href":"https:\/\/revistacienciaecultura.org.br\/index.php?rest_route=\/wp\/v2\/media\/3748"}],"wp:attachment":[{"href":"https:\/\/revistacienciaecultura.org.br\/index.php?rest_route=%2Fwp%2Fv2%2Fmedia&parent=3753"}],"wp:term":[{"taxonomy":"category","embeddable":true,"href":"https:\/\/revistacienciaecultura.org.br\/index.php?rest_route=%2Fwp%2Fv2%2Fcategories&post=3753"},{"taxonomy":"post_tag","embeddable":true,"href":"https:\/\/revistacienciaecultura.org.br\/index.php?rest_route=%2Fwp%2Fv2%2Ftags&post=3753"}],"curies":[{"name":"wp","href":"https:\/\/api.w.org\/{rel}","templated":true}]}}