{"id":3756,"date":"2023-03-01T19:10:27","date_gmt":"2023-03-01T19:10:27","guid":{"rendered":"https:\/\/revistacienciaecultura.org.br\/?p=3756"},"modified":"2023-03-01T19:10:27","modified_gmt":"2023-03-01T19:10:27","slug":"dia-da-zero-discriminacao-mira-leis-para-descriminalizar-hiv","status":"publish","type":"post","link":"https:\/\/revistacienciaecultura.org.br\/?p=3756","title":{"rendered":"Dia da Zero Discrimina\u00e7\u00e3o mira leis para descriminalizar HIV"},"content":{"rendered":"<h4 id=\"programa-conjunto-da-onu-sobre-hiv-aids-revela-que-pelo-menos-67-paises-criminalizam-relacoes-consensuais-entre-pessoas-do-mesmo-sexo\"><span style=\"color: #808080;\">Programa Conjunto da ONU sobre HIV\/Aids revela que pelo menos 67 pa\u00edses criminalizam rela\u00e7\u00f5es consensuais entre pessoas do mesmo sexo<\/span><\/h4>\n<p>&nbsp;<\/p>\n<p>O dia 01 de mar\u00e7o celebra o Dia da Zero Discrimina\u00e7\u00e3o. A data, estabelecida pela Organiza\u00e7\u00e3o das Na\u00e7\u00f5es Unidas (ONU), serve de alerta para combater o estigma e a discrimina\u00e7\u00e3o de grupos espec\u00edficos e pessoas que vivem com HIV.<\/p>\n<p>Este ano, a organiza\u00e7\u00e3o planejou sua campanha focando nas leis para descriminalizar o HIV com o tema \u201cSalve Vidas, Descriminalize\u201d. O Programa Conjunto da ONU sobre HIV\/Aids (Unaids), revela que leis que criminalizam servem para exacerbar o estigma enfrentado por quem vive com HIV, trabalhadores do sexo, comunidades LGBTQIA+ e outros segmentos. Essas medidas tamb\u00e9m atrasam o fim da pandemia de Aids. A discrimina\u00e7\u00e3o imp\u00f5e barreiras para quem precisa de tratamento, de apoio e servi\u00e7os para proteger a sa\u00fade.<\/p>\n<p>Para o Unaids, neste Dia da Zero Discrimina\u00e7\u00e3o, a mensagem \u00e9 clara: a criminaliza\u00e7\u00e3o leva \u00e0 discrimina\u00e7\u00e3o e a estruturas desiguais. O estigma tamb\u00e9m rouba das pessoas o direito a ter uma vida saud\u00e1vel e plena. E por fim, atrasa a luta global pelo fim da Aids.<\/p>\n<p>&nbsp;<\/p>\n<h4 id=\"vencendo-barreiras\"><strong>Vencendo barreiras<\/strong><\/h4>\n<p>Em 2021, o mundo estabeleceu metas para a reforma de leis que criminalizavam os grupos-alvo. O compromisso dos pa\u00edses \u00e9 reduzir at\u00e9 2025 o grupo de na\u00e7\u00f5es com essas leis em menos de 10% do total global.<\/p>\n<p>Mesmo com a resposta, ainda existem pelo menos 67 pa\u00edses que fazem de uma rela\u00e7\u00e3o consensual entre duas pessoas do mesmo sexo um delito. Ao todo, existem 134 na\u00e7\u00f5es que criminalizam ou processam por exposi\u00e7\u00e3o, transmiss\u00e3o ou oculta\u00e7\u00e3o do status da pessoa com HIV.<\/p>\n<p>O Unaids afirma que 20 pa\u00edses ainda criminalizam os transg\u00eaneros. E 153 consideram um delito pelo menos um aspecto de trabalhadores do sexo.<\/p>\n<p>Quem vive com HIV \u00e9 impedido de entrar em 48 pa\u00edses ou territ\u00f3rios enquanto 53 solicitam testes obrigat\u00f3rios de HIV, por exemplo, para emitir certid\u00f5es de casamento ou para exercer certas profiss\u00f5es.<\/p>\n<p>Quem vive com HIV \u00e9 impedido de entrar em 48 pa\u00edses ou territ\u00f3rios enquanto 53 solicitam testes obrigat\u00f3rios de HIV, por exemplo, para emitir certid\u00f5es de casamento ou para exercer certas profiss\u00f5es.<\/p>\n<p>A ag\u00eancia da ONU afirma que em 106 na\u00e7\u00f5es, \u00e9 necess\u00e1rio a permiss\u00e3o dos pais ou respons\u00e1veis para os adolescentes terem acesso a testes de HIV.<\/p>\n<p><em><span style=\"color: #808080;\">Com informa\u00e7\u00f5es da <a style=\"color: #808080;\" href=\"https:\/\/news.un.org\/\" target=\"_blank\" rel=\"noopener\">ONU News<\/a><\/span><\/em><\/p>\n<p>&nbsp;<\/p>\n<h6 id=\"imagem-alesia-unsplash-com\">Imagem: Alesia | <a href=\"http:\/\/Unsplash.com\" target=\"_blank\" rel=\"noopener\">Unsplash.com<\/a><\/h6>\n","protected":false},"excerpt":{"rendered":"Programa Conjunto da ONU sobre HIV\/Aids revela que pelo menos 67 pa\u00edses&hellip;\n","protected":false},"author":19,"featured_media":3757,"comment_status":"open","ping_status":"open","sticky":false,"template":"","format":"standard","meta":[],"categories":[1,2],"tags":[],"acf":[],"_links":{"self":[{"href":"https:\/\/revistacienciaecultura.org.br\/index.php?rest_route=\/wp\/v2\/posts\/3756"}],"collection":[{"href":"https:\/\/revistacienciaecultura.org.br\/index.php?rest_route=\/wp\/v2\/posts"}],"about":[{"href":"https:\/\/revistacienciaecultura.org.br\/index.php?rest_route=\/wp\/v2\/types\/post"}],"author":[{"embeddable":true,"href":"https:\/\/revistacienciaecultura.org.br\/index.php?rest_route=\/wp\/v2\/users\/19"}],"replies":[{"embeddable":true,"href":"https:\/\/revistacienciaecultura.org.br\/index.php?rest_route=%2Fwp%2Fv2%2Fcomments&post=3756"}],"version-history":[{"count":1,"href":"https:\/\/revistacienciaecultura.org.br\/index.php?rest_route=\/wp\/v2\/posts\/3756\/revisions"}],"predecessor-version":[{"id":3758,"href":"https:\/\/revistacienciaecultura.org.br\/index.php?rest_route=\/wp\/v2\/posts\/3756\/revisions\/3758"}],"wp:featuredmedia":[{"embeddable":true,"href":"https:\/\/revistacienciaecultura.org.br\/index.php?rest_route=\/wp\/v2\/media\/3757"}],"wp:attachment":[{"href":"https:\/\/revistacienciaecultura.org.br\/index.php?rest_route=%2Fwp%2Fv2%2Fmedia&parent=3756"}],"wp:term":[{"taxonomy":"category","embeddable":true,"href":"https:\/\/revistacienciaecultura.org.br\/index.php?rest_route=%2Fwp%2Fv2%2Fcategories&post=3756"},{"taxonomy":"post_tag","embeddable":true,"href":"https:\/\/revistacienciaecultura.org.br\/index.php?rest_route=%2Fwp%2Fv2%2Ftags&post=3756"}],"curies":[{"name":"wp","href":"https:\/\/api.w.org\/{rel}","templated":true}]}}