{"id":3759,"date":"2023-03-03T10:54:45","date_gmt":"2023-03-03T10:54:45","guid":{"rendered":"https:\/\/revistacienciaecultura.org.br\/?p=3759"},"modified":"2023-03-03T10:54:45","modified_gmt":"2023-03-03T10:54:45","slug":"dia-mundial-da-vida-selvagem-um-milhao-de-especies-estao-a-beira-da-extincao","status":"publish","type":"post","link":"https:\/\/revistacienciaecultura.org.br\/?p=3759","title":{"rendered":"Dia Mundial da Vida Selvagem: um milh\u00e3o de esp\u00e9cies est\u00e3o \u00e0 beira da extin\u00e7\u00e3o"},"content":{"rendered":"<h4 id=\"onu-celebra-a-data-enfatizando-a-importancia-de-parcerias-para-a-conservacao-da-vida-selvagem\"><span style=\"color: #808080;\">ONU celebra a data enfatizando a import\u00e2ncia de parcerias para a conserva\u00e7\u00e3o da vida selvagem <\/span><\/h4>\n<p>&nbsp;<\/p>\n<p>Neste 3 de mar\u00e7o, a <strong><span style=\"color: #800000;\"><a style=\"color: #800000;\" href=\"un.org\">Organiza\u00e7\u00e3o das Na\u00e7\u00f5es Unidas (ONU)<\/a><\/span><\/strong> comemora o Dia Mundial da Vida Selvagem. Para mostrar a import\u00e2ncia de como o trabalho conjunto com governos, sociedade civil e setor privado pode transformar o compromisso em a\u00e7\u00e3o, este ano, o tema \u00e9 \u201cParcerias para a Conserva\u00e7\u00e3o da Vida Selvagem\u201d.<\/p>\n<p>Em mensagem,\u00a0o secret\u00e1rio-geral da organiza\u00e7\u00e3o, Ant\u00f3nio Guterres, ressalta que \u00e9 hora de refletir sobre a responsabilidade de proteger a diversidade de vida do planeta. Ele lembra que as atividades humanas est\u00e3o destruindo florestas, selvas, terras agr\u00edcolas, oceanos, rios, mares e lagos, que antes eram pr\u00f3speros. Guterres afirma que\u00a0um milh\u00e3o de esp\u00e9cies est\u00e3o \u00e0 beira da extin\u00e7\u00e3o\u00a0devido \u00e0 destrui\u00e7\u00e3o do habitat, \u00e0 polui\u00e7\u00e3o por combust\u00edveis f\u00f3sseis e ao agravamento da crise clim\u00e1tica. Para ele, \u00e9 preciso acabar \u201ccom esta guerra contra a natureza\u201d, e as solu\u00e7\u00f5es j\u00e1 existem.<\/p>\n<p>&nbsp;<\/p>\n<h4 id=\"risco-de-desaparecer\"><strong>Risco de desaparecer<\/strong><\/h4>\n<p>Um <a href=\"https:\/\/ipbes.net\/media_release\/Sustainable_Use_Assessment_Published\"><strong><span style=\"color: #800000;\">relat\u00f3rio<\/span><\/strong>\u00a0<\/a>da Plataforma Intergovernamental sobre Biodiversidade e Servi\u00e7os Ecossist\u00eamicos (IPBES), \u00f3rg\u00e3o independente de ci\u00eancia e pol\u00edtica apoiado pela ONU, lan\u00e7ado no ano passado, apontou que cerca um milh\u00e3o de esp\u00e9cies est\u00e3o amea\u00e7adas de extin\u00e7\u00e3o. Girafas, papagaios e at\u00e9 carvalhos est\u00e3o inclu\u00eddos na lista, assim como cactos e algas marinhas.<\/p>\n<p>As algas marinhas s\u00e3o uma das grandes sobreviventes do planeta, e parentes de algumas algas modernas podem ser rastreadas at\u00e9 cerca de 1,6 bilh\u00e3o de anos atr\u00e1s. Elas desempenham um papel vital nos ecossistemas marinhos, fornecendo habitats e alimentos para diferentes formas de vida. No entanto, a dragagem mec\u00e2nica, o aumento da temperatura do mar e a constru\u00e7\u00e3o de infraestruturas costeiras est\u00e3o contribuindo para o decl\u00ednio da esp\u00e9cie.<\/p>\n<p>As \u00e1rvores, enquanto isso, s\u00e3o amea\u00e7adas por v\u00e1rias fontes, incluindo extra\u00e7\u00e3o de madeira, desmatamento para ind\u00fastria e agricultura, lenha para aquecimento e cozimento e amea\u00e7as relacionadas ao clima, como inc\u00eandios florestais. Estima-se que 31% dos 430 tipos de carvalho do mundo, por exemplo, est\u00e3o amea\u00e7ados de extin\u00e7\u00e3o, de acordo com a \u201cLista Vermelha\u201d de esp\u00e9cies amea\u00e7adas da Uni\u00e3o Internacional para a Conserva\u00e7\u00e3o da Natureza (IUCN).<\/p>\n<p>J\u00e1 as girafas s\u00e3o alvo devido \u00e0 sua carne e sofrem com a degrada\u00e7\u00e3o de seu habitat devido \u00e0 extra\u00e7\u00e3o insustent\u00e1vel de madeira e ao aumento da demanda por terras agr\u00edcolas; estima-se que existam apenas cerca de 600 girafas da \u00c1frica Ocidental em estado selvagem.<\/p>\n<p>A ONU lembra ainda que bilh\u00f5es de pessoas, em na\u00e7\u00f5es desenvolvidas e em desenvolvimento, se beneficiam diariamente do uso de esp\u00e9cies selvagens para alimenta\u00e7\u00e3o, energia, materiais, rem\u00e9dios, recrea\u00e7\u00e3o, inspira\u00e7\u00e3o e muitas outras contribui\u00e7\u00f5es vitais para o bem-estar humano.<\/p>\n<p><em><span style=\"color: #808080;\">Com informa\u00e7\u00f5es da <a style=\"color: #808080;\" href=\"https:\/\/news.un.org\/\">ONU News<\/a><\/span><\/em><\/p>\n<p>&nbsp;<\/p>\n<h6 id=\"capa-imagem-por-wade-lamber-unsplash-com\">Capa: Imagem por Wade Lamber| <a href=\"http:\/\/Unsplash.com\" target=\"_blank\" rel=\"noopener\">Unsplash.com<\/a><\/h6>\n","protected":false},"excerpt":{"rendered":"ONU celebra a data enfatizando a import\u00e2ncia de parcerias para a conserva\u00e7\u00e3o&hellip;\n","protected":false},"author":19,"featured_media":3760,"comment_status":"open","ping_status":"open","sticky":false,"template":"","format":"standard","meta":[],"categories":[1,2],"tags":[],"acf":[],"_links":{"self":[{"href":"https:\/\/revistacienciaecultura.org.br\/index.php?rest_route=\/wp\/v2\/posts\/3759"}],"collection":[{"href":"https:\/\/revistacienciaecultura.org.br\/index.php?rest_route=\/wp\/v2\/posts"}],"about":[{"href":"https:\/\/revistacienciaecultura.org.br\/index.php?rest_route=\/wp\/v2\/types\/post"}],"author":[{"embeddable":true,"href":"https:\/\/revistacienciaecultura.org.br\/index.php?rest_route=\/wp\/v2\/users\/19"}],"replies":[{"embeddable":true,"href":"https:\/\/revistacienciaecultura.org.br\/index.php?rest_route=%2Fwp%2Fv2%2Fcomments&post=3759"}],"version-history":[{"count":1,"href":"https:\/\/revistacienciaecultura.org.br\/index.php?rest_route=\/wp\/v2\/posts\/3759\/revisions"}],"predecessor-version":[{"id":3761,"href":"https:\/\/revistacienciaecultura.org.br\/index.php?rest_route=\/wp\/v2\/posts\/3759\/revisions\/3761"}],"wp:featuredmedia":[{"embeddable":true,"href":"https:\/\/revistacienciaecultura.org.br\/index.php?rest_route=\/wp\/v2\/media\/3760"}],"wp:attachment":[{"href":"https:\/\/revistacienciaecultura.org.br\/index.php?rest_route=%2Fwp%2Fv2%2Fmedia&parent=3759"}],"wp:term":[{"taxonomy":"category","embeddable":true,"href":"https:\/\/revistacienciaecultura.org.br\/index.php?rest_route=%2Fwp%2Fv2%2Fcategories&post=3759"},{"taxonomy":"post_tag","embeddable":true,"href":"https:\/\/revistacienciaecultura.org.br\/index.php?rest_route=%2Fwp%2Fv2%2Ftags&post=3759"}],"curies":[{"name":"wp","href":"https:\/\/api.w.org\/{rel}","templated":true}]}}