{"id":3764,"date":"2023-03-08T07:30:11","date_gmt":"2023-03-08T07:30:11","guid":{"rendered":"https:\/\/revistacienciaecultura.org.br\/?p=3764"},"modified":"2023-03-07T20:08:02","modified_gmt":"2023-03-07T20:08:02","slug":"dia-das-mulheres-inovacao-e-tecnologia-para-igualdade-de-genero","status":"publish","type":"post","link":"https:\/\/revistacienciaecultura.org.br\/?p=3764","title":{"rendered":"Dia das Mulheres: Inova\u00e7\u00e3o e tecnologia para igualdade de g\u00eanero"},"content":{"rendered":"<h4 id=\"onu-enfatiza-poder-das-ferramentas-digitais-para-empoderamento-de-mulheres-e-meninas\"><span style=\"color: #808080;\">ONU enfatiza poder das ferramentas digitais para empoderamento de mulheres e meninas<\/span><\/h4>\n<p>&nbsp;<\/p>\n<p>A tecnologia digital est\u00e1 abrindo novas portas para o empoderamento global de mulheres, meninas e grupos marginalizados. Da aprendizagem digital sens\u00edvel ao g\u00eanero \u00e0 sa\u00fade sexual e reprodutiva facilitada pela tecnologia, as ferramentas digitais s\u00e3o instrumentos poderosos no combate \u00e0 desigualdade. Por isso, no Dia Internacional das Mulheres, a Organiza\u00e7\u00e3o das Na\u00e7\u00f5es Unidas (ONU) enfatiza a inova\u00e7\u00e3o e tecnologia para alcan\u00e7ar a igualdade de g\u00eanero e o empoderamento de mulheres e meninas.<\/p>\n<p>Incluir as mulheres e outros grupos marginalizados para o setor tecnol\u00f3gico resulta em solu\u00e7\u00f5es mais criativas e aumento o potencial para inova\u00e7\u00f5es que atendam \u00e0s necessidades das mulheres e promovam a igualdade de g\u00eanero. Por outro lado, deixar esses grupos de fora tem custos enormes: de acordo com o relat\u00f3rio da ONU Mulheres <strong><span style=\"color: #800000;\"><a style=\"color: #800000;\" href=\"https:\/\/www.unwomen.org\/sites\/default\/files\/2022-09\/Progress-on-the-sustainable-development-goals-the-gender-snapshot-2022-en_0.pdf\">Gender Snapshot 2022, <\/a><\/span><\/strong> a exclus\u00e3o das mulheres do mundo digital eliminou US$ 1 trilh\u00e3o do produto interno bruto de pa\u00edses de baixa e m\u00e9dia renda na \u00faltima d\u00e9cada.<\/p>\n<p>&nbsp;<\/p>\n<h4 id=\"preconceito-e-violencia\"><strong>Preconceito e viol\u00eancia<\/strong><\/h4>\n<p>Essas n\u00e3o s\u00e3o as \u00fanicas consequ\u00eancias: atualmente, apenas 22% dos profissionais nas \u00e1reas de intelig\u00eancia artificial (IA) e ci\u00eancia de dados s\u00e3o mulheres. Isso traz resultados dr\u00e1sticos em um \u00e1reas em pleno crescimento: uma <span style=\"color: #800000;\"><strong><a style=\"color: #800000;\" href=\"https:\/\/ssir.org\/articles\/entry\/when_good_algorithms_go_sexist_why_and_how_to_advance_ai_gender_equity\">an\u00e1lise global<\/a> <\/strong><\/span>de 133 sistemas de IA apontou que 44,2% deles demonstram preconceito de g\u00eanero. Esse \u00e9 o efeito pr\u00e1tico da falta de diversidade.<\/p>\n<p>As mulheres tamb\u00e9m enfrentam um ambiente digital hostil. Uma pesquisa da Unesco com mulheres jornalistas de 125 pa\u00edses constatou que tr\u00eas quartos sofreram viol\u00eancia online durante seu trabalho A viol\u00eancia online contra mulheres jornalistas &#8220;oscila entre ataques em grande escala, ou amea\u00e7as extremas em um dado momento&#8221;, e agress\u00f5es &#8220;constantes de um n\u00edvel inferior&#8221;, nas redes sociais<\/p>\n<p>&nbsp;<\/p>\n<h4 id=\"futuro\"><strong>Futuro<\/strong><\/h4>\n<p>No entanto, ainda h\u00e1 uma lacuna significativa de acesso a ser superada: tr\u00eas bilh\u00f5es de pessoas permanecem desconectadas da Internet, a maioria das quais s\u00e3o mulheres e meninas. O futuro da tecnologia n\u00e3o deve ser um futuro de desigualdade \u2013 nem de viol\u00eancia e abuso. O ativismo digital e movimentos como #MeToo demonstraram o poder da a\u00e7\u00e3o digital coletiva e da sociedade civil para promover mudan\u00e7as e aumentar a responsabilidade pelas viola\u00e7\u00f5es de direitos.<\/p>\n<p>\u00c9 preciso investir em educa\u00e7\u00e3o digital, cient\u00edfica e tecnol\u00f3gica para meninas e mulheres de maneiras novas e ousadas que promovam sua qualifica\u00e7\u00e3o total para empregos e lideran\u00e7a no s\u00e9culo 21 em todas as \u00e1reas da vida em um mundo cada vez mais digital.<\/p>\n<p><span style=\"color: #808080;\"><em>Com informa\u00e7\u00f5es da <a style=\"color: #808080;\" href=\"https:\/\/www.unwomen.org\/\">ONU Mulheres<\/a><\/em><\/span><\/p>\n<p>&nbsp;<\/p>\n<h6 id=\"imagem-christina-wocintechchat-com-unsplash-com\">Imagem: Christina @ wocintechchat.com | <a href=\"http:\/\/Unsplash.com\" target=\"_blank\" rel=\"noopener\">Unsplash.com<\/a><\/h6>\n","protected":false},"excerpt":{"rendered":"ONU enfatiza poder das ferramentas digitais para empoderamento de mulheres e meninas&hellip;\n","protected":false},"author":19,"featured_media":3765,"comment_status":"open","ping_status":"open","sticky":false,"template":"","format":"standard","meta":[],"categories":[1,2],"tags":[],"acf":[],"_links":{"self":[{"href":"https:\/\/revistacienciaecultura.org.br\/index.php?rest_route=\/wp\/v2\/posts\/3764"}],"collection":[{"href":"https:\/\/revistacienciaecultura.org.br\/index.php?rest_route=\/wp\/v2\/posts"}],"about":[{"href":"https:\/\/revistacienciaecultura.org.br\/index.php?rest_route=\/wp\/v2\/types\/post"}],"author":[{"embeddable":true,"href":"https:\/\/revistacienciaecultura.org.br\/index.php?rest_route=\/wp\/v2\/users\/19"}],"replies":[{"embeddable":true,"href":"https:\/\/revistacienciaecultura.org.br\/index.php?rest_route=%2Fwp%2Fv2%2Fcomments&post=3764"}],"version-history":[{"count":1,"href":"https:\/\/revistacienciaecultura.org.br\/index.php?rest_route=\/wp\/v2\/posts\/3764\/revisions"}],"predecessor-version":[{"id":3766,"href":"https:\/\/revistacienciaecultura.org.br\/index.php?rest_route=\/wp\/v2\/posts\/3764\/revisions\/3766"}],"wp:featuredmedia":[{"embeddable":true,"href":"https:\/\/revistacienciaecultura.org.br\/index.php?rest_route=\/wp\/v2\/media\/3765"}],"wp:attachment":[{"href":"https:\/\/revistacienciaecultura.org.br\/index.php?rest_route=%2Fwp%2Fv2%2Fmedia&parent=3764"}],"wp:term":[{"taxonomy":"category","embeddable":true,"href":"https:\/\/revistacienciaecultura.org.br\/index.php?rest_route=%2Fwp%2Fv2%2Fcategories&post=3764"},{"taxonomy":"post_tag","embeddable":true,"href":"https:\/\/revistacienciaecultura.org.br\/index.php?rest_route=%2Fwp%2Fv2%2Ftags&post=3764"}],"curies":[{"name":"wp","href":"https:\/\/api.w.org\/{rel}","templated":true}]}}