{"id":3767,"date":"2023-03-09T11:30:44","date_gmt":"2023-03-09T11:30:44","guid":{"rendered":"https:\/\/revistacienciaecultura.org.br\/?p=3767"},"modified":"2023-03-09T11:30:44","modified_gmt":"2023-03-09T11:30:44","slug":"leia-a-quarta-edicao-de-2022-da-ciencia-cultura-na-integra","status":"publish","type":"post","link":"https:\/\/revistacienciaecultura.org.br\/?p=3767","title":{"rendered":"Leia a quarta edi\u00e7\u00e3o de 2022 da Ci\u00eancia &#038; Cultura na \u00edntegra"},"content":{"rendered":"<div class=\"elementor-element elementor-element-7dabe140 elementor-widget elementor-widget-theme-post-title elementor-page-title elementor-widget-heading\" data-id=\"7dabe140\" data-element_type=\"widget\" data-widget_type=\"theme-post-title.default\">\n<h4 id=\"voce-pode-baixar-o-pdf-da-revista-ou-ler-a-edicao-em-flipbook-confira\" class=\"elementor-widget-container\"><span style=\"color: #808080; font-size: 1.5rem; font-family: -apple-system, BlinkMacSystemFont, 'Segoe UI', Roboto, 'Helvetica Neue', Arial, 'Noto Sans', sans-serif, 'Apple Color Emoji', 'Segoe UI Emoji', 'Segoe UI Symbol', 'Noto Color Emoji';\">Voc\u00ea pode baixar o PDF da revista ou ler a edi\u00e7\u00e3o em flipbook. Confira!<\/span><\/h4>\n<\/div>\n<div class=\"elementor-element elementor-element-60d946ea elementor-widget elementor-widget-theme-post-content\" data-id=\"60d946ea\" data-element_type=\"widget\" data-widget_type=\"theme-post-content.default\">\n<div class=\"elementor-widget-container\">\n<p>&nbsp;<\/p>\n<p>A quarta edi\u00e7\u00e3o de relan\u00e7amento da revista Ci\u00eancia &amp; Cultura \u2013 \u201c<span style=\"color: #800000;\"><strong><a style=\"color: #800000;\" href=\"https:\/\/revistacienciaecultura.org.br\/\">Ci\u00eancia e Vida<\/a><\/strong><\/span>\u201d \u2013 j\u00e1 est\u00e1 dispon\u00edvel para download em PDF ou para leitura online em flipbook.<\/p>\n<\/div>\n<div class=\"elementor-widget-container\">\n<p>Em 2022 a revista foi totalmente reformulada, tornando-se integralmente digital. Desta forma, pretende ampliar seu p\u00fablico e disponibilizar recursos diversos, como v\u00eddeos, podcasts e m\u00eddias sociais. O ve\u00edculo abordou temas como &#8220;<span style=\"color: #800000;\"><strong><a style=\"color: #800000;\" href=\"https:\/\/revistacienciaecultura.org.br\/?page_id=2735\" target=\"_blank\" rel=\"noopener\">Bicenten\u00e1rio da Independ\u00eancia &#8211; Povos e Lutas<\/a><\/strong><\/span>&#8220;, &#8220;<span style=\"color: #800000;\"><strong><a style=\"color: #800000;\" href=\"https:\/\/revistacienciaecultura.org.br\/?page_id=2753\" target=\"_blank\" rel=\"noopener\">A Semana de Arte Moderna e o S\u00e9culo Modernista &#8211; Extens\u00f5es<\/a><\/strong><\/span>&#8220;, e &#8220;<span style=\"color: #800000;\"><strong><a style=\"color: #800000;\" href=\"https:\/\/revistacienciaecultura.org.br\/?page_id=3225\" target=\"_blank\" rel=\"noopener\">200 anos de Ci\u00eancia e Tecnologia no Brasil<\/a><\/strong><\/span>&#8220;.<\/p>\n<p>A quarta edi\u00e7\u00e3o dessa nova fase da revista, que encerra o ciclo de 2022, aborda <span style=\"font-family: -apple-system, BlinkMacSystemFont, 'Segoe UI', Roboto, 'Helvetica Neue', Arial, 'Noto Sans', sans-serif, 'Apple Color Emoji', 'Segoe UI Emoji', 'Segoe UI Symbol', 'Noto Color Emoji';\">as v\u00e1rias maneiras como a ci\u00eancia e a tecnologia contribuem com diversos aspectos de nossa vida di\u00e1ria. <\/span>Seus textos discutem \u00e1reas como nanotecnologia e mudan\u00e7as clim\u00e1ticas, mas sem deixar de fora discuss\u00f5es sobre educa\u00e7\u00e3o, sa\u00fade, etnologia, cultura e o combate \u00e0 fome &#8211; e como a ci\u00eancia perpassa todos esses setores.<\/p>\n<p>Confira os artigos, textos de opini\u00e3o e reportagens na \u00edntegra!<\/p>\n<h4 id=\"clique-aqui-para-acessar-o-flipbook-e-ler-a-terceira-edicao-completa-da-revista\"><span id=\"\"><\/span><\/h4>\n<h4 id=\"clique-aqui-para-acessar-o-flipbook-e-ler-a-terceira-edicao-completa-da-revista\"><span id=\"clique-aqui-para-acessar-o-flipbook-e-ler-a-quarta-edicao-completa-da-revista\"><a href=\"https:\/\/heyzine.com\/flip-book\/84d86e7e75.html\" target=\"_blank\" rel=\"noopener\">Clique aqui para acessar o flipbook e ler a quarta edi\u00e7\u00e3o completa da revista:<\/a><\/span><\/h4>\n<p><a href=\"https:\/\/heyzine.com\/flip-book\/84d86e7e75.html\" target=\"_blank\" rel=\"noopener\"><img loading=\"lazy\" class=\"aligncenter wp-image-3768\" src=\"https:\/\/revistacienciaecultura.org.br\/wp-content\/uploads\/2023\/03\/Captura-de-Tela-2023-03-08-a\u0300s-16.54.05-212x300.png\" alt=\"\" width=\"283\" height=\"400\" srcset=\"https:\/\/revistacienciaecultura.org.br\/wp-content\/uploads\/2023\/03\/Captura-de-Tela-2023-03-08-a\u0300s-16.54.05-212x300.png 212w, https:\/\/revistacienciaecultura.org.br\/wp-content\/uploads\/2023\/03\/Captura-de-Tela-2023-03-08-a\u0300s-16.54.05-8x12.png 8w, https:\/\/revistacienciaecultura.org.br\/wp-content\/uploads\/2023\/03\/Captura-de-Tela-2023-03-08-a\u0300s-16.54.05.png 474w\" sizes=\"(max-width: 283px) 100vw, 283px\" \/><\/a><\/p>\n<\/div>\n<p>&nbsp;<\/p>\n<h4 id=\"clique-aqui-para-acessar-o-flipbook-e-ler-a-terceira-edicao-completa-da-revista\"><span id=\"clique-aqui-para-fazer-o-download-da-versao-em-pdf-e-ler-a-quarta-edicao-completa-da-revista\"><a href=\"https:\/\/drive.google.com\/file\/d\/1GhJiauUZsaqcCIXIC5mYf53ymTRPSAOn\/view?usp=sharing\" target=\"_blank\" rel=\"noopener\">Clique aqui para fazer o download da vers\u00e3o em PDF e ler a quarta edi\u00e7\u00e3o completa da revista:<\/a><\/span><\/h4>\n<p><a href=\"https:\/\/drive.google.com\/file\/d\/1GhJiauUZsaqcCIXIC5mYf53ymTRPSAOn\/view?usp=sharing\" target=\"_blank\" rel=\"noopener\"><img loading=\"lazy\" class=\"aligncenter wp-image-3768\" src=\"https:\/\/revistacienciaecultura.org.br\/wp-content\/uploads\/2023\/03\/Captura-de-Tela-2023-03-08-a\u0300s-16.54.05-212x300.png\" alt=\"\" width=\"283\" height=\"400\" srcset=\"https:\/\/revistacienciaecultura.org.br\/wp-content\/uploads\/2023\/03\/Captura-de-Tela-2023-03-08-a\u0300s-16.54.05-212x300.png 212w, https:\/\/revistacienciaecultura.org.br\/wp-content\/uploads\/2023\/03\/Captura-de-Tela-2023-03-08-a\u0300s-16.54.05-8x12.png 8w, https:\/\/revistacienciaecultura.org.br\/wp-content\/uploads\/2023\/03\/Captura-de-Tela-2023-03-08-a\u0300s-16.54.05.png 474w\" sizes=\"(max-width: 283px) 100vw, 283px\" \/><\/a><\/p>\n<\/div>\n","protected":false},"excerpt":{"rendered":"Voc\u00ea pode baixar o PDF da revista ou ler a edi\u00e7\u00e3o em&hellip;\n","protected":false},"author":19,"featured_media":3481,"comment_status":"open","ping_status":"open","sticky":false,"template":"","format":"standard","meta":[],"categories":[1,2],"tags":[],"acf":[],"_links":{"self":[{"href":"https:\/\/revistacienciaecultura.org.br\/index.php?rest_route=\/wp\/v2\/posts\/3767"}],"collection":[{"href":"https:\/\/revistacienciaecultura.org.br\/index.php?rest_route=\/wp\/v2\/posts"}],"about":[{"href":"https:\/\/revistacienciaecultura.org.br\/index.php?rest_route=\/wp\/v2\/types\/post"}],"author":[{"embeddable":true,"href":"https:\/\/revistacienciaecultura.org.br\/index.php?rest_route=\/wp\/v2\/users\/19"}],"replies":[{"embeddable":true,"href":"https:\/\/revistacienciaecultura.org.br\/index.php?rest_route=%2Fwp%2Fv2%2Fcomments&post=3767"}],"version-history":[{"count":3,"href":"https:\/\/revistacienciaecultura.org.br\/index.php?rest_route=\/wp\/v2\/posts\/3767\/revisions"}],"predecessor-version":[{"id":3771,"href":"https:\/\/revistacienciaecultura.org.br\/index.php?rest_route=\/wp\/v2\/posts\/3767\/revisions\/3771"}],"wp:featuredmedia":[{"embeddable":true,"href":"https:\/\/revistacienciaecultura.org.br\/index.php?rest_route=\/wp\/v2\/media\/3481"}],"wp:attachment":[{"href":"https:\/\/revistacienciaecultura.org.br\/index.php?rest_route=%2Fwp%2Fv2%2Fmedia&parent=3767"}],"wp:term":[{"taxonomy":"category","embeddable":true,"href":"https:\/\/revistacienciaecultura.org.br\/index.php?rest_route=%2Fwp%2Fv2%2Fcategories&post=3767"},{"taxonomy":"post_tag","embeddable":true,"href":"https:\/\/revistacienciaecultura.org.br\/index.php?rest_route=%2Fwp%2Fv2%2Ftags&post=3767"}],"curies":[{"name":"wp","href":"https:\/\/api.w.org\/{rel}","templated":true}]}}