{"id":3775,"date":"2023-03-14T10:42:34","date_gmt":"2023-03-14T10:42:34","guid":{"rendered":"https:\/\/revistacienciaecultura.org.br\/?p=3775"},"modified":"2023-03-22T17:29:51","modified_gmt":"2023-03-22T17:29:51","slug":"evento-online-discute-qual-a-universidade-que-o-brasil-precisa","status":"publish","type":"post","link":"https:\/\/revistacienciaecultura.org.br\/?p=3775","title":{"rendered":"Evento online discute qual a universidade que o Brasil precisa"},"content":{"rendered":"<h4 id=\"bate-papo-reune-especialistas-na-area-para-lancamento-da-primeira-edicao-do-ano-da-revista-ciencia-cultura\"><span style=\"color: #808080;\">Bate-papo re\u00fane especialistas na \u00e1rea para lan\u00e7amento da primeira edi\u00e7\u00e3o do ano da revista Ci\u00eancia &amp; Cultura <\/span><\/h4>\n<p>&nbsp;<\/p>\n<p>Qual a universidade que o Brasil precisa? A expans\u00e3o vivida pelas universidades p\u00fablicas brasileiras, com aumento do n\u00famero de vagas e cria\u00e7\u00e3o de novos campi e cursos, foi um passo importante para a democratiza\u00e7\u00e3o do ensino superior no pa\u00eds. Mas ainda falta um longo caminho a se percorrer. Para discutir o tema, a Sociedade Brasileira para o Progresso da Ci\u00eancia (SBPC) vai reunir especialistas na \u00e1rea em um bate-papo virtual. O evento ser\u00e1 realizado no dia 22 de mar\u00e7o a partir das 16h30 com transmiss\u00e3o pelo <span style=\"color: #800000;\"><strong><a style=\"color: #800000;\" href=\"http:\/\/www.youtube.com\/canalsbpc\">canal da SBPC no YouTube<\/a><\/strong><\/span>. O bate-papo marca o lan\u00e7amento da primeira edi\u00e7\u00e3o de 2023 da revista <span style=\"color: #800000;\"><strong><a style=\"color: #800000;\" href=\"https:\/\/revistacienciaecultura.org.br\/\">Ci\u00eancia &amp; Cultura<\/a><\/strong><\/span>, que tem como tema \u201cUniversidade do Futuro no Brasil\u201d.<\/p>\n<p>Participar\u00e3o do evento Joaze Bernardino Costa, professor do Departamento de Sociologia da Universidade de Bras\u00edlia (UnB), Malvina Tuttman, professora do Centro de Ci\u00eancias Humanas e Sociais (CCH) da Universidade Federal do Estado do Rio de Janeiro (Unirio) e Fernanda Sobral, professora em\u00e9rita do Instituto de Ci\u00eancias Sociais da UnB e vice-presidente da SBPC. O evento ser\u00e1 moderado por Naomar de Almeida Filho, professor do Instituto de Sa\u00fade Coletiva da Universidade Federal da Bahia (UFBA) e professor visitante no Instituto de Estudos Avan\u00e7ados da Universidade de S\u00e3o Paulo (USP), onde ocupa a C\u00e1tedra Alfredo Bosi de Educa\u00e7\u00e3o B\u00e1sica, e Soraya S. Smaili, professora do Departamento de Farmacologia da Escola Paulista de Medicina da Universidade Federal de S\u00e3o Paulo (Unifesp) e coordenadora do Centro de Estudos Sociedade Universidade e Ci\u00eancia (SoU_Ci\u00eancia). Almeida Filho e Smaili tamb\u00e9m s\u00e3o os editores cient\u00edficos desta edi\u00e7\u00e3o da <span style=\"color: #800000;\"><strong><a style=\"color: #800000;\" href=\"https:\/\/revistacienciaecultura.org.br\/\">Ci\u00eancia &amp; Cultura<\/a><\/strong><\/span>.<\/p>\n<p>O evento debater\u00e1 temas como pol\u00edticas afirmativas e a democratiza\u00e7\u00e3o do acesso e perman\u00eancia na universidade, planejamento curricular e avalia\u00e7\u00e3o educacional, universidade do futuro, e di\u00e1logo permanente com a sociedade. Confira o bate-papo <span style=\"color: #800000;\"><strong><a style=\"color: #800000;\" href=\"http:\/\/www.youtube.com\/canalsbpc\">canal da SBPC no YouTube<\/a><\/strong><\/span>!<\/p>\n<p>&nbsp;<\/p>\n<h6 id=\"capa-imagem-por-freepik-com\">Capa: Imagem por<a href=\"https:\/\/br.freepik.com\/fotos-gratis\/grupo-de-jovens-sentados-juntos-na-conferencia_9341662.htm#page=2&amp;query=college%20class&amp;position=35&amp;from_view=search&amp;track=ais\" target=\"_blank\" rel=\"noopener\"> Freepik.com<\/a><\/h6>\n","protected":false},"excerpt":{"rendered":"Bate-papo re\u00fane especialistas na \u00e1rea para lan\u00e7amento da primeira edi\u00e7\u00e3o do ano&hellip;\n","protected":false},"author":19,"featured_media":3776,"comment_status":"open","ping_status":"open","sticky":false,"template":"","format":"standard","meta":[],"categories":[1,2],"tags":[],"acf":[],"_links":{"self":[{"href":"https:\/\/revistacienciaecultura.org.br\/index.php?rest_route=\/wp\/v2\/posts\/3775"}],"collection":[{"href":"https:\/\/revistacienciaecultura.org.br\/index.php?rest_route=\/wp\/v2\/posts"}],"about":[{"href":"https:\/\/revistacienciaecultura.org.br\/index.php?rest_route=\/wp\/v2\/types\/post"}],"author":[{"embeddable":true,"href":"https:\/\/revistacienciaecultura.org.br\/index.php?rest_route=\/wp\/v2\/users\/19"}],"replies":[{"embeddable":true,"href":"https:\/\/revistacienciaecultura.org.br\/index.php?rest_route=%2Fwp%2Fv2%2Fcomments&post=3775"}],"version-history":[{"count":2,"href":"https:\/\/revistacienciaecultura.org.br\/index.php?rest_route=\/wp\/v2\/posts\/3775\/revisions"}],"predecessor-version":[{"id":3873,"href":"https:\/\/revistacienciaecultura.org.br\/index.php?rest_route=\/wp\/v2\/posts\/3775\/revisions\/3873"}],"wp:featuredmedia":[{"embeddable":true,"href":"https:\/\/revistacienciaecultura.org.br\/index.php?rest_route=\/wp\/v2\/media\/3776"}],"wp:attachment":[{"href":"https:\/\/revistacienciaecultura.org.br\/index.php?rest_route=%2Fwp%2Fv2%2Fmedia&parent=3775"}],"wp:term":[{"taxonomy":"category","embeddable":true,"href":"https:\/\/revistacienciaecultura.org.br\/index.php?rest_route=%2Fwp%2Fv2%2Fcategories&post=3775"},{"taxonomy":"post_tag","embeddable":true,"href":"https:\/\/revistacienciaecultura.org.br\/index.php?rest_route=%2Fwp%2Fv2%2Ftags&post=3775"}],"curies":[{"name":"wp","href":"https:\/\/api.w.org\/{rel}","templated":true}]}}