{"id":3778,"date":"2023-03-15T10:41:01","date_gmt":"2023-03-15T10:41:01","guid":{"rendered":"https:\/\/revistacienciaecultura.org.br\/?p=3778"},"modified":"2023-03-15T10:41:01","modified_gmt":"2023-03-15T10:41:01","slug":"inscreva-se-na-75a-reuniao-anual-da-sbpc-4","status":"publish","type":"post","link":"https:\/\/revistacienciaecultura.org.br\/?p=3778","title":{"rendered":"Inscreva-se na 75\u00aa Reuni\u00e3o Anual da SBPC"},"content":{"rendered":"<h4 id=\"com-o-tema-ciencia-e-democracia-para-um-brasil-justo-e-desenvolvido-o-evento-sera-realizado-de-23-a-29-de-julho-de-2023-na-universidade-federal-do-parana-ufpr-em-curitiba\"><span style=\"color: #808080;\">Com o tema \u201cCi\u00eancia e democracia para um Brasil justo e desenvolvido\u201d, o evento ser\u00e1 realizado de 23 a 29 de julho de 2023 na Universidade Federal do Paran\u00e1 (UFPR), em Curitiba<\/span><\/h4>\n<p>&nbsp;<\/p>\n<p>As inscri\u00e7\u00f5es para a 75\u00aa edi\u00e7\u00e3o da Reuni\u00e3o Anual da Sociedade Brasileira para o Progresso da Ci\u00eancia (SBPC) est\u00e3o abertas. Com o tema \u201cCi\u00eancia e democracia para um Brasil justo e desenvolvido\u201d, o evento ser\u00e1 realizado de 23 a 29 de julho de 2023, na Universidade Federal do Paran\u00e1 (UFPR), em Curitiba. As inscri\u00e7\u00f5es podem ser feitas at\u00e9 o dia 13 de julho.<\/p>\n<p>As atividades da Reuni\u00e3o Anual, como confer\u00eancias, mesas-redondas, pain\u00e9is, atividades culturais, exposi\u00e7\u00f5es e atividades para estudantes do ensino b\u00e1sico e\/ou t\u00e9cnico, s\u00e3o de acesso livre e gratuito. Mas se voc\u00ea pretende submeter um trabalho para a Sess\u00e3o de P\u00f4steres, ou obter o certificado online de participa\u00e7\u00e3o geral (sem carga hor\u00e1ria e sem descri\u00e7\u00e3o das atividades), mediante credenciamento no evento, ou tamb\u00e9m se desejar receber o material da RA (programa\u00e7\u00e3o impressa, bolsa e crach\u00e1) ou matricular-se nos webminicursos, \u00e9 preciso fazer sua inscri\u00e7\u00e3o no evento.<\/p>\n<p>O valor da inscri\u00e7\u00e3o varia de R$ 40,00 a R$ 300,00, dependendo da categoria do inscrito. Quem desejar submeter trabalhos para a Sess\u00e3o de P\u00f4steres, o prazo \u00e9 dia 27 de mar\u00e7o, ou enquanto houver vagas.<\/p>\n<p>Podem ser submetidos trabalhos em todas as \u00e1reas do conhecimento, por estudantes de gradua\u00e7\u00e3o ou p\u00f3s-gradua\u00e7\u00e3o, docentes de Ensino Superior, pesquisadores e outros profissionais, estudantes e professores da Educa\u00e7\u00e3o B\u00e1sica ou Ensino Profissionalizante. Para saber mais sobre o processo de submiss\u00e3o, acesse o site da\u00a0<span style=\"color: #800000;\"><strong><a style=\"color: #800000;\" href=\"https:\/\/ra.sbpcnet.org.br\/75RA\/inscricao-e-envio-de-resumo\/\" target=\"_blank\" rel=\"noopener\">75\u00aa Reuni\u00e3o Anual<\/a><\/strong><\/span>.<\/p>\n<p><a href=\"https:\/\/ra.sbpcnet.org.br\/75RA\/\" target=\"_blank\" rel=\"noopener\"><strong><span style=\"color: #800000;\">Todas as informa\u00e7\u00f5es est\u00e3o dispon\u00edveis no site do evento.<\/span><\/strong><\/a><\/p>\n<p>Seguindo o tema central da 75\u00aa Reuni\u00e3o Anual, a Comiss\u00e3o de Programa\u00e7\u00e3o Cient\u00edfica j\u00e1 definiu os t\u00f3picos que ser\u00e3o discutidos nas confer\u00eancias, pain\u00e9is e mesas-redondas. Entre os assuntos a serem abordados est\u00e3o as \u201cMudan\u00e7as clim\u00e1ticas e a descarboniza\u00e7\u00e3o da economia\u201d; \u201cRiscos clim\u00e1ticos em \u00e1reas urbanas\u201d; \u201cConstru\u00e7\u00e3o de institui\u00e7\u00f5es\u00a0 e cultura pol\u00edtica democr\u00e1ticas\u201d; \u201cDireito \u00e0 educa\u00e7\u00e3o: melhoras no processo de ensino-aprendizagem na educa\u00e7\u00e3o b\u00e1sica\u201d; \u201cDesafios e mudan\u00e7as no ensino superior\u201d; \u201cCultura: preserva\u00e7\u00e3o, cria\u00e7\u00e3o e acesso\u201d; \u201cCi\u00eancia B\u00e1sica e os 17 ODS (Objetivos de Desenvolvimento Sustent\u00e1vel)\u201d; \u201cInclus\u00e3o social e diferentes dimens\u00f5es das desigualdades\u201d; \u201cFome\u201d; \u201cDesafios para infraestrutura de pesquisa em todas as \u00e1reas\u201d; e \u201cDesarmamento da popula\u00e7\u00e3o\u201d, al\u00e9m de outros que podem ser propostos.<\/p>\n<p>Cl\u00e1udia Linhares Sales, secret\u00e1ria-geral da SBPC e coordenadora-geral do evento, afirma que assuntos escolhidos s\u00e3o essenciais para a retomada do desenvolvimento do Pa\u00eds. \u201cAl\u00e9m de debatermos temas como a preserva\u00e7\u00e3o dos biomas e biodiversidade, a constru\u00e7\u00e3o de um sistema energ\u00e9tico sustent\u00e1vel e sa\u00fade, por exemplo, vamos tamb\u00e9m tratar de assuntos relacionados \u00e0 educa\u00e7\u00e3o e democracia, que s\u00e3o elementos importantes neste momento\u201d, comenta.<\/p>\n<p>A secret\u00e1ria-geral da SBPC afirma ainda que h\u00e1 uma grande expectativa para a realiza\u00e7\u00e3o da 75\u00aa edi\u00e7\u00e3o, porque o evento ser\u00e1 realizado no primeiro ano de um novo governo que deve ser de reconstru\u00e7\u00e3o para diversas \u00e1reas, dentre elas, ci\u00eancia, tecnologia e inova\u00e7\u00e3o, meio ambiente, direitos humanos, al\u00e9m do restabelecimento da democracia, das institui\u00e7\u00f5es e do Estado laico.\u00a0 \u201c\u00c9 com grande expectativa que aguardamos a realiza\u00e7\u00e3o desse evento, que deve introduzir muitas dessas pautas. Vamos tentar trazer palestrantes e conferencistas que consigam apontar caminhos que a sociedade deve tomar para que a gente consiga superar rapidamente os danos sofridos nestes \u00faltimos anos. E, ao mesmo tempo, a Reuni\u00e3o Anual dever\u00e1 trazer, como \u00e9 de costume, grandes novidades em CT&amp;I, educa\u00e7\u00e3o, entre outros assuntos para pensarmos o futuro\u201d, comenta.<\/p>\n<p>&nbsp;<\/p>\n<h4 id=\"a-reuniao-anual\"><strong>A Reuni\u00e3o Anual<\/strong><\/h4>\n<p>Criada em 1948, a SBPC \u00e9 uma entidade voltada \u00e0 defesa do avan\u00e7o cient\u00edfico e tecnol\u00f3gico e do desenvolvimento educacional e cultural do Brasil.<\/p>\n<p>A cada ano, a Reuni\u00e3o Anual da SBPC \u00e9 realizada em um estado brasileiro, sempre em universidade p\u00fablica. O evento re\u00fane milhares de pessoas \u2013 cientistas, professores e estudantes de todos os n\u00edveis, profissionais liberais e visitantes. Al\u00e9m de autoridades e gestores, formuladores de pol\u00edticas p\u00fablicas para ci\u00eancia e tecnologia no Pa\u00eds.<\/p>\n<p>As reuni\u00f5es anuais da SBPC t\u00eam, concomitantemente, os objetivos de debater pol\u00edticas p\u00fablicas nas \u00e1reas de Ci\u00eancia, Tecnologia, Inova\u00e7\u00e3o e Educa\u00e7\u00e3o e de difundir os avan\u00e7os da Ci\u00eancia nas diversas \u00e1reas do conhecimento para toda a popula\u00e7\u00e3o.<\/p>\n<p>Para mais informa\u00e7\u00f5es:\u00a0<span style=\"color: #800000;\"><strong><a style=\"color: #800000;\" href=\"https:\/\/ra.sbpcnet.org.br\/75RA\/\" target=\"_blank\" rel=\"noopener\">https:\/\/ra.sbpcnet.org.br\/75RA\/<\/a><\/strong><\/span><\/p>\n<p><span style=\"color: #808080;\"><a style=\"color: #808080;\" href=\"http:\/\/www.jornaldaciencia.org.br\/\" target=\"_blank\" rel=\"noopener\"><em>Jornal da Ci\u00eancia<\/em><\/a><\/span><\/p>\n","protected":false},"excerpt":{"rendered":"Com o tema \u201cCi\u00eancia e democracia para um Brasil justo e desenvolvido\u201d,&hellip;\n","protected":false},"author":19,"featured_media":3467,"comment_status":"open","ping_status":"open","sticky":false,"template":"","format":"standard","meta":[],"categories":[1,2],"tags":[],"acf":[],"_links":{"self":[{"href":"https:\/\/revistacienciaecultura.org.br\/index.php?rest_route=\/wp\/v2\/posts\/3778"}],"collection":[{"href":"https:\/\/revistacienciaecultura.org.br\/index.php?rest_route=\/wp\/v2\/posts"}],"about":[{"href":"https:\/\/revistacienciaecultura.org.br\/index.php?rest_route=\/wp\/v2\/types\/post"}],"author":[{"embeddable":true,"href":"https:\/\/revistacienciaecultura.org.br\/index.php?rest_route=\/wp\/v2\/users\/19"}],"replies":[{"embeddable":true,"href":"https:\/\/revistacienciaecultura.org.br\/index.php?rest_route=%2Fwp%2Fv2%2Fcomments&post=3778"}],"version-history":[{"count":2,"href":"https:\/\/revistacienciaecultura.org.br\/index.php?rest_route=\/wp\/v2\/posts\/3778\/revisions"}],"predecessor-version":[{"id":3780,"href":"https:\/\/revistacienciaecultura.org.br\/index.php?rest_route=\/wp\/v2\/posts\/3778\/revisions\/3780"}],"wp:featuredmedia":[{"embeddable":true,"href":"https:\/\/revistacienciaecultura.org.br\/index.php?rest_route=\/wp\/v2\/media\/3467"}],"wp:attachment":[{"href":"https:\/\/revistacienciaecultura.org.br\/index.php?rest_route=%2Fwp%2Fv2%2Fmedia&parent=3778"}],"wp:term":[{"taxonomy":"category","embeddable":true,"href":"https:\/\/revistacienciaecultura.org.br\/index.php?rest_route=%2Fwp%2Fv2%2Fcategories&post=3778"},{"taxonomy":"post_tag","embeddable":true,"href":"https:\/\/revistacienciaecultura.org.br\/index.php?rest_route=%2Fwp%2Fv2%2Ftags&post=3778"}],"curies":[{"name":"wp","href":"https:\/\/api.w.org\/{rel}","templated":true}]}}