{"id":3784,"date":"2023-03-16T10:57:02","date_gmt":"2023-03-16T10:57:02","guid":{"rendered":"https:\/\/revistacienciaecultura.org.br\/?p=3784"},"modified":"2023-03-16T10:57:02","modified_gmt":"2023-03-16T10:57:02","slug":"divisao-digital-reforca-discriminacao-contra-mulheres","status":"publish","type":"post","link":"https:\/\/revistacienciaecultura.org.br\/?p=3784","title":{"rendered":"Divis\u00e3o digital refor\u00e7a discrimina\u00e7\u00e3o contra mulheres"},"content":{"rendered":"<h4 id=\"segundo-onu-novas-tecnologias-dominadas-por-homens-potencializam-a-desigualdade-de-genero\"><span style=\"color: #808080;\">Segundo ONU, novas tecnologias dominadas por homens potencializam a desigualdade de g\u00eanero<\/span><\/h4>\n<p>&nbsp;<\/p>\n<p>As tecnologias digitais se tornaram uma nova fonte de discrimina\u00e7\u00e3o contra o sexo feminino. Isso \u00e9 o que afirmou Ant\u00f3nio Guterres, secret\u00e1rio-geral da Organiza\u00e7\u00e3o das Na\u00e7\u00f5es Unidas (ONU), em reuni\u00e3o com representantes da sociedade civil durante a Comiss\u00e3o da ONU sobre o Estatuto da Mulher (<span style=\"color: #800000;\"><strong><em><a style=\"color: #800000;\" href=\"https:\/\/www.unwomen.org\/en\/csw\">Comission on The Status of Women &#8211; CSW<\/a><\/em><\/strong><\/span>). Na ocasi\u00e3o, o l\u00edder das Na\u00e7\u00f5es Unidas afirmou que o progresso nos direitos de mulheres e meninas estagnou e est\u00e1 retrocedendo.<\/p>\n<p>O secret\u00e1rio apontou que a domina\u00e7\u00e3o masculina sobre novas ferramentas como algoritmos e intelig\u00eancia artificial est\u00e1 desfazendo d\u00e9cadas de progresso nos direitos das mulheres e ampliando a misoginia. Para reverter esse quadro, a ONU lan\u00e7ou durante o evento um relat\u00f3rio sobre tecnologia, inova\u00e7\u00e3o e equidade de g\u00eanero.<\/p>\n<p>Uma\u00a0<strong><span style=\"color: #800000;\"><a style=\"color: #800000;\" href=\"https:\/\/ssir.org\/articles\/entry\/when_good_algorithms_go_sexist_why_and_how_to_advance_ai_gender_equity\">an\u00e1lise global<\/a><\/span>\u00a0<\/strong>de 133 sistemas de IA apontou que 44,2% deles demonstram preconceito de g\u00eanero. Esse \u00e9 o efeito pr\u00e1tico da falta de diversidade. As mulheres tamb\u00e9m enfrentam um ambiente digital hostil. Uma pesquisa da Unesco com mulheres jornalistas de 125 pa\u00edses constatou que tr\u00eas quartos sofreram viol\u00eancia online durante seu trabalho.<\/p>\n<p>As recomenda\u00e7\u00f5es do documento incluem educa\u00e7\u00e3o e treinamento para que as mulheres dominem as novas tecnologias digitais. O relat\u00f3rio prop\u00f5e tamb\u00e9m investimentos para superar a divis\u00e3o de g\u00eanero no meio digital e o desenvolvimento de algoritmos alinhados com os direitos humanos e com a equidade de g\u00eanero.<\/p>\n<p>&nbsp;<\/p>\n<h4 id=\"evento-global\"><strong>Evento global<\/strong><\/h4>\n<p>Criada em 1946, a Comiss\u00e3o sobre o Estatuto da Mulher \u00e9 o principal \u00f3rg\u00e3o intergovernamental global dedicado exclusivamente \u00e0 promo\u00e7\u00e3o da igualdade de g\u00eanero e ao empoderamento feminino. Centenas de pessoas participam em plen\u00e1rias ministeriais e eventos paralelos do que \u00e9 considerado o maior evento global de mulheres. Entre os representantes est\u00e3o delega\u00e7\u00f5es de Estados-membros, entidades da ONU e organiza\u00e7\u00f5es n\u00e3o-governamentais.<\/p>\n<p>Em 2023, o tema priorit\u00e1rio da CSW \u00e9 a inova\u00e7\u00e3o, mudan\u00e7a tecnol\u00f3gica e educa\u00e7\u00e3o na era digital para alcan\u00e7ar a igualdade de g\u00eanero e o empoderamento de todas as mulheres e meninas. Segundo a ONU Mulheres, nas taxas atuais, levar\u00e1 quase mais tr\u00eas s\u00e9culos para trazer igualdade para mulheres e meninas. Prejudicadas por desigualdades persistentes, cerca de 383 milh\u00f5es delas vivem em extrema pobreza. E a cada 11 minutos, uma mulher ou menina \u00e9 morta por algu\u00e9m de sua pr\u00f3pria fam\u00edlia.<\/p>\n<p>A 67\u00aa Sess\u00e3o da Comiss\u00e3o da ONU sobre o Estatuto da Mulher come\u00e7a nesta segunda-feira e vai at\u00e9 o dia 17 de mar\u00e7o.<\/p>\n<p><span style=\"color: #808080;\"><em>Com informa\u00e7\u00f5es da <a style=\"color: #808080;\" href=\"https:\/\/news.un.org\/\" target=\"_blank\" rel=\"noopener\">ONU News<\/a><\/em><\/span><\/p>\n<p>&nbsp;<\/p>\n<h6 id=\"christina-wocintechchat-com-unsplash-com\"><a class=\"N2odk RZQOk eziW_ cl4O9 KHq0c\" href=\"https:\/\/unsplash.com\/pt-br\/@wocintechchat\">Christina @ wocintechchat.com | Unsplash.com<\/a><\/h6>\n<div class=\"jl4QA\">\n<div>\n<div class=\"DZnkz\"><\/div>\n<\/div>\n<\/div>\n","protected":false},"excerpt":{"rendered":"Segundo ONU, novas tecnologias dominadas por homens potencializam a desigualdade de g\u00eanero&hellip;\n","protected":false},"author":19,"featured_media":3785,"comment_status":"open","ping_status":"open","sticky":false,"template":"","format":"standard","meta":[],"categories":[1,2],"tags":[],"acf":[],"_links":{"self":[{"href":"https:\/\/revistacienciaecultura.org.br\/index.php?rest_route=\/wp\/v2\/posts\/3784"}],"collection":[{"href":"https:\/\/revistacienciaecultura.org.br\/index.php?rest_route=\/wp\/v2\/posts"}],"about":[{"href":"https:\/\/revistacienciaecultura.org.br\/index.php?rest_route=\/wp\/v2\/types\/post"}],"author":[{"embeddable":true,"href":"https:\/\/revistacienciaecultura.org.br\/index.php?rest_route=\/wp\/v2\/users\/19"}],"replies":[{"embeddable":true,"href":"https:\/\/revistacienciaecultura.org.br\/index.php?rest_route=%2Fwp%2Fv2%2Fcomments&post=3784"}],"version-history":[{"count":1,"href":"https:\/\/revistacienciaecultura.org.br\/index.php?rest_route=\/wp\/v2\/posts\/3784\/revisions"}],"predecessor-version":[{"id":3786,"href":"https:\/\/revistacienciaecultura.org.br\/index.php?rest_route=\/wp\/v2\/posts\/3784\/revisions\/3786"}],"wp:featuredmedia":[{"embeddable":true,"href":"https:\/\/revistacienciaecultura.org.br\/index.php?rest_route=\/wp\/v2\/media\/3785"}],"wp:attachment":[{"href":"https:\/\/revistacienciaecultura.org.br\/index.php?rest_route=%2Fwp%2Fv2%2Fmedia&parent=3784"}],"wp:term":[{"taxonomy":"category","embeddable":true,"href":"https:\/\/revistacienciaecultura.org.br\/index.php?rest_route=%2Fwp%2Fv2%2Fcategories&post=3784"},{"taxonomy":"post_tag","embeddable":true,"href":"https:\/\/revistacienciaecultura.org.br\/index.php?rest_route=%2Fwp%2Fv2%2Ftags&post=3784"}],"curies":[{"name":"wp","href":"https:\/\/api.w.org\/{rel}","templated":true}]}}