{"id":3809,"date":"2023-03-22T08:00:24","date_gmt":"2023-03-22T08:00:24","guid":{"rendered":"https:\/\/revistacienciaecultura.org.br\/?p=3809"},"modified":"2023-03-21T19:29:21","modified_gmt":"2023-03-21T19:29:21","slug":"fuga-de-cerebros-como-o-brasil-pode-reter-seus-talentos","status":"publish","type":"post","link":"https:\/\/revistacienciaecultura.org.br\/?p=3809","title":{"rendered":"Fuga de c\u00e9rebros: como o Brasil pode reter seus talentos?"},"content":{"rendered":"<h4 id=\"evasao-de-cientistas-brasileiros-se-agravou-nos-ultimos-anos-como-reverter-esse-quadro\"><span style=\"color: #808080;\">Evas\u00e3o de cientistas brasileiros se agravou nos \u00faltimos anos. Como reverter esse quadro?<\/span><\/h4>\n<p>&nbsp;<\/p>\n<p>Falta de oportunidades, desvaloriza\u00e7\u00e3o profissional, cortes or\u00e7ament\u00e1rios&#8230; S\u00e3o v\u00e1rios os desafios enfrentados pelos cientistas brasileiros. Com um cen\u00e1rio agravado pela pandemia de covid-19 e um crescente negacionismo cient\u00edfico, cada vez mais pesquisadores acabaram deixando o pa\u00eds em busca de melhores oportunidades no exterior. O fen\u00f4meno, conhecido como fuga de c\u00e9rebros, n\u00e3o \u00e9 recente, mas tem se agravado nos \u00faltimos anos.<\/p>\n<p>A perda desses talentos traz consequ\u00eancia para todo o Brasil. Afinal, trata-se de profissionais altamente qualificados que poderiam contribuir para o desenvolvimento social, econ\u00f4mico e cient\u00edfico do pa\u00eds. Mas o que fazer para reter esses talentos? \u00c9 poss\u00edvel trazer esses profissionais de volta? O que o Brasil precisa fazer agora para evitar que o problema da evas\u00e3o de c\u00e9rebros se agrave nos pr\u00f3ximos anos?<\/p>\n<p>Para discutir essas e outras quest\u00f5es, convidamos os professores D\u00e9bora Foguel, do Instituto de Bioqu\u00edmica M\u00e9dica\u00a0da Universidade Federal do Rio de Janeiro (UFRJ) e coordenadora de Educa\u00e7\u00e3o da Rede Nacional de Ci\u00eancia para Educa\u00e7\u00e3o (Rede CpE);\u00a0Elizabeth Balbachevsky, do Departamento de Ci\u00eancia Pol\u00edtica da Universidade de S\u00e3o Paulo (USP) e vice-coordenadora do N\u00facleo de Pesquisa sobre Pol\u00edticas P\u00fablicas (NUPPs\/USP); e Olival Freire J\u00fanior, do Instituto de F\u00edsica da Universidade Federal da Bahia (UFBA) e novo diretor Cient\u00edfico do Conselho Nacional de Desenvolvimento Cient\u00edfico e Tecnol\u00f3gico (CNPq).<\/p>\n<p><strong>Ou\u00e7a no novo epis\u00f3dio do Ci\u00eancia &amp; Cultura Cast!<\/strong><\/p>\n<p><iframe title=\"Spotify Embed: Fuga de c\u00e9rebros: como o Brasil pode reter seus talentos?\" style=\"border-radius: 12px\" width=\"100%\" height=\"152\" frameborder=\"0\" allowfullscreen allow=\"autoplay; clipboard-write; encrypted-media; fullscreen; picture-in-picture\" loading=\"lazy\" src=\"https:\/\/open.spotify.com\/embed\/episode\/1zzw1bnz1fIBfgG9Hkj8Sn?si=6053f0354e81474b&#038;utm_source=oembed\"><\/iframe><\/p>\n","protected":false},"excerpt":{"rendered":"Evas\u00e3o de cientistas brasileiros se agravou nos \u00faltimos anos. Como reverter esse&hellip;\n","protected":false},"author":19,"featured_media":3811,"comment_status":"open","ping_status":"open","sticky":false,"template":"","format":"standard","meta":[],"categories":[4],"tags":[],"acf":[],"_links":{"self":[{"href":"https:\/\/revistacienciaecultura.org.br\/index.php?rest_route=\/wp\/v2\/posts\/3809"}],"collection":[{"href":"https:\/\/revistacienciaecultura.org.br\/index.php?rest_route=\/wp\/v2\/posts"}],"about":[{"href":"https:\/\/revistacienciaecultura.org.br\/index.php?rest_route=\/wp\/v2\/types\/post"}],"author":[{"embeddable":true,"href":"https:\/\/revistacienciaecultura.org.br\/index.php?rest_route=\/wp\/v2\/users\/19"}],"replies":[{"embeddable":true,"href":"https:\/\/revistacienciaecultura.org.br\/index.php?rest_route=%2Fwp%2Fv2%2Fcomments&post=3809"}],"version-history":[{"count":4,"href":"https:\/\/revistacienciaecultura.org.br\/index.php?rest_route=\/wp\/v2\/posts\/3809\/revisions"}],"predecessor-version":[{"id":3858,"href":"https:\/\/revistacienciaecultura.org.br\/index.php?rest_route=\/wp\/v2\/posts\/3809\/revisions\/3858"}],"wp:featuredmedia":[{"embeddable":true,"href":"https:\/\/revistacienciaecultura.org.br\/index.php?rest_route=\/wp\/v2\/media\/3811"}],"wp:attachment":[{"href":"https:\/\/revistacienciaecultura.org.br\/index.php?rest_route=%2Fwp%2Fv2%2Fmedia&parent=3809"}],"wp:term":[{"taxonomy":"category","embeddable":true,"href":"https:\/\/revistacienciaecultura.org.br\/index.php?rest_route=%2Fwp%2Fv2%2Fcategories&post=3809"},{"taxonomy":"post_tag","embeddable":true,"href":"https:\/\/revistacienciaecultura.org.br\/index.php?rest_route=%2Fwp%2Fv2%2Ftags&post=3809"}],"curies":[{"name":"wp","href":"https:\/\/api.w.org\/{rel}","templated":true}]}}