{"id":3816,"date":"2023-03-22T08:00:32","date_gmt":"2023-03-22T08:00:32","guid":{"rendered":"https:\/\/revistacienciaecultura.org.br\/?p=3816"},"modified":"2023-08-30T18:50:59","modified_gmt":"2023-08-30T18:50:59","slug":"universidade-do-futuro-no-brasil","status":"publish","type":"post","link":"https:\/\/revistacienciaecultura.org.br\/?p=3816","title":{"rendered":"Universidade do futuro no Brasil"},"content":{"rendered":"<h4 id=\"a-universidade-e-central-na-definicao-de-novos-rumos-para-a-sociedade-contemporanea\"><span style=\"color: #808080;\">A Universidade \u00e9 central na defini\u00e7\u00e3o de novos rumos para a sociedade contempor\u00e2nea<\/span><\/h4>\n<p>&nbsp;<\/p>\n<p>H\u00e1 s\u00e9culos, em todo o mundo, a Universidade tem sido reconhecida como a fonte das ci\u00eancias, a casa das palavras, o espa\u00e7o das culturas e o lugar do pensamento. O pensamento define a Universidade. Pensar, repensar, pensar-se. Pensar a Universidade, por dentro de si e para si mesma, \u00e9 fundamental, por\u00e9m pensar a universidade para e no contexto planet\u00e1rio \u00e9 urgente. Ao faz\u00ea-lo, temos uma oportunidade de dialogar com os governantes e com a Sociedade. Nada mais apropriado do que apresentar ideias, propostas, solu\u00e7\u00f5es e caminhos para as universidades brasileiras neste momento de nosso Pa\u00eds. Ao pensar suas ra\u00edzes hist\u00f3ricas, ao pensar mais amplamente, ao pensar \u00e0 frente do tempo, a Universidade se faz decisiva para o futuro da na\u00e7\u00e3o.<\/p>\n<p>A Sociedade Brasileira para o Progresso da Ci\u00eancia (SBPC) prop\u00f5e, para o primeiro n\u00famero da revista <strong>Ci\u00eancia &amp; Cultura<\/strong> de 2023, uma edi\u00e7\u00e3o tem\u00e1tica sobre a Universidade do Futuro. Esta edi\u00e7\u00e3o est\u00e1 composta por uma s\u00e9rie de artigos que abordar\u00e3o diversos aspectos do tema em profundidade; al\u00e9m de v\u00eddeos e podcasts com foco em quest\u00f5es atuais sobre o tema central; entrevistas com cientistas e pesquisadores, testemunhas e protagonistas desse momento; bem como reportagens e textos de opini\u00e3o, elaborados por especialistas a partir de textos escritos por jornalistas.<\/p>\n<p>Nos \u00faltimos anos, a educa\u00e7\u00e3o p\u00fablica, a ci\u00eancia e a pesquisa brasileiras sofreram agress\u00f5es intensas e cont\u00ednuas, patrocinadas principalmente pelo governo do ex-presidente Jair Bolsonaro. Muitas formas de ataque foram utilizadas, desde campanhas difamat\u00f3rias, inger\u00eancia na escolha de dirigentes, persegui\u00e7\u00e3o de docentes, al\u00e9m da profunda e arrasadora asfixia financeira. Dif\u00edcil imaginarmos como, diante desse cen\u00e1rio, foi poss\u00edvel sobreviver, resistir e ainda realizar grandes feitos durante essa pandemia que foi a maior crise sanit\u00e1ria de nossas gera\u00e7\u00f5es. Apesar da pandemia da covid-19 parecer distante agora, seus efeitos se encontram mais pr\u00f3ximos do que imaginamos, com as amea\u00e7as advindas das mudan\u00e7as clim\u00e1ticas. Nesse contexto, as universidades, especialmente aquelas do setor p\u00fablico, trouxeram contribui\u00e7\u00f5es centrais para a resolu\u00e7\u00e3o de problemas e para a prote\u00e7\u00e3o da popula\u00e7\u00e3o. Enfim, \u00e9 preciso jogar luz nos legados da pandemia, a partir do esfor\u00e7o das universidades que, inovadoras nas respostas e emancipat\u00f3rias nas conquistas sociais, certamente continuar\u00e3o com a produ\u00e7\u00e3o de conhecimento cient\u00edfico e tecnol\u00f3gico crucial para o enfrentamento de novos desafios de sa\u00fade da popula\u00e7\u00e3o.<\/p>\n<p>&nbsp;<\/p>\n<h4 id=\"as-universidades-especialmente-aquelas-do-setor-publico-trouxeram-contribuicoes-centrais-para-a-resolucao-de-problemas-e-para-a-protecao-da-populacao\" style=\"text-align: center;\"><span style=\"color: #800000;\"><em>\u201cAs universidades, especialmente aquelas do setor p\u00fablico, trouxeram contribui\u00e7\u00f5es centrais para a resolu\u00e7\u00e3o de problemas e para a prote\u00e7\u00e3o da popula\u00e7\u00e3o.\u201d<\/em><\/span><\/h4>\n<p>&nbsp;<\/p>\n<p>Vivemos na universidade uma pandemia, ao mesmo tempo em que sofremos uma enorme restri\u00e7\u00e3o de recursos. A Sociedade Brasileira respondeu com uma in\u00e9dita &#8220;onda pr\u00f3-ci\u00eancia&#8221;, com o reconhecimento de boa parte da popula\u00e7\u00e3o da import\u00e2ncia da Ci\u00eancia que salvou vidas. Al\u00e9m disso, assistimos \u00e0 afirma\u00e7\u00e3o do conhecimento baseado em evid\u00eancias hist\u00f3ricas e cient\u00edficas, posto que parcela significativa da popula\u00e7\u00e3o brasileira se recusou a aderir \u00e0s <em>fake news<\/em> e ao negacionismo cient\u00edfico. Nesse momento, as universidades ganharam grande destaque e popularidade. Por\u00e9m, a partir da ampla vacina\u00e7\u00e3o e do arrefecimento da pandemia, al\u00e9m de superadas as quest\u00f5es eleitorais de 2022, vemos agora que movimentos obscurantistas anti-ci\u00eancia parecem ganhar novos contornos, espa\u00e7os e adeptos, com investidas cada vez mais sofisticadas e elaboradas, aumentando muito o desafio das universidades e aos formuladores de pol\u00edticas p\u00fablicas em rela\u00e7\u00e3o ao futuro.<\/p>\n<p>O ano de 2023 surge com a esperan\u00e7a de reconstru\u00e7\u00e3o nacional, a partir da uni\u00e3o de esfor\u00e7os e da condu\u00e7\u00e3o pol\u00edtica para o retorno dos processos democr\u00e1ticos. O momento agora \u00e9 de redesenhar os sistemas de educa\u00e7\u00e3o e de pesquisa &amp; desenvolvimento, retomar sua expans\u00e3o e colaborar decisivamente no sentido de reconstruir e tamb\u00e9m de reinventar o Brasil, depois dos tr\u00e1gicos anos que vivemos. Sabemos que, para isso, precisaremos garantir processos pol\u00edticos estruturais, al\u00e9m de retomar pol\u00edticas p\u00fablicas que contemplem a Educa\u00e7\u00e3o e a Ci\u00eancia como \u00e1reas estrat\u00e9gicas para o Estado. Neste momento crucial, entra em cena a Universidade, inst\u00e2ncia formuladora de princ\u00edpios, defensora de valores e pensadora de futuros e, por tudo isso, central na defini\u00e7\u00e3o de novos rumos para a sociedade contempor\u00e2nea. Ao pensar no futuro, pensamos no aqui-agora, no que temos efetivamente na Universidade brasileira, uma capacidade instalada que est\u00e1 latente e que \u00e9 capaz de gerar o novo e dialogar com saberes transformadores do mundo.<\/p>\n<p>A partir deste 2023, ano de reconquista e reconstru\u00e7\u00e3o, poderemos resgatar e retomar o trabalho valioso de Darcy Ribeiro e de An\u00edsio Teixeira, que continuam atuais e, em muitos sentidos, orientadores e inspiradores. Para Darcy Ribeiro, o papel social da universidade se cumpriria quando ela sa\u00edsse de dentro dos seus muros, amplificasse a conex\u00e3o com a sociedade e contasse com instrumentos de comunica\u00e7\u00e3o de massa: r\u00e1dio, TV, setor editorial, imprensa e cinema (e hoje, certamente ele incluiria as diversas modalidades digitais). Ser\u00e1 que esse momento \u00e9 agora? Ou teremos que persistir lutando para construir um novo momento no futuro?<\/p>\n<p>&nbsp;<\/p>\n<h4 id=\"neste-momento-crucial-entra-em-cena-a-universidade-instancia-formuladora-de-principios-defensora-de-valores-e-pensadora-de-futuros-e-por-tudo-isso-central-na-definicao-de-novos-rumos-para\" style=\"text-align: center;\"><em><span style=\"color: #800000;\">\u201cNeste momento crucial entra em cena a Universidade, inst\u00e2ncia formuladora de princ\u00edpios, defensora de valores e pensadora de futuros e, por tudo isso, central na defini\u00e7\u00e3o de novos rumos para a sociedade contempor\u00e2nea.\u201d<\/span><\/em><\/h4>\n<p>&nbsp;<\/p>\n<p>Por tudo isso, ao pensarmos o tema dessa primeira <strong>Ci\u00eancia &amp; Cultura<\/strong> de 2023 e tamb\u00e9m a Universidade do Futuro no Brasil, precisamos falar mais da \u201cuniversidade necess\u00e1ria\u201d, em di\u00e1logo permanente com a sociedade, com os movimentos que dela prov\u00e9m, bem como com os desafios do \u201ctempo presente\u201d. A Universidade ser\u00e1 estrat\u00e9gica para a composi\u00e7\u00e3o de uma sociedade mais justa, solid\u00e1ria e sustent\u00e1vel, que ter\u00e1 como base o conhecimento cient\u00edfico e que enfrentar\u00e1 os desafios para a reconstru\u00e7\u00e3o de nossa Na\u00e7\u00e3o.<\/p>\n<p>&nbsp;<\/p>\n<h6 id=\"capa-a-universidade-e-decisiva-para-o-futuro-da-nacaofoto-cepsanu-ufjf-reproducao\"><strong>Capa. A Universidade \u00e9 decisiva para o futuro da na\u00e7\u00e3o<br \/>\n<\/strong>(Foto: cepsanu\/ UFJF. Reprodu\u00e7\u00e3o)<\/h6>\n<hr \/>\n<h6 id=\"smaili-soraya-s-e-almeida-filho-naomar-de-universidade-do-futuro-no-brasil-a-universidade-e-central-na-definicao-de-novos-rumos-para-a-sociedade-contemporanea-cienc-cult\"><span style=\"color: #808080;\"><em>SMAILI, Soraya S. \u00a0e\u00a0 ALMEIDA FILHO, Naomar de.<span class=\"article-title\">\u00a0Universidade do futuro no Brasil: a universidade \u00e9 central na defini\u00e7\u00e3o de novos rumos para a sociedade contempor\u00e2nea.<\/span>\u00a0Cienc. Cult.\u00a0[online]. 2023, vol.75, n.1 [citado\u00a0 2023-08-30], pp.01-03. Dispon\u00edvel em: &lt;http:\/\/cienciaecultura.bvs.br\/scielo.php?script=sci_arttext&amp;pid=S0009-67252023000100001&amp;lng=pt&amp;nrm=iso&gt;. ISSN 0009-6725.\u00a0 http:\/\/dx.doi.org\/10.5935\/2317-6660.20230001.<\/em><\/span><\/h6>\n","protected":false},"excerpt":{"rendered":"A Universidade \u00e9 central na defini\u00e7\u00e3o de novos rumos para a sociedade&hellip;\n","protected":false},"author":83,"featured_media":3817,"comment_status":"open","ping_status":"open","sticky":false,"template":"","format":"standard","meta":[],"categories":[52,21],"tags":[],"acf":[],"_links":{"self":[{"href":"https:\/\/revistacienciaecultura.org.br\/index.php?rest_route=\/wp\/v2\/posts\/3816"}],"collection":[{"href":"https:\/\/revistacienciaecultura.org.br\/index.php?rest_route=\/wp\/v2\/posts"}],"about":[{"href":"https:\/\/revistacienciaecultura.org.br\/index.php?rest_route=\/wp\/v2\/types\/post"}],"author":[{"embeddable":true,"href":"https:\/\/revistacienciaecultura.org.br\/index.php?rest_route=\/wp\/v2\/users\/83"}],"replies":[{"embeddable":true,"href":"https:\/\/revistacienciaecultura.org.br\/index.php?rest_route=%2Fwp%2Fv2%2Fcomments&post=3816"}],"version-history":[{"count":5,"href":"https:\/\/revistacienciaecultura.org.br\/index.php?rest_route=\/wp\/v2\/posts\/3816\/revisions"}],"predecessor-version":[{"id":4635,"href":"https:\/\/revistacienciaecultura.org.br\/index.php?rest_route=\/wp\/v2\/posts\/3816\/revisions\/4635"}],"wp:featuredmedia":[{"embeddable":true,"href":"https:\/\/revistacienciaecultura.org.br\/index.php?rest_route=\/wp\/v2\/media\/3817"}],"wp:attachment":[{"href":"https:\/\/revistacienciaecultura.org.br\/index.php?rest_route=%2Fwp%2Fv2%2Fmedia&parent=3816"}],"wp:term":[{"taxonomy":"category","embeddable":true,"href":"https:\/\/revistacienciaecultura.org.br\/index.php?rest_route=%2Fwp%2Fv2%2Fcategories&post=3816"},{"taxonomy":"post_tag","embeddable":true,"href":"https:\/\/revistacienciaecultura.org.br\/index.php?rest_route=%2Fwp%2Fv2%2Ftags&post=3816"}],"curies":[{"name":"wp","href":"https:\/\/api.w.org\/{rel}","templated":true}]}}