{"id":3830,"date":"2023-03-22T07:59:17","date_gmt":"2023-03-22T07:59:17","guid":{"rendered":"https:\/\/revistacienciaecultura.org.br\/?p=3830"},"modified":"2023-08-30T18:56:57","modified_gmt":"2023-08-30T18:56:57","slug":"a-ciencia-da-reconstrucao-nacional","status":"publish","type":"post","link":"https:\/\/revistacienciaecultura.org.br\/?p=3830","title":{"rendered":"A ci\u00eancia da reconstru\u00e7\u00e3o nacional"},"content":{"rendered":"<h4 id=\"como-a-cti-pode-contribuir-com-os-problemas-enfrentados-no-brasil-hoje\"><span style=\"color: #808080;\">Como a CT&amp;I pode contribuir com os problemas enfrentados no Brasil hoje?<\/span><\/h4>\n<p>&nbsp;<\/p>\n<p>O pa\u00eds enfrenta muitos problemas sociais e econ\u00f4micos e o caminho para super\u00e1-los passa invariavelmente pela universidade. \u00c9 no ambiente acad\u00eamico que se investiga os problemas sociais, econ\u00f4micos e pol\u00edticos de um pa\u00eds, gerando dados e informa\u00e7\u00f5es que possam orientar pol\u00edticas p\u00fablicas e privadas. Al\u00e9m disso, a universidade \u00e9 respons\u00e1vel pela forma\u00e7\u00e3o de profissionais qualificados, que podem atuar nas \u00e1reas da sa\u00fade, educa\u00e7\u00e3o, engenharia e tecnologia, propondo solu\u00e7\u00f5es para problemas complexos.<\/p>\n<p>Para que a universidade possa desempenhar bem todos esses pap\u00e9is, \u00e9 fundamental que sejam garantidos autonomia e recursos adequados. Nos \u00faltimos anos, o governo federal tomou iniciativas na dire\u00e7\u00e3o oposta, promovendo duros ataques \u00e0s institui\u00e7\u00f5es de pesquisa e aos pesquisadores brasileiros. Portanto, para a universidade contribuir com a reconstru\u00e7\u00e3o do pa\u00eds, talvez seja preciso reconstru\u00ed-la primeiro.<\/p>\n<p>Maria Ang\u00e9lica Pedra Minhoto, professora do Departamento de Educa\u00e7\u00e3o da <span style=\"color: #800000;\"><strong><a style=\"color: #800000;\" href=\"https:\/\/www.unifesp.br\/\">Unifesp<\/a><\/strong><\/span> e coordenadora do Centro de Estudos Sociedade, Universidade e Ci\u00eancia (<strong><span style=\"color: #800000;\"><a style=\"color: #800000;\" href=\"https:\/\/souciencia.unifesp.br\/\">SoU_Ci\u00eancia<\/a><\/span><\/strong>), avalia que foram muitos os golpes sofridos pela ci\u00eancia no Brasil: \u201cPara al\u00e9m do cen\u00e1rio de insufici\u00eancia de recursos p\u00fablicos e privados para a pesquisa e a inova\u00e7\u00e3o, o baix\u00edssimo investimento em conserva\u00e7\u00e3o e amplia\u00e7\u00e3o de infraestrutura e a perda de c\u00e9rebros, nos deparamos nesses \u00faltimos quatro anos com uma pol\u00edtica deliberada de precariza\u00e7\u00e3o e interven\u00e7\u00e3o nas universidades p\u00fablicas, atingindo a forma\u00e7\u00e3o acad\u00eamica, e, consequentemente, a forma\u00e7\u00e3o de novos cientistas.\u201d<\/p>\n<p>&nbsp;<\/p>\n<h4 id=\"e-no-ambiente-academico-que-se-investiga-os-problemas-sociais-economicos-e-politicos-de-um-pais-gerando-dados-e-informacoes-que-possam-orientar-politicas-publicas-e-privadas\" style=\"text-align: center;\"><span style=\"color: #800000;\"><em>\u201c\u00c9 no ambiente acad\u00eamico que se investiga os problemas sociais, econ\u00f4micos e pol\u00edticos de um pa\u00eds, gerando dados e informa\u00e7\u00f5es que possam orientar pol\u00edticas p\u00fablicas e privadas.\u201d<\/em><\/span><\/h4>\n<p>&nbsp;<\/p>\n<p>A pesquisadora acredita que o desmonte da ci\u00eancia nos \u00faltimos anos afetou o futuro do Brasil, direta e indiretamente, e, para o pa\u00eds recuperar a rota do desenvolvimento sustent\u00e1vel, a ci\u00eancia, a tecnologia e a inova\u00e7\u00e3o (CT&amp;I) devem ser pol\u00edticas de Estado: \u201c\u00c9 preciso destinar recursos or\u00e7ament\u00e1rios de forma est\u00e1vel e perene, investindo em compet\u00eancias cient\u00edficas instaladas e em infraestrutura, identificando necessidades e novos setores potenciais, al\u00e9m de constituir democraticamente um Sistema Nacional de Educa\u00e7\u00e3o articulado a um Sistema Nacional de Ci\u00eancia e Tecnologia\u201d.<\/p>\n<p>O Sistema Nacional de Ci\u00eancia e Tecnologia (SNCTI) foi institu\u00eddo na Emenda Constitucional n\u00ba 85, de 2015, com a atribui\u00e7\u00e3o de organizar e distribuir as responsabilidades do desenvolvimento cient\u00edfico, tecnol\u00f3gico e de inova\u00e7\u00e3o entre os governos federal, estadual e municipal. A Emenda prev\u00ea a cria\u00e7\u00e3o de uma lei federal para o estabelecimento de normas gerais, mas n\u00e3o houve movimenta\u00e7\u00e3o para a cria\u00e7\u00e3o da lei at\u00e9 agosto de 2022, quando o <span style=\"color: #800000;\"><strong><a style=\"color: #800000;\" href=\"https:\/\/www.gov.br\/mcti\/pt-br\">Minist\u00e9rio da Ci\u00eancia, e Tecnologia e Inova\u00e7\u00e3o<\/a><\/strong><\/span> (MCTI) abriu consulta p\u00fablica sobre o SNCTI e a Pol\u00edtica Nacional de Ci\u00eancia, Tecnologia e Inova\u00e7\u00e3o, que visa definir um conjunto de objetivos, princ\u00edpios e diretrizes para o setor. A consulta p\u00fablica terminou em outubro de 2022.<\/p>\n<p>&nbsp;<\/p>\n<h4 id=\"uma-agenda-prioritaria\"><strong>Uma agenda priorit\u00e1ria<\/strong><strong>\u00a0<\/strong><\/h4>\n<p>Uma <span style=\"color: #800000;\"><strong><a style=\"color: #800000;\" href=\"https:\/\/souciencia.unifesp.br\/images\/PDfs\/info_fome_pobreza.pdf\">pesquisa<\/a><\/strong><\/span> realizada pelo Centro de Estudos SoU_Ci\u00eancia em outubro de 2021 apontou que \u201cfome e pobreza\u201d eram os maiores problemas do Brasil para 62,1% dos entrevistados. Hoje, segundo <span style=\"color: #800000;\"><strong><a style=\"color: #800000;\" href=\"https:\/\/olheparaafome.com.br\/#elementor-action%3Aaction%3Dpopup%3Aopen%26settings%3DeyJpZCI6IjE2NzMiLCJ0b2dnbGUiOmZhbHNlfQ%3D%3D\">dados<\/a><\/strong><\/span> da <span style=\"color: #800000;\"><strong><a style=\"color: #800000;\" href=\"https:\/\/pesquisassan.net.br\/\">Rede Brasileira de Pesquisa em Soberania e Seguran\u00e7a Alimentar e Nutricional<\/a><\/strong><\/span> (PENSSAN), 33 milh\u00f5es de pessoas est\u00e3o em situa\u00e7\u00e3o de inseguran\u00e7a alimentar grave no pa\u00eds.<\/p>\n<p>&nbsp;<\/p>\n<h4 id=\"o-desmonte-da-ciencia-nos-ultimos-anos-afetou-o-futuro-do-brasil-direta-e-indiretamente-e-para-o-pais-recuperar-a-rota-do-desenvolvimento-sustentavel-a-ciencia-a-tecnologia-e-a-inovacao\" style=\"text-align: center;\"><span style=\"color: #800000;\"><em>\u201cO desmonte da ci\u00eancia nos \u00faltimos anos afetou o futuro do Brasil, direta e indiretamente, e, para o pa\u00eds recuperar a rota do desenvolvimento sustent\u00e1vel, a ci\u00eancia, a tecnologia e a inova\u00e7\u00e3o (CT&amp;I) devem ser pol\u00edticas de Estado.\u201d<\/em><\/span><\/h4>\n<p>&nbsp;<\/p>\n<p>A CT&amp;I vem atuando no combate \u00e0 fome do pa\u00eds em v\u00e1rias frentes. Dentre elas, destacam-se pesquisas na \u00e1rea da agricultura, voltadas \u00e0 maior produtividade nas lavouras. Essas iniciativas, no entanto, precisam ser acompanhadas de pol\u00edticas p\u00fablicas que estabele\u00e7am a ponte entre a universidade e a agricultura familiar, principal respons\u00e1vel pela produ\u00e7\u00e3o de alimentos para o mercado interno. Luciana Vanni Gatti, pesquisadora titular do <span style=\"color: #800000;\"><strong><a style=\"color: #800000;\" href=\"https:\/\/www.gov.br\/inpe\/pt-br\">Instituto Nacional de Pesquisas Espaciais<\/a><\/strong><\/span> (INPE) explica que os grandes produtores agr\u00e1rios brasileiros, donos de monoculturas voltadas \u00e0 exporta\u00e7\u00e3o, s\u00e3o parte do problema da fome do Brasil, n\u00e3o a solu\u00e7\u00e3o. A destrui\u00e7\u00e3o da vegeta\u00e7\u00e3o promovida pelo agroneg\u00f3cio desregula o clima, provocando crises h\u00eddricas que terminam por aumentar o valor dos alimentos: \u201cN\u00f3s temos um setor muito pequeno da elite do agro lucrando nesse modelo enquanto a totalidade da popula\u00e7\u00e3o brasileira est\u00e1 perdendo\u201d. (Figura 1)<\/p>\n<h6 id=\"figura-1-pesquisas-na-area-da-agricultura-voltadas-a-maior-produtividade-nas-lavouras-e-uma-das-frentes-do-combate-a-fome-da-ctiimagem-embrapa-reproducao\" style=\"text-align: center;\"><img loading=\"lazy\" class=\"aligncenter wp-image-3833\" src=\"https:\/\/revistacienciaecultura.org.br\/wp-content\/uploads\/2023\/03\/CC-1E23-reportagem-A-cie\u0302ncia-da-reconstruc\u0327a\u0303o-nacional-figura1-300x200.jpg\" alt=\"\" width=\"500\" height=\"334\" srcset=\"https:\/\/revistacienciaecultura.org.br\/wp-content\/uploads\/2023\/03\/CC-1E23-reportagem-A-cie\u0302ncia-da-reconstruc\u0327a\u0303o-nacional-figura1-300x200.jpg 300w, https:\/\/revistacienciaecultura.org.br\/wp-content\/uploads\/2023\/03\/CC-1E23-reportagem-A-cie\u0302ncia-da-reconstruc\u0327a\u0303o-nacional-figura1-18x12.jpg 18w, https:\/\/revistacienciaecultura.org.br\/wp-content\/uploads\/2023\/03\/CC-1E23-reportagem-A-cie\u0302ncia-da-reconstruc\u0327a\u0303o-nacional-figura1.jpg 488w\" sizes=\"(max-width: 500px) 100vw, 500px\" \/><br \/>\n<strong>Figura 1. Pesquisas na \u00e1rea da agricultura, voltadas \u00e0 maior produtividade nas lavouras, \u00e9 uma das frentes do combate \u00e0 fome da CT&amp;I<br \/>\n<\/strong>(Imagem: Embrapa. Reprodu\u00e7\u00e3o)<\/h6>\n<p>&nbsp;<\/p>\n<p>A pesquisadora da <span style=\"color: #800000;\"><strong><a style=\"color: #800000;\" href=\"https:\/\/www.embrapa.br\/cerrados\">Embrapa Cerrados<\/a><\/strong><\/span>, Su\u00eania Cibeli Ramos de Almeida, elenca algumas das iniciativas em CT&amp;I que podem beneficiar o pequeno produtor: \u201cpesquisas relacionadas \u00e0 sele\u00e7\u00e3o e melhoramento participativo das sementes crioulas; produ\u00e7\u00e3o de insumos na pr\u00f3pria propriedade (bioinsumos); mecanismos de capta\u00e7\u00e3o de \u00e1gua de chuva; m\u00e1quinas e implementos adaptados aos diferentes cen\u00e1rios naturais e ao perfil desses atores sociais; aproveitamento da diversidade de recursos alimentares e forrageiros presentes nos diferentes biomas brasileiros que possibilitem valorizar a oferta dos produtos locais e, finalmente, mapear, sistematizar, criar e recriar formas alternativas de comercializa\u00e7\u00e3o que envolvam os agricultores familiares, ind\u00edgenas, de comunidades tradicionais e consumidores\u201d.<\/p>\n<p>&nbsp;<\/p>\n<h4 id=\"eventos-extremos-pedem-medidas-urgentes\"><strong>Eventos extremos pedem medidas urgentes<\/strong><\/h4>\n<p>A pauta ambiental, ignorada pelo \u00faltimo governo, tamb\u00e9m precisa ser uma preocupa\u00e7\u00e3o central no processo de reconstru\u00e7\u00e3o do pa\u00eds. Luciana Gatti lembra que a agricultura de exporta\u00e7\u00e3o tamb\u00e9m contribui com a desregula\u00e7\u00e3o do clima: \u201cEsse tipo de agricultura onde n\u00f3s temos \u00e1reas imensas com uma monocultura mecanizada e calcada no uso intenso de fertilizantes e agrot\u00f3xicos \u00e9 uma raz\u00e3o de desequil\u00edbrio do clima. Esse modelo traz preju\u00edzo para todos, com o aumento dos eventos extremos causando preju\u00edzos e mortes\u201d. Para a pesquisadora, o enfoque tanto para mitigar a fome como para combater o colapso clim\u00e1tico precisa ser na agrofloresta, em produ\u00e7\u00f5es em equil\u00edbrio com a natureza. (Figura 2)<\/p>\n<h6 id=\"figura-2-pauta-ambiental-e-crucial-para-o-desenvolvimento-nacionalimagem-arquivo-agencia-brasil-reproducao\" style=\"text-align: center;\"><img loading=\"lazy\" class=\"aligncenter wp-image-3834\" src=\"https:\/\/revistacienciaecultura.org.br\/wp-content\/uploads\/2023\/03\/CC-1E23-reportagem-A-cie\u0302ncia-da-reconstruc\u0327a\u0303o-nacional-figura2-300x180.jpg\" alt=\"\" width=\"500\" height=\"299\" srcset=\"https:\/\/revistacienciaecultura.org.br\/wp-content\/uploads\/2023\/03\/CC-1E23-reportagem-A-cie\u0302ncia-da-reconstruc\u0327a\u0303o-nacional-figura2-300x180.jpg 300w, https:\/\/revistacienciaecultura.org.br\/wp-content\/uploads\/2023\/03\/CC-1E23-reportagem-A-cie\u0302ncia-da-reconstruc\u0327a\u0303o-nacional-figura2-18x12.jpg 18w, https:\/\/revistacienciaecultura.org.br\/wp-content\/uploads\/2023\/03\/CC-1E23-reportagem-A-cie\u0302ncia-da-reconstruc\u0327a\u0303o-nacional-figura2.jpg 488w\" sizes=\"(max-width: 500px) 100vw, 500px\" \/><br \/>\n<strong>Figura 2. Pauta ambiental \u00e9 crucial para o desenvolvimento nacional<br \/>\n<\/strong>(Imagem: Arquivo\/ Ag\u00eancia Brasil. Reprodu\u00e7\u00e3o)<\/h6>\n<p>&nbsp;<\/p>\n<p>Almeida alerta que, devido \u00e0 desregula\u00e7\u00e3o do clima, os conflitos pelo acesso e uso da \u00e1gua j\u00e1 s\u00e3o uma realidade, e n\u00e3o \u00e9 poss\u00edvel pensar em solu\u00e7\u00f5es para esses problemas fora da ci\u00eancia: \u201cOs mecanismos criados para apoiar os agricultores, como o Plano de Seguran\u00e7a da \u00c1gua, programa desenhado pela <span style=\"color: #800000;\"><strong><a style=\"color: #800000;\" href=\"https:\/\/www.gov.br\/ana\/pt-br\">Ag\u00eancia Nacional de \u00c1gua<\/a> <\/strong><\/span>(ANA), \u00e9 um bom exemplo de como a ci\u00eancia e as experi\u00eancias dos agricultores t\u00eam potencial para diminuir os impactos do colapso clim\u00e1tico (diminui\u00e7\u00e3o das chuvas e consequente desabastecimento de \u00e1gua) na \u00e1rea da agricultura e da conserva\u00e7\u00e3o do recurso solo-\u00e1gua. A inova\u00e7\u00e3o na \u00e1rea de uso e reuso da \u00e1gua nos estados do Nordeste perpassa desde a capta\u00e7\u00e3o e\/ou armazenamento quanto o tratamento, o monitoramento e a gest\u00e3o. Todas essas a\u00e7\u00f5es impactam positivamente a vida das pessoas e a crise econ\u00f4mica vivenciada pelo aumento nos custos dos alimentos e dificuldade de acesso a recursos h\u00eddricos. Isso \u00e9 resultado tanto da a\u00e7\u00e3o da ci\u00eancia como do apoio de pol\u00edticas p\u00fablicas.\u201d<\/p>\n<p>&nbsp;<\/p>\n<h6 id=\"capa-ciencia-e-tecnologia-sao-fundamentais-para-a-recuperacao-do-desenvolvimento-nacionalimagem-agencia-senado-reproducao\"><strong>Capa. Ci\u00eancia e tecnologia s\u00e3o fundamentais para a recupera\u00e7\u00e3o do desenvolvimento nacional<br \/>\n<\/strong>(Imagem: Ag\u00eancia Senado. Reprodu\u00e7\u00e3o)<\/h6>\n<hr \/>\n<h6 id=\"gomes-paula-a-ciencia-da-reconstrucao-nacional-como-a-cti-pode-contribuir-com-os-problemas-enfrentados-no-brasil-hoje-cienc-cult-online-2023-vol-75-n-1-citado-20\"><span style=\"color: #808080;\"><em>GOMES, Paula.<span class=\"article-title\">\u00a0A ci\u00eancia da reconstru\u00e7\u00e3o nacional: como a CT&amp;I pode contribuir com os problemas enfrentados no Brasil hoje?.<\/span>\u00a0Cienc. Cult.\u00a0[online]. 2023, vol.75, n.1 [citado\u00a0 2023-08-30], pp.01-03. Dispon\u00edvel em: &lt;http:\/\/cienciaecultura.bvs.br\/scielo.php?script=sci_arttext&amp;pid=S0009-67252023000100015&amp;lng=pt&amp;nrm=iso&gt;. ISSN 0009-6725.\u00a0 http:\/\/dx.doi.org\/10.5935\/2317-6660.20230015.<\/em><\/span><\/h6>\n","protected":false},"excerpt":{"rendered":"Como a CT&amp;I pode contribuir com os problemas enfrentados no Brasil hoje?&hellip;\n","protected":false},"author":67,"featured_media":3835,"comment_status":"open","ping_status":"open","sticky":false,"template":"","format":"standard","meta":[],"categories":[51],"tags":[],"acf":[],"_links":{"self":[{"href":"https:\/\/revistacienciaecultura.org.br\/index.php?rest_route=\/wp\/v2\/posts\/3830"}],"collection":[{"href":"https:\/\/revistacienciaecultura.org.br\/index.php?rest_route=\/wp\/v2\/posts"}],"about":[{"href":"https:\/\/revistacienciaecultura.org.br\/index.php?rest_route=\/wp\/v2\/types\/post"}],"author":[{"embeddable":true,"href":"https:\/\/revistacienciaecultura.org.br\/index.php?rest_route=\/wp\/v2\/users\/67"}],"replies":[{"embeddable":true,"href":"https:\/\/revistacienciaecultura.org.br\/index.php?rest_route=%2Fwp%2Fv2%2Fcomments&post=3830"}],"version-history":[{"count":5,"href":"https:\/\/revistacienciaecultura.org.br\/index.php?rest_route=\/wp\/v2\/posts\/3830\/revisions"}],"predecessor-version":[{"id":4641,"href":"https:\/\/revistacienciaecultura.org.br\/index.php?rest_route=\/wp\/v2\/posts\/3830\/revisions\/4641"}],"wp:featuredmedia":[{"embeddable":true,"href":"https:\/\/revistacienciaecultura.org.br\/index.php?rest_route=\/wp\/v2\/media\/3835"}],"wp:attachment":[{"href":"https:\/\/revistacienciaecultura.org.br\/index.php?rest_route=%2Fwp%2Fv2%2Fmedia&parent=3830"}],"wp:term":[{"taxonomy":"category","embeddable":true,"href":"https:\/\/revistacienciaecultura.org.br\/index.php?rest_route=%2Fwp%2Fv2%2Fcategories&post=3830"},{"taxonomy":"post_tag","embeddable":true,"href":"https:\/\/revistacienciaecultura.org.br\/index.php?rest_route=%2Fwp%2Fv2%2Ftags&post=3830"}],"curies":[{"name":"wp","href":"https:\/\/api.w.org\/{rel}","templated":true}]}}