{"id":3844,"date":"2023-03-22T08:00:42","date_gmt":"2023-03-22T08:00:42","guid":{"rendered":"https:\/\/revistacienciaecultura.org.br\/?p=3844"},"modified":"2023-03-21T19:21:16","modified_gmt":"2023-03-21T19:21:16","slug":"a-inovacao-e-as-universidades-brasileiras","status":"publish","type":"post","link":"https:\/\/revistacienciaecultura.org.br\/?p=3844","title":{"rendered":"A inova\u00e7\u00e3o e as universidades brasileiras"},"content":{"rendered":"<h4 id=\"processos-inovadores-tem-relacao-direta-com-o-desenvolvimento-economico-a-geracao-de-emprego-e-o-aumento-de-renda-e-as-universidades-e-centros-de-pesquisas-sao-fundamentais-para-isso\"><span style=\"color: #808080;\">Processos inovadores t\u00eam rela\u00e7\u00e3o direta com o desenvolvimento econ\u00f4mico, a gera\u00e7\u00e3o de emprego e o aumento de renda. E as universidades e centros de pesquisas s\u00e3o fundamentais para isso.<\/span><\/h4>\n<p>&nbsp;<\/p>\n<p>A inova\u00e7\u00e3o \u00e9 a fonte de dinamismo econ\u00f4mico e bem-estar social. Isso \u00e9 o que afirma a <span style=\"color: #800000;\"><strong><a style=\"color: #800000;\" href=\"http:\/\/portal.mec.gov.br\/busca-geral\/480-gabinete-do-ministro-1578890832\/assessoria-internacional-1377578466\/20746-organizacao-para-a-cooperacao-e-desenvolvimento-economico-ocde\">Organiza\u00e7\u00e3o para Coopera\u00e7\u00e3o e Desenvolvimento Econ\u00f4mico<\/a> <\/strong><span style=\"color: #000000;\">(<\/span><\/span>OCDE). Segundo a entidade, inovar \u00e9 a chave tanto para vencer a recess\u00e3o econ\u00f4mica quanto para colocar o desenvolvimento numa trajet\u00f3ria ambientalmente sustent\u00e1vel. Isso porque os processos inovadores, expressos em novos produtos, processos e patentes,\u00a0t\u00eam rela\u00e7\u00e3o direta com o desenvolvimento econ\u00f4mico, a gera\u00e7\u00e3o de emprego e renda e o aumento da competitividade \u2013 fator essencial para o progresso das empresas e das economias nacionais.<\/p>\n<p>Nesse cen\u00e1rio, as universidades e centros de pesquisa desempenham papel fundamental, pois servem de ferramenta para o desenvolvimento tecnol\u00f3gico e de suporte para difus\u00e3o de informa\u00e7\u00e3o na sociedade, al\u00e9m de serem respons\u00e1veis pela forma\u00e7\u00e3o de profissionais altamente especializados e pelo interc\u00e2mbio de conhecimento com atores de outras regi\u00f5es e at\u00e9 mesmo de outros pa\u00edses.<\/p>\n<p>\u201cA gente fala que inovar \u00e9 transformar conhecimento em riqueza\u201d, afirma Ana Torkomian, professora do Departamento de Engenharia de Produ\u00e7\u00e3o da <span style=\"color: #800000;\"><strong><a style=\"color: #800000;\" href=\"https:\/\/www.ufscar.br\/\">Universidade Federal de S\u00e3o Carlos<\/a><\/strong><\/span> (UFSCar). Para ela, \u00e9 preciso ter parcerias fortes entre universidade, empresa e governo para incentivar a inova\u00e7\u00e3o no pa\u00eds.<\/p>\n<p>Para Fernanda de Negri, pesquisadora do <span style=\"color: #800000;\"><strong><a style=\"color: #800000;\" href=\"http:\/\/www.ipea.gov.br\/\">Instituto de Pesquisa Econ\u00f4mica Aplicada<\/a><\/strong><\/span> (Ipea), o grande papel das universidades n\u00e3o \u00e9 colocar a inova\u00e7\u00e3o no mercado, mas sim produzir o conhecimento que pode ser utilizado pelas empresas para inovarem tecnologicamente. \u201cA tecnologia \u00e9 um grande motor de crescimento em longo prazo e isso j\u00e1 est\u00e1 bastante consolidado na literatura econ\u00f4mica\u201d, aponta.<\/p>\n<p>Por\u00e9m, os desafios econ\u00f4micos enfrentados pelo pa\u00eds nos \u00faltimos anos tamb\u00e9m se tornaram um desafio para a inova\u00e7\u00e3o. \u201cA inova\u00e7\u00e3o \u00e9 muito importante do ponto de vista econ\u00f4mico, mas o que vai impulsionar a inova\u00e7\u00e3o no Brasil \u00e9 o crescimento econ\u00f4mico\u201d, pontua Carlos Am\u00e9rico Pacheco, professor do Instituto de Economia e do Departamento de Pol\u00edtica Cient\u00edfica e Tecnol\u00f3gica do Instituto de Geoci\u00eancias da <span style=\"color: #800000;\"><strong><a style=\"color: #800000;\" href=\"https:\/\/www.unicamp.br\/\">Universidade Estadual de Campinas<\/a><\/strong><\/span> (Unicamp) e diretor-presidente do Conselho T\u00e9cnico Administrativo da <span style=\"color: #800000;\"><strong><a style=\"color: #800000;\" href=\"https:\/\/fapesp.br\/\">Fapesp<\/a><\/strong><\/span>. \u201cSe a economia n\u00e3o anda, retrocede, vai para tr\u00e1s ou cresce pouco, tudo vai para o ralo\u201d, conclui.<\/p>\n<p><strong>Assista ao v\u00eddeo em:<\/strong><\/p>\n<p><iframe loading=\"lazy\" title=\"A inova\u00e7\u00e3o e as universidades brasileiras\" width=\"1200\" height=\"675\" src=\"https:\/\/www.youtube.com\/embed\/Htu3DZvfte0?feature=oembed\" frameborder=\"0\" allow=\"accelerometer; autoplay; clipboard-write; encrypted-media; gyroscope; picture-in-picture; web-share\" allowfullscreen><\/iframe><\/p>\n","protected":false},"excerpt":{"rendered":"Processos inovadores t\u00eam rela\u00e7\u00e3o direta com o desenvolvimento econ\u00f4mico, a gera\u00e7\u00e3o de&hellip;\n","protected":false},"author":19,"featured_media":3846,"comment_status":"open","ping_status":"open","sticky":false,"template":"","format":"standard","meta":[],"categories":[5],"tags":[],"acf":[],"_links":{"self":[{"href":"https:\/\/revistacienciaecultura.org.br\/index.php?rest_route=\/wp\/v2\/posts\/3844"}],"collection":[{"href":"https:\/\/revistacienciaecultura.org.br\/index.php?rest_route=\/wp\/v2\/posts"}],"about":[{"href":"https:\/\/revistacienciaecultura.org.br\/index.php?rest_route=\/wp\/v2\/types\/post"}],"author":[{"embeddable":true,"href":"https:\/\/revistacienciaecultura.org.br\/index.php?rest_route=\/wp\/v2\/users\/19"}],"replies":[{"embeddable":true,"href":"https:\/\/revistacienciaecultura.org.br\/index.php?rest_route=%2Fwp%2Fv2%2Fcomments&post=3844"}],"version-history":[{"count":5,"href":"https:\/\/revistacienciaecultura.org.br\/index.php?rest_route=\/wp\/v2\/posts\/3844\/revisions"}],"predecessor-version":[{"id":3851,"href":"https:\/\/revistacienciaecultura.org.br\/index.php?rest_route=\/wp\/v2\/posts\/3844\/revisions\/3851"}],"wp:featuredmedia":[{"embeddable":true,"href":"https:\/\/revistacienciaecultura.org.br\/index.php?rest_route=\/wp\/v2\/media\/3846"}],"wp:attachment":[{"href":"https:\/\/revistacienciaecultura.org.br\/index.php?rest_route=%2Fwp%2Fv2%2Fmedia&parent=3844"}],"wp:term":[{"taxonomy":"category","embeddable":true,"href":"https:\/\/revistacienciaecultura.org.br\/index.php?rest_route=%2Fwp%2Fv2%2Fcategories&post=3844"},{"taxonomy":"post_tag","embeddable":true,"href":"https:\/\/revistacienciaecultura.org.br\/index.php?rest_route=%2Fwp%2Fv2%2Ftags&post=3844"}],"curies":[{"name":"wp","href":"https:\/\/api.w.org\/{rel}","templated":true}]}}