{"id":3864,"date":"2023-03-21T20:02:08","date_gmt":"2023-03-21T20:02:08","guid":{"rendered":"https:\/\/revistacienciaecultura.org.br\/?p=3864"},"modified":"2023-03-21T20:02:08","modified_gmt":"2023-03-21T20:02:08","slug":"relacao-entre-humanos-e-florestas-e-essencial-para-a-saude","status":"publish","type":"post","link":"https:\/\/revistacienciaecultura.org.br\/?p=3864","title":{"rendered":"Rela\u00e7\u00e3o entre humanos e florestas \u00e9 essencial para a sa\u00fade"},"content":{"rendered":"<h4 id=\"no-dia-internacional-da-floresta-onu-enfatiza-ganhos-para-a-saude-trazidos-pelas-florestas-purificacao-da-agua-limpeza-do-ar-e-captura-do-carbono\"><span style=\"color: #808080;\">No Dia Internacional da Floresta, ONU enfatiza ganhos para a sa\u00fade trazidos pelas florestas: purifica\u00e7\u00e3o da \u00e1gua, limpeza do ar e captura do carbono.<\/span><\/h4>\n<p>&nbsp;<\/p>\n<p>O manejo florestal sustent\u00e1vel e o uso dos recursos desse setor \u00e9 crucial para combater as mudan\u00e7as clim\u00e1ticas e contribuir para a prosperidade e o bem-estar das gera\u00e7\u00f5es. Isso foi o que a Organiza\u00e7\u00e3o das Na\u00e7\u00f5es Unidas (ONU) enfatizou neste 21 de mar\u00e7o, Dia Internacional das Florestas.<\/p>\n<p>Com o lema \u201cFlorestas e Sa\u00fade\u201d, a organiza\u00e7\u00e3o ressaltou a import\u00e2ncia da conserva\u00e7\u00e3o das matas e seus recursos, e lembrou que cerca de 50 mil esp\u00e9cies de plantas sejam usadas para fins medicinais. A lista de fun\u00e7\u00f5es utilit\u00e1rias das matas inclui seu papel na redu\u00e7\u00e3o da pobreza e para o cumprimento dos Objetivos de Desenvolvimento Sustent\u00e1vel (ODS).<\/p>\n<p>Para a sa\u00fade humana, os benef\u00edcios envolvem purificar a \u00e1gua, limpar o ar, capturar carbono para combater a mudan\u00e7a clim\u00e1tica, fornecer alimentos, medicamentos e melhorar o bem-estar.<\/p>\n<p>&nbsp;<\/p>\n<h4 id=\"perdas-florestais\"><strong>Perdas florestais<\/strong><\/h4>\n<p>Mesmo com benef\u00edcios ecol\u00f3gicos, econ\u00f4micos, sociais e de sa\u00fade inestim\u00e1veis, as florestas tamb\u00e9m est\u00e3o amea\u00e7adas por inc\u00eandios e secas sem precedentes.<\/p>\n<p>A Organiza\u00e7\u00e3o das Na\u00e7\u00f5es Unidas para Agricultura e Alimenta\u00e7\u00e3o (FAO) apelou para que os pa\u00edses possam proteger estes recursos naturais que desaparecem 10 milh\u00f5es de hectares por ano devido ao desmatamento. A quantidade equivale ao tamanho da Isl\u00e2ndia. A a\u00e7\u00e3o danosa de pragas de insetos \u00e9 outro fator causando perdas florestais de cerca de 35 milh\u00f5es de hectares anuais.<\/p>\n<p>\u201cEm tempos de crise, temos que restaurar a import\u00e2ncia de um futuro verde e sustent\u00e1vel. O dia oferece a oportunidade para ressaltar como florestas s\u00e3o importantes para todos os aspetos da nossa sa\u00fade, da sa\u00fade animal e da sa\u00fade do planeta. Florestas limpam o ar que respiramos e a \u00e1gua que bebemos. Nos d\u00e3o alimento, combust\u00edvel, rem\u00e9dios e renda. Florestas s\u00e3o essenciais para o nosso bem-estar. Pensemos na import\u00e2ncia que as florestas, ou mesmo uma \u00e1rvore, t\u00eam em nossas vidas. Celebremos as florestas. Cuidemos delas e assim teremos um futuro saud\u00e1vel\u201d, afirmou B\u00e1rbara T\u00e1vora, especialista de Gest\u00e3o de Programas de Assuntos Florestais da ONU.<\/p>\n<p><em><span style=\"color: #808080;\">Com informa\u00e7\u00f5es da <a style=\"color: #808080;\" href=\"https:\/\/news.un.org\/\">ONU News<\/a><\/span><\/em><\/p>\n<p>&nbsp;<\/p>\n<h6 id=\"capa-imagem-por-kyle-cleveland-unsplash-com\">Capa: Imagem por <a class=\"N2odk RZQOk eziW_ cl4O9 KHq0c\" href=\"https:\/\/unsplash.com\/pt-br\/@kyleclevelandphoto\">Kyle Cleveland<\/a> | <a href=\"http:\/\/Unsplash.com\" target=\"_blank\" rel=\"noopener\">Unsplash.com<\/a><\/h6>\n","protected":false},"excerpt":{"rendered":"No Dia Internacional da Floresta, ONU enfatiza ganhos para a sa\u00fade trazidos&hellip;\n","protected":false},"author":19,"featured_media":3865,"comment_status":"open","ping_status":"open","sticky":false,"template":"","format":"standard","meta":[],"categories":[1,2],"tags":[],"acf":[],"_links":{"self":[{"href":"https:\/\/revistacienciaecultura.org.br\/index.php?rest_route=\/wp\/v2\/posts\/3864"}],"collection":[{"href":"https:\/\/revistacienciaecultura.org.br\/index.php?rest_route=\/wp\/v2\/posts"}],"about":[{"href":"https:\/\/revistacienciaecultura.org.br\/index.php?rest_route=\/wp\/v2\/types\/post"}],"author":[{"embeddable":true,"href":"https:\/\/revistacienciaecultura.org.br\/index.php?rest_route=\/wp\/v2\/users\/19"}],"replies":[{"embeddable":true,"href":"https:\/\/revistacienciaecultura.org.br\/index.php?rest_route=%2Fwp%2Fv2%2Fcomments&post=3864"}],"version-history":[{"count":1,"href":"https:\/\/revistacienciaecultura.org.br\/index.php?rest_route=\/wp\/v2\/posts\/3864\/revisions"}],"predecessor-version":[{"id":3866,"href":"https:\/\/revistacienciaecultura.org.br\/index.php?rest_route=\/wp\/v2\/posts\/3864\/revisions\/3866"}],"wp:featuredmedia":[{"embeddable":true,"href":"https:\/\/revistacienciaecultura.org.br\/index.php?rest_route=\/wp\/v2\/media\/3865"}],"wp:attachment":[{"href":"https:\/\/revistacienciaecultura.org.br\/index.php?rest_route=%2Fwp%2Fv2%2Fmedia&parent=3864"}],"wp:term":[{"taxonomy":"category","embeddable":true,"href":"https:\/\/revistacienciaecultura.org.br\/index.php?rest_route=%2Fwp%2Fv2%2Fcategories&post=3864"},{"taxonomy":"post_tag","embeddable":true,"href":"https:\/\/revistacienciaecultura.org.br\/index.php?rest_route=%2Fwp%2Fv2%2Ftags&post=3864"}],"curies":[{"name":"wp","href":"https:\/\/api.w.org\/{rel}","templated":true}]}}