{"id":3874,"date":"2023-03-22T20:19:32","date_gmt":"2023-03-22T20:19:32","guid":{"rendered":"https:\/\/revistacienciaecultura.org.br\/?p=3874"},"modified":"2023-03-22T20:19:32","modified_gmt":"2023-03-22T20:19:32","slug":"dia-mundial-da-agua-46-da-populacao-global-vive-sem-acesso-a-saneamento-basico","status":"publish","type":"post","link":"https:\/\/revistacienciaecultura.org.br\/?p=3874","title":{"rendered":"Dia Mundial da \u00c1gua: 46% da popula\u00e7\u00e3o global vive sem acesso a saneamento b\u00e1sico"},"content":{"rendered":"<h4 id=\"estudo-da-unesco-alerta-que-mais-de-um-quarto-das-pessoas-em-todo-o-mundo-sofrem-com-a-falta-de-agua-potavel\"><span style=\"color: #808080;\">Estudo da Unesco alerta que mais de um quarto das pessoas em todo o mundo sofrem com a falta de \u00e1gua pot\u00e1vel<\/span><\/h4>\n<p>&nbsp;<\/p>\n<p>Em um planeta com oito bilh\u00f5es de habitantes, 26% da popula\u00e7\u00e3o global n\u00e3o tem acesso \u00e0 \u00e1gua pot\u00e1vel, ou dois bilh\u00f5es de pessoas. Cerca de 46% dos habitantes do planeta n\u00e3o possuem servi\u00e7os de saneamento seguros, o equivalente a 3,6 bilh\u00f5es. Os n\u00fameros s\u00e3o do novo relat\u00f3rio da Organiza\u00e7\u00e3o das Na\u00e7\u00f5es Unidas para Educa\u00e7\u00e3o, Ci\u00eancia e Cultura (Unesco), lan\u00e7ado no Dia Mundial da \u00c1gua.<\/p>\n<p>O documento foi lan\u00e7ado nesta quarta-feira (22) durante a abertura da Confer\u00eancia da ONU sobre \u00c1gua, em Nova Iorque (EUA). Este ano o evento busca debater solu\u00e7\u00f5es para a crise de acesso e servi\u00e7os de higiene, al\u00e9m da coopera\u00e7\u00e3o sobre uso e gerenciamento do recurso para evitar uma crise global.<\/p>\n<p>&nbsp;<\/p>\n<h4 id=\"escassez\"><strong>Escassez<\/strong><\/h4>\n<p>Os dados divulgados pela Unesco apontam para um cen\u00e1rio desafiador. Segundo o estudo, entre dois e tr\u00eas bilh\u00f5es de pessoas sofrem com a falta de \u00e1gua por pelo menos um m\u00eas do ano. Esse quadro representa graves riscos para os meios de subsist\u00eancia, principalmente da seguran\u00e7a alimentar e do acesso \u00e0 eletricidade.<\/p>\n<p>Dados da ONU apontam que uma em cada quatro pessoas carece de \u00e1gua pot\u00e1vel gerenciada com seguran\u00e7a em suas casas e quase metade da popula\u00e7\u00e3o mundial vive em locais sem saneamento adequadamente administrado.<\/p>\n<p>O levantamento tamb\u00e9m alerta que a popula\u00e7\u00e3o urbana global que enfrenta a escassez de \u00e1gua est\u00e1 projetada para dobrar. Em 2016, eram 930 milh\u00f5es de pessoas sofrendo com a falta de \u00e1gua. O n\u00famero deve ficar entre 1,7 e 2,4 bilh\u00f5es at\u00e9 em 2050.<\/p>\n<p>&nbsp;<\/p>\n<h4 id=\"mudancas-climaticas\"><strong>Mudan\u00e7as clim\u00e1ticas<\/strong><\/h4>\n<p>Segundo os especialistas, a crescente incid\u00eancia de secas prolongadas tamb\u00e9m est\u00e1 estressando os ecossistemas, com consequ\u00eancias terr\u00edveis tanto para esp\u00e9cies vegetais e animais.<\/p>\n<p>Servi\u00e7os ambientais, como controle de polui\u00e7\u00e3o e biodiversidade, est\u00e3o entre as recomenda\u00e7\u00f5es destacadas no relat\u00f3rio, ao lado de oportunidades de compartilhamento de dados e cofinanciamento.<\/p>\n<p>O estudo cita a cria\u00e7\u00e3o de \u201cfundos de \u00e1gua\u201d, formas de financiamento que trazem usu\u00e1rios, como cidades, empresas e servi\u00e7os p\u00fablicos, para investir coletivamente na prote\u00e7\u00e3o do habitat \u00e0 gest\u00e3o de terras agr\u00edcolas para melhorar a qualidade e quantidade da \u00e1gua.<\/p>\n<p>A Confer\u00eancia da \u00c1gua da ONU, que vai at\u00e9 dia 24 de mar\u00e7o, cobrir\u00e1 uma s\u00e9rie de quest\u00f5es relacionadas \u00e0 \u00e1gua, incluindo um aumento de enchentes, secas, rios secos e outras mudan\u00e7as extremas nos recursos h\u00eddricos ligadas \u00e0 mudan\u00e7a clim\u00e1tica.<\/p>\n<p><span style=\"color: #808080;\"><em>Com dados da <a style=\"color: #808080;\" href=\"https:\/\/news.un.org\/\">ONU News<\/a><\/em><\/span><\/p>\n<p>&nbsp;<\/p>\n<h6 id=\"capa-imagem-por-jcomp-freepik-com\">Capa: Imagem por jcomp| <a href=\"http:\/\/Freepik.com\" target=\"_blank\" rel=\"noopener\">Freepik.com<\/a><\/h6>\n","protected":false},"excerpt":{"rendered":"Estudo da Unesco alerta que mais de um quarto das pessoas em&hellip;\n","protected":false},"author":19,"featured_media":3875,"comment_status":"open","ping_status":"open","sticky":false,"template":"","format":"standard","meta":[],"categories":[1,2],"tags":[],"acf":[],"_links":{"self":[{"href":"https:\/\/revistacienciaecultura.org.br\/index.php?rest_route=\/wp\/v2\/posts\/3874"}],"collection":[{"href":"https:\/\/revistacienciaecultura.org.br\/index.php?rest_route=\/wp\/v2\/posts"}],"about":[{"href":"https:\/\/revistacienciaecultura.org.br\/index.php?rest_route=\/wp\/v2\/types\/post"}],"author":[{"embeddable":true,"href":"https:\/\/revistacienciaecultura.org.br\/index.php?rest_route=\/wp\/v2\/users\/19"}],"replies":[{"embeddable":true,"href":"https:\/\/revistacienciaecultura.org.br\/index.php?rest_route=%2Fwp%2Fv2%2Fcomments&post=3874"}],"version-history":[{"count":1,"href":"https:\/\/revistacienciaecultura.org.br\/index.php?rest_route=\/wp\/v2\/posts\/3874\/revisions"}],"predecessor-version":[{"id":3876,"href":"https:\/\/revistacienciaecultura.org.br\/index.php?rest_route=\/wp\/v2\/posts\/3874\/revisions\/3876"}],"wp:featuredmedia":[{"embeddable":true,"href":"https:\/\/revistacienciaecultura.org.br\/index.php?rest_route=\/wp\/v2\/media\/3875"}],"wp:attachment":[{"href":"https:\/\/revistacienciaecultura.org.br\/index.php?rest_route=%2Fwp%2Fv2%2Fmedia&parent=3874"}],"wp:term":[{"taxonomy":"category","embeddable":true,"href":"https:\/\/revistacienciaecultura.org.br\/index.php?rest_route=%2Fwp%2Fv2%2Fcategories&post=3874"},{"taxonomy":"post_tag","embeddable":true,"href":"https:\/\/revistacienciaecultura.org.br\/index.php?rest_route=%2Fwp%2Fv2%2Ftags&post=3874"}],"curies":[{"name":"wp","href":"https:\/\/api.w.org\/{rel}","templated":true}]}}