{"id":3880,"date":"2023-03-28T07:30:59","date_gmt":"2023-03-28T07:30:59","guid":{"rendered":"https:\/\/revistacienciaecultura.org.br\/?p=3880"},"modified":"2023-03-27T19:09:42","modified_gmt":"2023-03-27T19:09:42","slug":"sbpc-realiza-palestra-com-o-historiador-britanico-peter-burke-nesta-sexta-feira","status":"publish","type":"post","link":"https:\/\/revistacienciaecultura.org.br\/?p=3880","title":{"rendered":"SBPC realiza palestra com o historiador brit\u00e2nico Peter Burke nesta sexta-feira"},"content":{"rendered":"<h4 id=\"professor-emerito-da-universidade-de-cambridge-e-especialista-em-gilberto-freyre-burke-falara-sobre-conhecimento-democratico-e-ignorancia\"><span style=\"color: #808080;\">Professor em\u00e9rito da Universidade de Cambridge e especialista em Gilberto Freyre, Burke falar\u00e1 sobre conhecimento democr\u00e1tico e ignor\u00e2ncia<\/span><\/h4>\n<p>&nbsp;<\/p>\n<p>Um dos mais importantes historiadores da cultura moderna no mundo, o professor em\u00e9rito da Universidade de Cambridge, Peter Burke, estar\u00e1 no Centro Maria Antonia, em S\u00e3o Paulo, na pr\u00f3xima sexta-feira, 31 de mar\u00e7o, a convite da Sociedade Brasileira para o Progresso da Ci\u00eancia (SBPC).<\/p>\n<p>Em evento realizado em parceria com a Associa\u00e7\u00e3o Nacional de P\u00f3s-graduandos (ANPG), Burke falar\u00e1 sobre \u201cConhecimento democr\u00e1tico e ignor\u00e2ncia democr\u00e1tica\u201d. Aberta e gratuita, a palestra acontece a partir das 15h no audit\u00f3rio do Centro Maria Antonia da USP, com vagas limitadas. Para os que n\u00e3o puderem comparecer ao local, haver\u00e1 transmiss\u00e3o ao vivo\u00a0<span style=\"color: #800000;\"><strong><a style=\"color: #800000;\" href=\"http:\/\/www.youtube.com\/canalsbpc\" target=\"_blank\" rel=\"noopener\">pelo canal da SBPC no YouTube<\/a><\/strong><\/span>.<\/p>\n<p>Ulick Peter Burke nasceu em 1937 em Stanmore, no Reino Unido. Recebeu seu t\u00edtulo de doutor pela Universidade de Oxford (1962), foi professor de Hist\u00f3ria das Ideias na Escola de Estudos Europeus da Universidade de Sussex, e desde 1979 leciona na Universidade de Cambridge. Foi professor-visitante do Instituto de Estudos Avan\u00e7ados da Universidade de S\u00e3o Paulo (IEA \u2013 USP) entre 1994 e 1995, onde desenvolveu o projeto de pesquisa chamado \u201cDuas Crises de Consci\u00eancia Hist\u00f3rica\u201d.<\/p>\n<p>Considerado um dos mais relevantes intelectuais da era moderna, Burke \u00e9 autor de mais de trinta livros, traduzidos em mais de trinta l\u00ednguas, muitos deles publicados no Brasil pela Editora Unesp.<\/p>\n<p>Com sua esposa, a historiadora brasileira Maria L\u00facia Garcia Pallares-Burke, escreveu o livro \u201cRepensando os Tr\u00f3picos: um retrato do intelectual Gilberto Freyre\u201d, publicado no Brasil pela editora Unesp, em 2009. Ele \u00e9 considerado um dos maiores especialistas mundiais na obra de Freyre, e possui diversos artigos publicados, inclusive na imprensa, sobre o soci\u00f3logo pernambucano.<\/p>\n<p>\u00c9 celebrado como um historiador que enfatiza a relev\u00e2ncia da hist\u00f3ria social e cultural para as quest\u00f5es modernas. Entre suas obras mais relevantes, est\u00e3o os livros \u201cHist\u00f3ria Social do Conhecimento\u201d, volumes 1 e 2. Em 2020, chegou ao Brasil a tradu\u00e7\u00e3o de seu livro \u201cPol\u00edmata: uma hist\u00f3ria cultural de Leonardo da Vinci a Susan Sontag\u201d, pela editora Unesp. Sua mais recente obra \u00e9 \u201cIgnorance: A Global History\u201d (2023), ainda sem tradu\u00e7\u00e3o para o Portugu\u00eas, mas com previs\u00e3o chegar no Pa\u00eds em maio, em vers\u00e3o que ser\u00e1 publicada pela editora Vest\u00edgio.<\/p>\n<p><strong>Servi\u00e7o:<\/strong><\/p>\n<p><strong>\u201cConhecimento democr\u00e1tico e ignor\u00e2ncia democr\u00e1tica\u201d, palestra com o historiador brit\u00e2nico Peter Burke<\/strong><\/p>\n<p><strong>Data:<\/strong>\u00a0sexta-feira, 31 de mar\u00e7o, \u00e0s 15h<\/p>\n<p><strong>Local:<\/strong>\u00a0Audit\u00f3rio do Centro Maria Antonia da USP, na Rua Ant\u00f4nia, 294, 3\u00ba andar, Vila Buarque \u2013 S\u00e3o Paulo<\/p>\n<p><b>Vagas limitadas!<\/b><\/p>\n<p><strong>Transmiss\u00e3o:<\/strong>\u00a0canal da SBPC no Youtube<\/p>\n<p><em>*O evento \u00e9 aberto e gratuito para todos.<\/em><\/p>\n<p>&nbsp;<\/p>\n<p><span style=\"color: #808080;\"><a style=\"color: #808080;\" href=\"http:\/\/www.jornaldaciencia.org.br\/\" target=\"_blank\" rel=\"noopener\"><em>Jornal da Ci\u00eancia<\/em><\/a><\/span><\/p>\n<p>&nbsp;<\/p>\n<h6 id=\"capa-divulgacao\">Capa: Divulga\u00e7\u00e3o<\/h6>\n","protected":false},"excerpt":{"rendered":"Professor em\u00e9rito da Universidade de Cambridge e especialista em Gilberto Freyre, Burke&hellip;\n","protected":false},"author":19,"featured_media":3882,"comment_status":"open","ping_status":"open","sticky":false,"template":"","format":"standard","meta":[],"categories":[1,2],"tags":[],"acf":[],"_links":{"self":[{"href":"https:\/\/revistacienciaecultura.org.br\/index.php?rest_route=\/wp\/v2\/posts\/3880"}],"collection":[{"href":"https:\/\/revistacienciaecultura.org.br\/index.php?rest_route=\/wp\/v2\/posts"}],"about":[{"href":"https:\/\/revistacienciaecultura.org.br\/index.php?rest_route=\/wp\/v2\/types\/post"}],"author":[{"embeddable":true,"href":"https:\/\/revistacienciaecultura.org.br\/index.php?rest_route=\/wp\/v2\/users\/19"}],"replies":[{"embeddable":true,"href":"https:\/\/revistacienciaecultura.org.br\/index.php?rest_route=%2Fwp%2Fv2%2Fcomments&post=3880"}],"version-history":[{"count":3,"href":"https:\/\/revistacienciaecultura.org.br\/index.php?rest_route=\/wp\/v2\/posts\/3880\/revisions"}],"predecessor-version":[{"id":3883,"href":"https:\/\/revistacienciaecultura.org.br\/index.php?rest_route=\/wp\/v2\/posts\/3880\/revisions\/3883"}],"wp:featuredmedia":[{"embeddable":true,"href":"https:\/\/revistacienciaecultura.org.br\/index.php?rest_route=\/wp\/v2\/media\/3882"}],"wp:attachment":[{"href":"https:\/\/revistacienciaecultura.org.br\/index.php?rest_route=%2Fwp%2Fv2%2Fmedia&parent=3880"}],"wp:term":[{"taxonomy":"category","embeddable":true,"href":"https:\/\/revistacienciaecultura.org.br\/index.php?rest_route=%2Fwp%2Fv2%2Fcategories&post=3880"},{"taxonomy":"post_tag","embeddable":true,"href":"https:\/\/revistacienciaecultura.org.br\/index.php?rest_route=%2Fwp%2Fv2%2Ftags&post=3880"}],"curies":[{"name":"wp","href":"https:\/\/api.w.org\/{rel}","templated":true}]}}