{"id":3885,"date":"2023-03-29T07:30:57","date_gmt":"2023-03-29T07:30:57","guid":{"rendered":"https:\/\/revistacienciaecultura.org.br\/?p=3885"},"modified":"2023-03-28T19:45:31","modified_gmt":"2023-03-28T19:45:31","slug":"clima-mata-ate-15-vezes-mais-os-mais-vulneraveis","status":"publish","type":"post","link":"https:\/\/revistacienciaecultura.org.br\/?p=3885","title":{"rendered":"Clima mata at\u00e9 15 vezes mais os mais vulner\u00e1veis"},"content":{"rendered":"<h4 id=\"paises-mais-pobres-e-vulneraveis-sao-mais-afetados-pelo-aquecimento-global\"><span style=\"color: #808080;\">Pa\u00edses mais pobres e vulner\u00e1veis s\u00e3o mais afetados pelo aquecimento global<\/span><\/h4>\n<p>&nbsp;<\/p>\n<p>A mudan\u00e7a clim\u00e1tica afeta desproporcionalmente as pessoas mais vulner\u00e1veis, causando um aumento de mortes maior do que o observado nas na\u00e7\u00f5es mais ricas. Isso \u00e9 o que aponta o \u00faltimo <span style=\"color: #800000;\"><strong><a style=\"color: #800000;\" href=\"https:\/\/www.ipcc.ch\/languages-2\/spanish\/\">relat\u00f3rio do Painel Intergovernamental sobre Mudan\u00e7as Clim\u00e1ticas<\/a> <\/strong><\/span>(IPCC), conhecido como AR6, o mais abrangente publicado at\u00e9 hoje sobre os impactos do aquecimento global no planeta.<\/p>\n<p>O documento revela que secas mais frequentes e intensas, amea\u00e7as aos alimentos e \u00e0 \u00e1gua, doen\u00e7as e perdas de vidas j\u00e1 se verificam como consequ\u00eancia das altera\u00e7\u00f5es clim\u00e1ticas, com pandemias e conflitos a dificultar a sua gest\u00e3o.<\/p>\n<p>Quase metade da popula\u00e7\u00e3o mundial vive em regi\u00f5es vulner\u00e1veis \u200b\u200b\u00e0s mudan\u00e7as clim\u00e1ticas, segundo o relat\u00f3rio. Ainda, as mortes por enchentes, secas e temporais aumentaram 15 vezes nessas regi\u00f5es na \u00faltima d\u00e9cada.<\/p>\n<p>&nbsp;<\/p>\n<h4 id=\"sinal-de-alerta\"><strong>Sinal de alerta<\/strong><\/h4>\n<p>O relat\u00f3rio apontou v\u00e1rios sinais de alerta. Um delas \u00e9 o risco de perda de biodiversidade em sistemas naturais e humanos pode variar, dependendo do aumento da temperatura, passando despercebido ou, pelo contr\u00e1rio, afetando at\u00e9 40% das esp\u00e9cies, principalmente na Am\u00e9rica Central e no Caribe.<\/p>\n<p>Outro impacto muito significativo \u00e9 na sa\u00fade humana. Dependendo da regi\u00e3o, com um aumento de 2\u00b0C, a popula\u00e7\u00e3o estar\u00e1 em risco devido ao aumento da temperatura e umidade.<\/p>\n<p>Al\u00e9m disso, as mudan\u00e7as clim\u00e1ticas tamb\u00e9m alterar\u00e3o a produ\u00e7\u00e3o de alimentos. A expectativa \u00e9 que a produ\u00e7\u00e3o de milho e a pesca diminuam significativamente com o aumento das temperaturas. O documento tamb\u00e9m indica que os pequenos agricultores s\u00e3o os mais afetados pelas mudan\u00e7as clim\u00e1ticas, pois recebem menos de 2% do financiamento clim\u00e1tico.<\/p>\n<p>&nbsp;<\/p>\n<h4 id=\"solucoes\"><strong>Solu\u00e7\u00f5es<\/strong><\/h4>\n<p>A \u00eanfase na implementa\u00e7\u00e3o de solu\u00e7\u00f5es diferencia este documento dos anteriores. Para manter o aquecimento global em 1,5 <sup>o<\/sup>C acima dos n\u00edveis pr\u00e9-industriais, o relat\u00f3rio diz que s\u00e3o necess\u00e1rios cortes profundos, r\u00e1pidos e sustentados nas emiss\u00f5es de gases de efeito estufa em todos os setores, deixando claro que o ritmo e a escala das taxas de c\u00e2mbio atuais n\u00e3o s\u00e3o suficientes. O objetivo \u00e9 reduzir as emiss\u00f5es quase pela metade at\u00e9 2030 se o aquecimento for limitado a 1,5<sup> o<\/sup>C, conforme recomendado pelo IPCC.<\/p>\n<p>O secret\u00e1rio-geral da ONU, Antonio Guterres, prop\u00f4s acelerar a agenda em dire\u00e7\u00e3o a um Pacto de Solidariedade Clim\u00e1tica em que grandes emissores reduzam ainda mais suas emiss\u00f5es e apoiem as economias emergentes a fazerem o mesmo.<\/p>\n<p><span style=\"color: #808080;\"><em>Com informa\u00e7\u00f5es de <a style=\"color: #808080;\" href=\"https:\/\/www.scidev.net\/\">SciDev.Net<\/a><\/em><\/span><\/p>\n","protected":false},"excerpt":{"rendered":"Pa\u00edses mais pobres e vulner\u00e1veis s\u00e3o mais afetados pelo aquecimento global &nbsp;&hellip;\n","protected":false},"author":19,"featured_media":3349,"comment_status":"open","ping_status":"open","sticky":false,"template":"","format":"standard","meta":[],"categories":[1,2],"tags":[],"acf":[],"_links":{"self":[{"href":"https:\/\/revistacienciaecultura.org.br\/index.php?rest_route=\/wp\/v2\/posts\/3885"}],"collection":[{"href":"https:\/\/revistacienciaecultura.org.br\/index.php?rest_route=\/wp\/v2\/posts"}],"about":[{"href":"https:\/\/revistacienciaecultura.org.br\/index.php?rest_route=\/wp\/v2\/types\/post"}],"author":[{"embeddable":true,"href":"https:\/\/revistacienciaecultura.org.br\/index.php?rest_route=\/wp\/v2\/users\/19"}],"replies":[{"embeddable":true,"href":"https:\/\/revistacienciaecultura.org.br\/index.php?rest_route=%2Fwp%2Fv2%2Fcomments&post=3885"}],"version-history":[{"count":2,"href":"https:\/\/revistacienciaecultura.org.br\/index.php?rest_route=\/wp\/v2\/posts\/3885\/revisions"}],"predecessor-version":[{"id":3887,"href":"https:\/\/revistacienciaecultura.org.br\/index.php?rest_route=\/wp\/v2\/posts\/3885\/revisions\/3887"}],"wp:featuredmedia":[{"embeddable":true,"href":"https:\/\/revistacienciaecultura.org.br\/index.php?rest_route=\/wp\/v2\/media\/3349"}],"wp:attachment":[{"href":"https:\/\/revistacienciaecultura.org.br\/index.php?rest_route=%2Fwp%2Fv2%2Fmedia&parent=3885"}],"wp:term":[{"taxonomy":"category","embeddable":true,"href":"https:\/\/revistacienciaecultura.org.br\/index.php?rest_route=%2Fwp%2Fv2%2Fcategories&post=3885"},{"taxonomy":"post_tag","embeddable":true,"href":"https:\/\/revistacienciaecultura.org.br\/index.php?rest_route=%2Fwp%2Fv2%2Ftags&post=3885"}],"curies":[{"name":"wp","href":"https:\/\/api.w.org\/{rel}","templated":true}]}}