{"id":3888,"date":"2023-03-30T07:30:44","date_gmt":"2023-03-30T07:30:44","guid":{"rendered":"https:\/\/revistacienciaecultura.org.br\/?p=3888"},"modified":"2023-03-30T11:33:06","modified_gmt":"2023-03-30T11:33:06","slug":"sete-livros-para-voce-ficar-por-dentro-da-ciencia-brasileira","status":"publish","type":"post","link":"https:\/\/revistacienciaecultura.org.br\/?p=3888","title":{"rendered":"Sete livros para voc\u00ea ficar por dentro da ci\u00eancia brasileira"},"content":{"rendered":"<h4 id=\"obras-estao-disponiveis-para-download-gratuito-e-debatem-questoes-atuais-sobre-politica-meio-ambiente-e-diversidade\"><span style=\"color: #808080;\">Obras est\u00e3o dispon\u00edveis para download gratuito e debatem quest\u00f5es atuais sobre pol\u00edtica, meio ambiente e diversidade<\/span><\/h4>\n<p><em>\u00a0<\/em><\/p>\n<p><em>A Sociedade Brasileira Para o Progresso da Ci\u00eancia (SBPC), junto com seus Grupos de Trabalhos e parceiros, produz uma s\u00e9rie de relat\u00f3rios e documentos sobre a ci\u00eancia brasileira, em diversas \u00e1reas. Essas obras est\u00e3o dispon\u00edveis ao p\u00fablico para download gratuito, e trazem para o debate quest\u00f5es atuais e importantes sobre pol\u00edtica, meio ambiente, diversidade e outros assuntos fundamentais para nossa sociedade. Confira!<\/em><\/p>\n<p><strong>\u00a0<\/strong><\/p>\n<h4 id=\"\"><strong><img loading=\"lazy\" class=\"aligncenter wp-image-3892 size-medium\" src=\"https:\/\/revistacienciaecultura.org.br\/wp-content\/uploads\/2023\/03\/projeto-para-um-brasil-novo-212x300.jpeg\" alt=\"\" width=\"212\" height=\"300\" srcset=\"https:\/\/revistacienciaecultura.org.br\/wp-content\/uploads\/2023\/03\/projeto-para-um-brasil-novo-212x300.jpeg 212w, https:\/\/revistacienciaecultura.org.br\/wp-content\/uploads\/2023\/03\/projeto-para-um-brasil-novo-8x12.jpeg 8w, https:\/\/revistacienciaecultura.org.br\/wp-content\/uploads\/2023\/03\/projeto-para-um-brasil-novo.jpeg 722w\" sizes=\"(max-width: 212px) 100vw, 212px\" \/><\/strong><\/h4>\n<h4 id=\"projeto-para-um-brasil-novo\"><strong>Projeto para um Brasil Novo<\/strong><\/h4>\n<p>Visando elaborar um documento com diretrizes e propostas de pol\u00edticas a ser entregue aos candidatos ao Legislativo e ao Executivo nas elei\u00e7\u00f5es 2022, a SBPC organizou uma s\u00e9rie de debates com especialistas de diferentes \u00e1reas de conhecimento e de diferentes atua\u00e7\u00f5es profissionais. O resultado pode ser conferido nessa obra.<\/p>\n<p><strong><span style=\"color: #800000;\"><a style=\"color: #800000;\" href=\"http:\/\/portal.sbpcnet.org.br\/wp-content\/uploads\/2022\/07\/cadernos_SBPC_2022_1907.pdf\">Acesse a publica\u00e7\u00e3o aqui<\/a><\/span><\/strong><\/p>\n<p>&nbsp;<\/p>\n<h4 id=\"-2\"><img loading=\"lazy\" class=\"size-full wp-image-3893 aligncenter\" src=\"https:\/\/revistacienciaecultura.org.br\/wp-content\/uploads\/2023\/03\/eclipse-sobral.jpeg\" alt=\"\" width=\"276\" height=\"300\" srcset=\"https:\/\/revistacienciaecultura.org.br\/wp-content\/uploads\/2023\/03\/eclipse-sobral.jpeg 276w, https:\/\/revistacienciaecultura.org.br\/wp-content\/uploads\/2023\/03\/eclipse-sobral-11x12.jpeg 11w\" sizes=\"(max-width: 276px) 100vw, 276px\" \/><\/h4>\n<h4 id=\"centenario-do-eclipse-de-sobral-1919-2019\"><strong>Centen\u00e1rio do Eclipse de Sobral: 1919-2019<\/strong><\/h4>\n<p>O eclipse ocorrido na cidade de Sobral, no interior do Cear\u00e1, ajudou a comprar as teorias do f\u00edsico Albert Einstein. A obra \u00e9 dividida em quatro cap\u00edtulos e conta com in\u00fameras fotografias, desde as imagens hist\u00f3ricas at\u00e9 as imagens mais atuais feitas durante as atividades do centen\u00e1rio, al\u00e9m de 55 depoimentos de pesquisadores brasileiros e internacionais, autoridades pol\u00edticas e cient\u00edficas e moradores locais.<\/p>\n<p><span style=\"color: #800000;\"><strong><a style=\"color: #800000;\" href=\"http:\/\/portal.sbpcnet.org.br\/livro\/centenarioeclipsedesobral.pdf\">Acesse a publica\u00e7\u00e3o aqui<\/a><\/strong><\/span><\/p>\n<p>&nbsp;<\/p>\n<h4 id=\"-3\"><img loading=\"lazy\" class=\"size-full wp-image-3894 aligncenter\" src=\"https:\/\/revistacienciaecultura.org.br\/wp-content\/uploads\/2023\/03\/povos-traducionais.png\" alt=\"\" width=\"152\" height=\"300\" srcset=\"https:\/\/revistacienciaecultura.org.br\/wp-content\/uploads\/2023\/03\/povos-traducionais.png 152w, https:\/\/revistacienciaecultura.org.br\/wp-content\/uploads\/2023\/03\/povos-traducionais-6x12.png 6w\" sizes=\"(max-width: 152px) 100vw, 152px\" \/><\/h4>\n<h4 id=\"povos-tradicionais-e-biodiversidade-no-brasil\"><strong>Povos tradicionais e biodiversidade no Brasil <\/strong><\/h4>\n<p><strong>Contribui\u00e7\u00f5es dos povos ind\u00edgenas, quilombolas e comunidades tradicionais para a biodiversidade, pol\u00edticas e amea\u00e7as<\/strong><\/p>\n<p>Os povos ind\u00edgenas, quilombolas e comunidades tradicionais no Brasil s\u00e3o fundamentais para a gera\u00e7\u00e3o e conserva\u00e7\u00e3o da biodiversidade al\u00e9m de outros servi\u00e7os ecossist\u00eamicos no pa\u00eds. A obra discute as contribui\u00e7\u00f5es dessas popula\u00e7\u00f5es assim como as pol\u00edticas p\u00fablicas que os afetam positiva ou negativamente, os conflitos e amea\u00e7as a que est\u00e3o sujeitos, al\u00e9m das avalia\u00e7\u00f5es e recomenda\u00e7\u00f5es de \u00f3rg\u00e3os internacionais acerca de compromissos assumidos pelo Brasil.<\/p>\n<p><span style=\"color: #800000;\"><strong><a style=\"color: #800000;\" href=\"http:\/\/portal.sbpcnet.org.br\/publicacoes\/povos-tradicionais-e-biodiversidade-no-brasil\/\">Acesse a publica\u00e7\u00e3o aqui<\/a><\/strong><\/span><\/p>\n<p>&nbsp;<\/p>\n<h4 id=\"-4\"><img loading=\"lazy\" class=\"size-medium wp-image-3895 aligncenter\" src=\"https:\/\/revistacienciaecultura.org.br\/wp-content\/uploads\/2023\/03\/ciencia-para-o-brasil-231x300.jpeg\" alt=\"\" width=\"231\" height=\"300\" srcset=\"https:\/\/revistacienciaecultura.org.br\/wp-content\/uploads\/2023\/03\/ciencia-para-o-brasil-231x300.jpeg 231w, https:\/\/revistacienciaecultura.org.br\/wp-content\/uploads\/2023\/03\/ciencia-para-o-brasil-768x997.jpeg 768w, https:\/\/revistacienciaecultura.org.br\/wp-content\/uploads\/2023\/03\/ciencia-para-o-brasil-9x12.jpeg 9w, https:\/\/revistacienciaecultura.org.br\/wp-content\/uploads\/2023\/03\/ciencia-para-o-brasil.jpeg 789w\" sizes=\"(max-width: 231px) 100vw, 231px\" \/><\/h4>\n<h4 id=\"ciencia-para-o-brasil\"><strong>Ci\u00eancia para o Brasil <\/strong><\/h4>\n<p><strong>70 anos da Sociedade Brasileira pra o Progresso da Ci\u00eancia (SBPC)<\/strong><\/p>\n<p>A SBPC foi fundada em 8 de julho de 1948 com o objetivo de unir o pensamento cient\u00edfico brasileiro e defender o avan\u00e7o cient\u00edfico e tecnol\u00f3gico, assim como o desenvolvimento educacional e cultural do Brasil. Desde ent\u00e3o, tem se engajado em v\u00e1rias lutas \u2013 at\u00e9 mesmo contra a Ditadura. A obra retrata a trajet\u00f3ria da entidade a partir de sua funda\u00e7\u00e3o at\u00e9 o seu 70\u00ba anivers\u00e1rio, em 2018.<\/p>\n<p><span style=\"color: #800000;\"><strong><a style=\"color: #800000;\" href=\"http:\/\/portal.sbpcnet.org.br\/livro\/cienciaparaobrasil.pdf\">Acesse a publica\u00e7\u00e3o aqui<\/a><\/strong><\/span><\/p>\n<p>&nbsp;<\/p>\n<h4 id=\"-5\"><img loading=\"lazy\" class=\"size-full wp-image-3896 aligncenter\" src=\"https:\/\/revistacienciaecultura.org.br\/wp-content\/uploads\/2023\/03\/jose-reis.jpeg\" alt=\"\" width=\"202\" height=\"300\" srcset=\"https:\/\/revistacienciaecultura.org.br\/wp-content\/uploads\/2023\/03\/jose-reis.jpeg 202w, https:\/\/revistacienciaecultura.org.br\/wp-content\/uploads\/2023\/03\/jose-reis-8x12.jpeg 8w\" sizes=\"(max-width: 202px) 100vw, 202px\" \/><\/h4>\n<h4 id=\"jose-reis-reflexoes-sobre-a-divulgacao-cientifica\"><strong>Jos\u00e9 Reis: Reflex\u00f5es sobre a Divulga\u00e7\u00e3o cient\u00edfica<\/strong><\/h4>\n<p>M\u00e9dico, pesquisador, jornalista e educador. Jos\u00e9 Reis foi um \u00edcone da divulga\u00e7\u00e3o cient\u00edfica brasileira. Nesta obra, organizada pela jornalista e pesquisadora do N\u00facleo de Estudos da Divulga\u00e7\u00e3o Cient\u00edfica do Museu da Vida, da Funda\u00e7\u00e3o Oswaldo Cruz (Fiocruz), Luisa Massarani, e gestora da Biblioteca de Hist\u00f3ria das Ci\u00eancias e da Sa\u00fade \u2013 Casa de Oswaldo Cruz (COC), Eliane Monteiro de Santana Dias, Reis discute as formas e possibilidades de comunicar e popularizar a ci\u00eancia.<\/p>\n<p><span style=\"color: #800000;\"><strong><a style=\"color: #800000;\" href=\"http:\/\/portal.sbpcnet.org.br\/livro\/ebook_reflexoes_divulgacao_cientifica_press.pdf\">Acesse a publica\u00e7\u00e3o aqui<\/a><\/strong><\/span><\/p>\n<p>&nbsp;<\/p>\n<h4 id=\"-6\"><img loading=\"lazy\" class=\"size-medium wp-image-3897 aligncenter\" src=\"https:\/\/revistacienciaecultura.org.br\/wp-content\/uploads\/2023\/03\/estado-laico-213x300.jpeg\" alt=\"\" width=\"213\" height=\"300\" srcset=\"https:\/\/revistacienciaecultura.org.br\/wp-content\/uploads\/2023\/03\/estado-laico-213x300.jpeg 213w, https:\/\/revistacienciaecultura.org.br\/wp-content\/uploads\/2023\/03\/estado-laico-9x12.jpeg 9w, https:\/\/revistacienciaecultura.org.br\/wp-content\/uploads\/2023\/03\/estado-laico.jpeg 318w\" sizes=\"(max-width: 213px) 100vw, 213px\" \/><\/h4>\n<h4 id=\"embates-em-torno-de-um-estado-laico\"><strong>Embates em torno de um estado laico<\/strong><\/h4>\n<p>Qual o conceito de Estado laico? Qual o impacto da n\u00e3o laicidade sobre a ci\u00eancia, a pol\u00edtica, o ensino, a sa\u00fade, as pesquisas biom\u00e9dicas, a sexualidade e os direitos das mulheres? Esses, e outros temas, s\u00e3o discutidos na obra que \u00e9 resultado do Grupo de Trabalho (GT) Estado Laico da SBPC. O livro ainda traz dois anexos: Declara\u00e7\u00e3o Universal sobre a laicidade no s\u00e9culo XXI e textos indicados sobre a laicidade do Estado no Brasil, dispon\u00edveis na internet.<\/p>\n<p><span style=\"color: #800000;\"><strong><a style=\"color: #800000;\" href=\"http:\/\/portal.sbpcnet.org.br\/livro\/estadolaico.pdf\">Acesse a publica\u00e7\u00e3o aqui<\/a><\/strong><\/span><\/p>\n<p>&nbsp;<\/p>\n<h4 id=\"-7\"><img loading=\"lazy\" class=\"size-full wp-image-3898 aligncenter\" src=\"https:\/\/revistacienciaecultura.org.br\/wp-content\/uploads\/2023\/03\/energia-nuclear.jpeg\" alt=\"\" width=\"210\" height=\"300\" srcset=\"https:\/\/revistacienciaecultura.org.br\/wp-content\/uploads\/2023\/03\/energia-nuclear.jpeg 210w, https:\/\/revistacienciaecultura.org.br\/wp-content\/uploads\/2023\/03\/energia-nuclear-8x12.jpeg 8w\" sizes=\"(max-width: 210px) 100vw, 210px\" \/><\/h4>\n<h4 id=\"aplicacoes-da-energia-nuclear-na-saude\"><strong>Aplica\u00e7\u00f5es da Energia Nuclear na Sa\u00fade<\/strong><\/h4>\n<p>A energia nuclear tamb\u00e9m pode ser aplicada na sa\u00fade. Quais seus riscos e seus benef\u00edcios? Publicado em conjunto com a Ag\u00eancia Internacional de Energia Nuclear (IAEA), o livro descreve diversas caracter\u00edsticas e aplica\u00e7\u00f5es da F\u00edsica Nuclear nas vers\u00f5es em portugu\u00eas e ingl\u00eas.<\/p>\n<p><span style=\"color: #800000;\"><strong><a style=\"color: #800000;\" href=\"http:\/\/portal.sbpcnet.org.br\/livro\/energianuclearnasaude.pdf\">Acesse a publica\u00e7\u00e3o aqui<\/a><\/strong><\/span><\/p>\n<p>&nbsp;<\/p>\n<h6 id=\"capa-imagem-por-alexis-brown-unsplash-com\">Capa: Imagem por Alexis Brown | <a href=\"http:\/\/Unsplash.com\" target=\"_blank\" rel=\"noopener\">Unsplash.com<\/a><\/h6>\n","protected":false},"excerpt":{"rendered":"Obras est\u00e3o dispon\u00edveis para download gratuito e debatem quest\u00f5es atuais sobre pol\u00edtica,&hellip;\n","protected":false},"author":19,"featured_media":3899,"comment_status":"open","ping_status":"open","sticky":false,"template":"","format":"standard","meta":[],"categories":[1,2],"tags":[],"acf":[],"_links":{"self":[{"href":"https:\/\/revistacienciaecultura.org.br\/index.php?rest_route=\/wp\/v2\/posts\/3888"}],"collection":[{"href":"https:\/\/revistacienciaecultura.org.br\/index.php?rest_route=\/wp\/v2\/posts"}],"about":[{"href":"https:\/\/revistacienciaecultura.org.br\/index.php?rest_route=\/wp\/v2\/types\/post"}],"author":[{"embeddable":true,"href":"https:\/\/revistacienciaecultura.org.br\/index.php?rest_route=\/wp\/v2\/users\/19"}],"replies":[{"embeddable":true,"href":"https:\/\/revistacienciaecultura.org.br\/index.php?rest_route=%2Fwp%2Fv2%2Fcomments&post=3888"}],"version-history":[{"count":5,"href":"https:\/\/revistacienciaecultura.org.br\/index.php?rest_route=\/wp\/v2\/posts\/3888\/revisions"}],"predecessor-version":[{"id":3901,"href":"https:\/\/revistacienciaecultura.org.br\/index.php?rest_route=\/wp\/v2\/posts\/3888\/revisions\/3901"}],"wp:featuredmedia":[{"embeddable":true,"href":"https:\/\/revistacienciaecultura.org.br\/index.php?rest_route=\/wp\/v2\/media\/3899"}],"wp:attachment":[{"href":"https:\/\/revistacienciaecultura.org.br\/index.php?rest_route=%2Fwp%2Fv2%2Fmedia&parent=3888"}],"wp:term":[{"taxonomy":"category","embeddable":true,"href":"https:\/\/revistacienciaecultura.org.br\/index.php?rest_route=%2Fwp%2Fv2%2Fcategories&post=3888"},{"taxonomy":"post_tag","embeddable":true,"href":"https:\/\/revistacienciaecultura.org.br\/index.php?rest_route=%2Fwp%2Fv2%2Ftags&post=3888"}],"curies":[{"name":"wp","href":"https:\/\/api.w.org\/{rel}","templated":true}]}}