{"id":3905,"date":"2023-04-05T07:30:57","date_gmt":"2023-04-05T07:30:57","guid":{"rendered":"https:\/\/revistacienciaecultura.org.br\/?p=3905"},"modified":"2023-04-04T19:25:08","modified_gmt":"2023-04-04T19:25:08","slug":"mundo-joga-um-caminhao-de-lixo-por-minuto-nos-oceanos","status":"publish","type":"post","link":"https:\/\/revistacienciaecultura.org.br\/?p=3905","title":{"rendered":"Mundo joga um caminh\u00e3o de lixo por minuto nos oceanos"},"content":{"rendered":"<h4 id=\"dados-da-onu-apontam-que-cerca-de-931-milhoes-de-toneladas-de-alimentos-sao-perdidos-ou-desperdicados-todos-os-anos\"><span style=\"color: #808080;\">Dados da ONU apontam que cerca de 931 milh\u00f5es de toneladas de alimentos s\u00e3o perdidos ou desperdi\u00e7ados todos os anos<\/span><\/h4>\n<p>&nbsp;<\/p>\n<p>Todo ano, dois bilh\u00f5es de toneladas de res\u00edduos s\u00f3lidos s\u00e3o gerados, mas 33% n\u00e3o recebem tratamento adequado. A quantidade equivale a um caminh\u00e3o de lixo cheio de pl\u00e1stico sendo despejado no oceano a cada minuto. O alerta foi dado pela <a href=\"un.org\"><span style=\"color: #800000;\"><strong>Organiza\u00e7\u00e3o das Na\u00e7\u00f5es Unidas<\/strong><\/span><\/a> (ONU) no Dia Internacional de Desperd\u00edcio Zero, celebrado em 30 de mar\u00e7o.<\/p>\n<p>Segundo dados da ag\u00eancia, o setor de res\u00edduos \u00e9 parte da tripla crise planet\u00e1ria de mudan\u00e7a clim\u00e1tica, perda da biodiversidade e polui\u00e7\u00e3o. Os objetivos das iniciativas de desperd\u00edcio zero s\u00e3o proteger o meio ambiente, aumentar a seguran\u00e7a alimentar e melhorar a sa\u00fade e o bem-estar humanos. No ritmo atual, a produ\u00e7\u00e3o de dejetos chegar\u00e1 a quatro toneladas por ano at\u00e9 2050.<\/p>\n<p>A Estrat\u00e9gia Global para Consumo e Produ\u00e7\u00e3o Sustent\u00e1veis \u200b\u200bpode orientar essa transi\u00e7\u00e3o. Estabelecido pela Assembleia Geral das Na\u00e7\u00f5es Unidas, Estados-membros e partes interessadas, o documento prop\u00f5e a ado\u00e7\u00e3o de objetivos sustent\u00e1veis \u200b\u200bde consumo e produ\u00e7\u00e3o em todos os setores at\u00e9 2030. O secret\u00e1rio-geral da ONU, Ant\u00f3nio Guterres, disse que \u00e9 preciso \u201cdeclarar guerra ao lixo\u201d, e que os consumidores precisam agir de forma mais consciente. Ele tamb\u00e9m afirmou que empresas que devem contribuir para uma \u201ceconomia circular e sem desperd\u00edcio\u201d.<\/p>\n<p>&nbsp;<\/p>\n<h4 id=\"desperdicio-de-alimentos\"><strong>Desperd\u00edcio de alimentos<\/strong><\/h4>\n<p>O levantamento da ONU apontou ainda que todos os anos, cerca de 931 milh\u00f5es de toneladas de alimentos s\u00e3o perdidos ou desperdi\u00e7ados e at\u00e9 14 milh\u00f5es de toneladas de res\u00edduos pl\u00e1sticos entram nos ecossistemas aqu\u00e1ticos.<\/p>\n<p>Segundo a entidade, 10% de todas as emiss\u00f5es globais de gases de efeito estufa v\u00eam do cultivo, armazenamento e transporte de alimentos \u201cque nunca s\u00e3o usados\u201d. A ONU considera esse dado preocupante, uma vez que, em n\u00edvel global, 800 milh\u00f5es de pessoas, por ano, passam fome.<\/p>\n<p><span style=\"color: #808080;\"><em>Com dados da <a style=\"color: #808080;\" href=\"https:\/\/news.un.org\/\">ONU News<\/a><\/em><\/span><\/p>\n<p>&nbsp;<\/p>\n<h6 id=\"capa-foto-por-antoine-giret-unsplash-com\">Capa: Foto por Antoine Giret| <a href=\"http:\/\/Unsplash.com\" target=\"_blank\" rel=\"noopener\">Unsplash.com<\/a><\/h6>\n","protected":false},"excerpt":{"rendered":"Dados da ONU apontam que cerca de 931 milh\u00f5es de toneladas de&hellip;\n","protected":false},"author":19,"featured_media":3907,"comment_status":"open","ping_status":"open","sticky":false,"template":"","format":"standard","meta":[],"categories":[1,2],"tags":[],"acf":[],"_links":{"self":[{"href":"https:\/\/revistacienciaecultura.org.br\/index.php?rest_route=\/wp\/v2\/posts\/3905"}],"collection":[{"href":"https:\/\/revistacienciaecultura.org.br\/index.php?rest_route=\/wp\/v2\/posts"}],"about":[{"href":"https:\/\/revistacienciaecultura.org.br\/index.php?rest_route=\/wp\/v2\/types\/post"}],"author":[{"embeddable":true,"href":"https:\/\/revistacienciaecultura.org.br\/index.php?rest_route=\/wp\/v2\/users\/19"}],"replies":[{"embeddable":true,"href":"https:\/\/revistacienciaecultura.org.br\/index.php?rest_route=%2Fwp%2Fv2%2Fcomments&post=3905"}],"version-history":[{"count":3,"href":"https:\/\/revistacienciaecultura.org.br\/index.php?rest_route=\/wp\/v2\/posts\/3905\/revisions"}],"predecessor-version":[{"id":3908,"href":"https:\/\/revistacienciaecultura.org.br\/index.php?rest_route=\/wp\/v2\/posts\/3905\/revisions\/3908"}],"wp:featuredmedia":[{"embeddable":true,"href":"https:\/\/revistacienciaecultura.org.br\/index.php?rest_route=\/wp\/v2\/media\/3907"}],"wp:attachment":[{"href":"https:\/\/revistacienciaecultura.org.br\/index.php?rest_route=%2Fwp%2Fv2%2Fmedia&parent=3905"}],"wp:term":[{"taxonomy":"category","embeddable":true,"href":"https:\/\/revistacienciaecultura.org.br\/index.php?rest_route=%2Fwp%2Fv2%2Fcategories&post=3905"},{"taxonomy":"post_tag","embeddable":true,"href":"https:\/\/revistacienciaecultura.org.br\/index.php?rest_route=%2Fwp%2Fv2%2Ftags&post=3905"}],"curies":[{"name":"wp","href":"https:\/\/api.w.org\/{rel}","templated":true}]}}