{"id":3916,"date":"2023-04-11T07:30:27","date_gmt":"2023-04-11T07:30:27","guid":{"rendered":"https:\/\/revistacienciaecultura.org.br\/?p=3916"},"modified":"2023-04-10T19:09:48","modified_gmt":"2023-04-10T19:09:48","slug":"agendamento-de-visitas-escolares-a-sbpc-jovem-podem-ser-feitos-ate-5-de-maio","status":"publish","type":"post","link":"https:\/\/revistacienciaecultura.org.br\/?p=3916","title":{"rendered":"Agendamento de visitas escolares \u00e0 SBPC Jovem podem ser feitos at\u00e9 5 de maio"},"content":{"rendered":"<h4 id=\"em-sua-75a-edicao-a-reuniao-anual-da-sbpc-ocorrera-de-23-a-29-de-julho-de-2023-na-ufpr-em-curitiba-a-sbpc-jovem-e-uma-das-principais-atracoes-do-evento-e-e-realizada-desde-1993-esta-sera\"><span style=\"color: #808080;\">Em sua 75\u00aa edi\u00e7\u00e3o, a Reuni\u00e3o Anual da SBPC ocorrer\u00e1 de 23 a 29 de\u00a0julho\u00a0de 2023 na UFPR, em Curitiba. A SBPC Jovem \u00e9 uma das principais atra\u00e7\u00f5es do evento e \u00e9 realizada desde 1993. Esta ser\u00e1 uma edi\u00e7\u00e3o comemorativa de 30 anos e contar\u00e1 com uma programa\u00e7\u00e3o di\u00e1ria e gratuita<\/span><\/h4>\n<p>&nbsp;<\/p>\n<p>A Comiss\u00e3o Executiva Local da 75\u00aa Reuni\u00e3o Anual da SBPC abre inscri\u00e7\u00f5es para visitas escolares \u00e0 SBPC Jovem.<\/p>\n<p>Durante o evento, que ocorrer\u00e1 de 23 a 29 de\u00a0julho\u00a0de 2023, ser\u00e3o realizadas diversas atividades como: Ci\u00eancia M\u00f3vel, Circo da Ci\u00eancia, Feiras de Ci\u00eancias, apresenta\u00e7\u00f5es de trabalhos de ci\u00eancias, atividades culturais, entre outras.<\/p>\n<p>A SBPC Jovem \u00e9 um evento associado \u00e0 reuni\u00e3o anual da SBPC e acontece desde 1993. Esta ser\u00e1 uma edi\u00e7\u00e3o comemorativa de 30 anos e contar\u00e1 com uma programa\u00e7\u00e3o di\u00e1ria e gratuita. Tem por objetivo incentivar o contato de estudantes dos ensinos fundamental, m\u00e9dio e t\u00e9cnico com o conhecimento cient\u00edfico; pesquisadores e experimentos; assim como para o p\u00fablico em geral<\/p>\n<p>O per\u00edodo de Agendamento vai de\u00a0<strong>01 de abril a 05 de maio de 2023<\/strong>\u00a0pelo formul\u00e1rio dispon\u00edvel\u00a0<strong><span style=\"color: #800000;\"><a style=\"color: #800000;\" href=\"https:\/\/docs.google.com\/forms\/d\/e\/1FAIpQLSeaP0pyKwt2vO60b0sfryYyPJOX7N0uZ9HYFm9ijDkeOuxenQ\/viewform\" target=\"_blank\" rel=\"noopener\">aqui<\/a><\/span>.<\/strong><\/p>\n<p>As datas abertas para agendamento ser\u00e3o de 24 a 28 de julho. O dia 23 ser\u00e1 espec\u00edfico para atividades da SBPC Cient\u00edfica e dia 29 ser\u00e1 o s\u00e1bado da Fam\u00edlia, com livre acesso ao p\u00fablico em geral. Podem se inscrever escolas de Ensino Fundamental I e II, M\u00e9dio, T\u00e9cnico e EJA, p\u00fablicas ou privadas.<\/p>\n<p>H\u00e1 um n\u00famero limite de inscri\u00e7\u00f5es por per\u00edodo.\u00a0 Por isso, os agendamentos de visitas ser\u00e3o feitos por ordem de inscri\u00e7\u00e3o, havendo a possibilidade de remanejamento de dia e hor\u00e1rio das institui\u00e7\u00f5es de ensino. Caso a data escolhida esteja com o p\u00fablico m\u00e1ximo atingido, para isso, ser\u00e1 feito contato pr\u00e9vio por e-mail. As confirma\u00e7\u00f5es e orienta\u00e7\u00f5es para as visitas ser\u00e3o feitas ap\u00f3s o fim do per\u00edodo de agendamento, tamb\u00e9m via e-mail.<\/p>\n<p>75% das vagas s\u00e3o disponibilizadas\u00a0para institui\u00e7\u00f5es da rede p\u00fablica e 25% para institui\u00e7\u00f5es da rede privada. Em situa\u00e7\u00e3o de n\u00e3o contempla\u00e7\u00e3o de todas as vagas por uma das redes, ser\u00e1 poss\u00edvel para a Comiss\u00e3o de Visitas Escolares da SBPC Jovem 2023 organizar a ocupa\u00e7\u00e3o das vagas n\u00e3o utilizadas com inscri\u00e7\u00f5es excedentes.<\/p>\n<p>A SBPC Jovem \u00e9 um evento filiado \u00e0 Reuni\u00e3o Anual da SBPC, que visa incentivar o contato de alunos do ensino b\u00e1sico com a ci\u00eancia e os cientistas.<\/p>\n<p>Mais informa\u00e7\u00f5es podem ser obtidas pelo e-mail <span style=\"color: #800000;\"><strong><a style=\"color: #800000;\" href=\"mailto:sbpcjovemufpr@gmail.com\" target=\"_blank\" rel=\"noopener\">sbpcjovemufpr@gmail.com<\/a><\/strong><\/span>.<\/p>\n<p>Informa\u00e7\u00f5es adicionais sobre o evento poder\u00e3o ser consultadas no\u00a0<span style=\"color: #800000;\"><strong><a style=\"color: #800000;\" href=\"https:\/\/sbpc.ufpr.br\/\" target=\"_blank\" rel=\"noopener\">site oficial<\/a><\/strong><\/span>.<\/p>\n<p><em><span style=\"color: #808080;\"><a style=\"color: #808080;\" href=\"https:\/\/ufpr.br\/agendamento-de-visitas-escolares-a-sbpc-jovem-ate-05-05\/\" target=\"_blank\" rel=\"noopener\">Com informa\u00e7\u00f5es de UFPR<\/a><\/span><\/em><\/p>\n<p>&nbsp;<\/p>\n<h6 id=\"capa-foto-por-jardel-rodrigues-sbpc\">Capa: Foto por Jardel Rodrigues\/ SBPC<\/h6>\n","protected":false},"excerpt":{"rendered":"Em sua 75\u00aa edi\u00e7\u00e3o, a Reuni\u00e3o Anual da SBPC ocorrer\u00e1 de 23&hellip;\n","protected":false},"author":19,"featured_media":3918,"comment_status":"open","ping_status":"open","sticky":false,"template":"","format":"standard","meta":[],"categories":[1,2],"tags":[],"acf":[],"_links":{"self":[{"href":"https:\/\/revistacienciaecultura.org.br\/index.php?rest_route=\/wp\/v2\/posts\/3916"}],"collection":[{"href":"https:\/\/revistacienciaecultura.org.br\/index.php?rest_route=\/wp\/v2\/posts"}],"about":[{"href":"https:\/\/revistacienciaecultura.org.br\/index.php?rest_route=\/wp\/v2\/types\/post"}],"author":[{"embeddable":true,"href":"https:\/\/revistacienciaecultura.org.br\/index.php?rest_route=\/wp\/v2\/users\/19"}],"replies":[{"embeddable":true,"href":"https:\/\/revistacienciaecultura.org.br\/index.php?rest_route=%2Fwp%2Fv2%2Fcomments&post=3916"}],"version-history":[{"count":3,"href":"https:\/\/revistacienciaecultura.org.br\/index.php?rest_route=\/wp\/v2\/posts\/3916\/revisions"}],"predecessor-version":[{"id":3919,"href":"https:\/\/revistacienciaecultura.org.br\/index.php?rest_route=\/wp\/v2\/posts\/3916\/revisions\/3919"}],"wp:featuredmedia":[{"embeddable":true,"href":"https:\/\/revistacienciaecultura.org.br\/index.php?rest_route=\/wp\/v2\/media\/3918"}],"wp:attachment":[{"href":"https:\/\/revistacienciaecultura.org.br\/index.php?rest_route=%2Fwp%2Fv2%2Fmedia&parent=3916"}],"wp:term":[{"taxonomy":"category","embeddable":true,"href":"https:\/\/revistacienciaecultura.org.br\/index.php?rest_route=%2Fwp%2Fv2%2Fcategories&post=3916"},{"taxonomy":"post_tag","embeddable":true,"href":"https:\/\/revistacienciaecultura.org.br\/index.php?rest_route=%2Fwp%2Fv2%2Ftags&post=3916"}],"curies":[{"name":"wp","href":"https:\/\/api.w.org\/{rel}","templated":true}]}}