{"id":3949,"date":"2023-04-12T07:30:04","date_gmt":"2023-04-12T07:30:04","guid":{"rendered":"https:\/\/revistacienciaecultura.org.br\/?p=3949"},"modified":"2023-04-11T19:48:05","modified_gmt":"2023-04-11T19:48:05","slug":"20a-semana-nacional-de-ciencia-e-tecnologia-discute-ciencias-basicas-para-o-desenvolvimento-sustentavel","status":"publish","type":"post","link":"https:\/\/revistacienciaecultura.org.br\/?p=3949","title":{"rendered":"20\u00aa Semana Nacional de Ci\u00eancia e Tecnologia discute \u201cCi\u00eancias B\u00e1sicas para o Desenvolvimento Sustent\u00e1vel\u201d"},"content":{"rendered":"<h4 id=\"maior-evento-de-popularizacao-do-pais-sera-realizado-de-14-a-20-de-outubro-em-escolas-universidades-museus-centros-de-pesquisa-parques-e-jardins-botanicos\"><span style=\"color: #808080;\">Maior evento de populariza\u00e7\u00e3o do pa\u00eds ser\u00e1 realizado de 14 a 20 de outubro em escolas, universidades, museus, centros de pesquisa, parques e jardins bot\u00e2nicos<\/span><\/h4>\n<p>&nbsp;<\/p>\n<p>O tema da 20\u00aa edi\u00e7\u00e3o da Semana Nacional de Ci\u00eancia e Tecnologia (SNCT) ser\u00e1 \u201cCi\u00eancias B\u00e1sicas para o Desenvolvimento Sustent\u00e1vel\u201d. O an\u00fancio foi feito pela ministra da Ci\u00eancia, Tecnologia e Inova\u00e7\u00e3o, Luciana Santos, nesta segunda-feira (10) durante videoconfer\u00eancia com representantes das secretarias estaduais de Ci\u00eancia e Tecnologia, <span style=\"color: #800000;\"><strong><a style=\"color: #800000;\" href=\"http:\/\/www.cnpq.br\/\">Conselho Nacional de Desenvolvimento Cient\u00edfico e Tecnol\u00f3gico<\/a><\/strong> <\/span>(CNPq), <span style=\"color: #800000;\"><strong><a style=\"color: #800000;\" href=\"http:\/\/www.finep.gov.br\/\">Financiadora de Estudos e Projetos<\/a><\/strong><\/span> (Finep) e <span style=\"color: #800000;\"><strong><a style=\"color: #800000;\" href=\"https:\/\/www.unesco.org\/en\">Organiza\u00e7\u00e3o das Na\u00e7\u00f5es Unidas para a Educa\u00e7\u00e3o, a Ci\u00eancia e a Cultura<\/a><\/strong><\/span> (Unesco), al\u00e9m de comunidade cient\u00edfica. O maior evento de populariza\u00e7\u00e3o da ci\u00eancia do pa\u00eds ser\u00e1 realizado de 14 a 20 de outubro.<\/p>\n<p>A SNCT \u00e9 coordenada pela Secretaria de Ci\u00eancia e Tecnologia para o Desenvolvimento Social do Minist\u00e9rio da Ci\u00eancia, Tecnologia e Inova\u00e7\u00e3o (MCTI) e ocorre nas escolas, universidades, museus, institui\u00e7\u00f5es de ci\u00eancia e tecnologia, centros de pesquisa, parques e jardins bot\u00e2nicos. O tema escolhido faz alus\u00e3o ao <span style=\"color: #800000;\"><strong><a style=\"color: #800000;\" href=\"https:\/\/revistacienciaecultura.org.br\/?p=3721\">Ano Internacional das Ci\u00eancias B\u00e1sicas para o Desenvolvimento Sustent\u00e1vel<\/a><\/strong><\/span> e reconhece a import\u00e2ncia das ci\u00eancias b\u00e1sicas para atingir pelo menos sete dos 17 Objetivos de Desenvolvimento Sustent\u00e1vel (ODS) da <span style=\"color: #800000;\"><strong><a style=\"color: #800000;\" href=\"https:\/\/brasil.un.org\/pt-br\">Organiza\u00e7\u00e3o das Na\u00e7\u00f5es Unidas<\/a><\/strong><\/span> (ONU).<\/p>\n<p>Segundo a ministra Luciana Santos, o objetivo \u00e9 fortalecer a Semana Nacional de Ci\u00eancia e Tecnologia, que sofreu forte redu\u00e7\u00e3o do n\u00famero de participantes nos anos anteriores. Ela lembrou que, em 2018, o evento chegou a bater recorde de munic\u00edpios inscritos, com 1.506 cidades participantes. \u201cEm 2022, esse n\u00famero baixou para 580 cidades e 235 projetos\u201d, disse a ministra, lembrando da necessidade de resgatar e aproximar a ci\u00eancia da popula\u00e7\u00e3o.<\/p>\n<p>&nbsp;<\/p>\n<h4 id=\"ciencias-basicas-para-o-desenvolvimento-sustentavel\"><strong>Ci\u00eancias B\u00e1sicas para o Desenvolvimento Sustent\u00e1vel<\/strong><\/h4>\n<p>A ONU e a\u00a0<span style=\"color: #800000;\"><strong><a style=\"color: #800000;\" href=\"https:\/\/www.unesco.org\/en\">Unesco<\/a><\/strong><\/span>\u00a0definiram 2022-23 como o\u00a0Ano Internacional das Ci\u00eancias B\u00e1sicas para o Desenvolvimento Sustent\u00e1vel 2022-23\u00a0(IYBSSD, na sigla em ingl\u00eas). O objetivo \u00e9 ressaltar a liga\u00e7\u00e3o entre as ci\u00eancias b\u00e1sicas e os Objetivos de Desenvolvimento Sustent\u00e1vel (ODS) e destacar os poss\u00edveis impactos das ci\u00eancias b\u00e1sicas para esses objetivos. Este ano ser\u00e1 um momento chave de mobiliza\u00e7\u00e3o para convencer l\u00edderes econ\u00f4micos e pol\u00edticos, bem como o p\u00fablico, da import\u00e2ncia da ci\u00eancia b\u00e1sica para o nosso futuro.<\/p>\n<p>O\u00a0IYBSSD ter\u00e1 sua confer\u00eancia de abertura no dia 8 de julho, na sede da Unesco, em Paris. De 01\u00a0de julho de 2022 a 01\u00a0de julho de 2023, academias e associa\u00e7\u00f5es cient\u00edficas em todo o mundo realizar\u00e3o eventos, palestras, reuni\u00f5es e outras a\u00e7\u00f5es para demonstrar a import\u00e2ncia da ci\u00eancia b\u00e1sica para o futuro.<\/p>\n<p>Aqui no Brasil, a<strong>\u00a0<a href=\"http:\/\/www.sbpcnet.org.br\/\"><span style=\"color: #800000;\">Sociedade Brasileira para o Progresso da Ci\u00eancia<\/span><\/a><\/strong>\u00a0(SBPC) e a\u00a0<a href=\"https:\/\/www.googleadservices.com\/pagead\/aclk?sa=L&amp;ai=DChcSEwi40LS1mvT8AhU6QUgAHbcDBnsYABAAGgJjZQ&amp;ohost=www.google.com&amp;cid=CAESa-D2jzQ0qSHnQWZaQOci1guOz-ekQKa305BJaH-UUM8D7vbbutZS_qWNs5CFJq7yKzNSLYPZGdenIYx2OwYq2akHZlVSjPvFVb6hO6Fs66j_qECizzfX8NEo2-pOFn943Gu7NsRHpI0qIJF6&amp;sig=AOD64_3Xb7-is_ThzYgQpiscSp6cGAhGSg&amp;q&amp;adurl&amp;ved=2ahUKEwj6rqu1mvT8AhXlKrkGHWT5CZ8Q0Qx6BAgJEAE\"><strong><span style=\"color: #800000;\">Academia Brasileira de Ci\u00eancia<\/span><\/strong><\/a>\u00a0(ABC) s\u00e3o parceiras desta iniciativa e participar\u00e3o das atividades oficiais, assim como da\u00a0avalia\u00e7\u00e3o de propostas para eventos a serem organizados oficialmente\u00a0no \u00e2mbito do Ano Internacional das Ci\u00eancias B\u00e1sicas para o Desenvolvimento Sustent\u00e1vel. As entidades, inclusive, lan\u00e7aram a\u00a0<span style=\"color: #800000;\"><strong><a style=\"color: #800000;\" href=\"http:\/\/portal.sbpcnet.org.br\/ano-internacional-das-ciencias-basicas\/\">vers\u00e3o em portugu\u00eas<\/a><\/strong><\/span>\u00a0do site do\u00a0<span style=\"color: #800000;\"><a style=\"color: #800000;\" href=\"https:\/\/www.iybssd2022.org\/en\/home\/\"><strong>Ano Internacional das Ci\u00eancias B\u00e1sicas para o Desenvolvimento Sustent\u00e1vel 2022-23<\/strong><\/a><\/span>. O site ir\u00e1 listar todas as atividades organizadas oficialmente no \u00e2mbito do IYBSSD.<\/p>\n<p>&nbsp;<\/p>\n<h4 id=\"semana-nacional-de-ciencia-e-tecnologia\"><strong>Semana Nacional de Ci\u00eancia e Tecnologia<\/strong><\/h4>\n<p>A Semana Nacional de Ci\u00eancia e Tecnologia (SNCT) foi institu\u00edda por Decreto Presidencial em 9 de junho de 2004 e \u00e9 realizada anualmente sob a coordena\u00e7\u00e3o do MCTI. Durante a SNCT, diversas a\u00e7\u00f5es de divulga\u00e7\u00e3o cient\u00edfica s\u00e3o realizadas, como tendas da Ci\u00eancia em pra\u00e7as p\u00fablicas, dias de portas abertas, palestras, cursos, oficinas, experimentos did\u00e1ticos e cient\u00edficos, teatro cient\u00edfico, observa\u00e7\u00e3o do c\u00e9u, visitas t\u00e9cnicas, debates, ida de cientistas \u00e0s escolas, distribui\u00e7\u00e3o de cartilhas e livros, exibi\u00e7\u00e3o de v\u00eddeos cient\u00edficos, excurs\u00f5es cient\u00edficas, programas em r\u00e1dios e TVs, dentre outros.<\/p>\n<p>O evento conta com a colabora\u00e7\u00e3o e participa\u00e7\u00e3o de institui\u00e7\u00f5es p\u00fablicas e privadas, universidades, museus, funda\u00e7\u00f5es de amparo \u00e0 pesquisa, parques ambientais, jardins bot\u00e2nicos e zool\u00f3gicos, secretarias estaduais e municipais e outras entidades. Sua finalidade \u00e9 mobilizar a popula\u00e7\u00e3o, em especial crian\u00e7as e jovens, em torno de temas e atividades de C&amp;T, valorizando a criatividade, a atitude cient\u00edfica e a inova\u00e7\u00e3o.<\/p>\n<p><span style=\"color: #808080;\"><em>Com informa\u00e7\u00f5es do <a style=\"color: #808080;\" href=\"https:\/\/www.gov.br\/mcti\">MCTI<\/a><\/em><\/span><\/p>\n<p>&nbsp;<\/p>\n<h6 id=\"capa-marcelo-camara-seapc-mcti-reproducao\">Capa: Marcelo Camar\u00e1 (SEAPC \/ MCTI). Reprodu\u00e7\u00e3o<\/h6>\n","protected":false},"excerpt":{"rendered":"Maior evento de populariza\u00e7\u00e3o do pa\u00eds ser\u00e1 realizado de 14 a 20&hellip;\n","protected":false},"author":19,"featured_media":3951,"comment_status":"open","ping_status":"open","sticky":false,"template":"","format":"standard","meta":[],"categories":[1,2],"tags":[],"acf":[],"_links":{"self":[{"href":"https:\/\/revistacienciaecultura.org.br\/index.php?rest_route=\/wp\/v2\/posts\/3949"}],"collection":[{"href":"https:\/\/revistacienciaecultura.org.br\/index.php?rest_route=\/wp\/v2\/posts"}],"about":[{"href":"https:\/\/revistacienciaecultura.org.br\/index.php?rest_route=\/wp\/v2\/types\/post"}],"author":[{"embeddable":true,"href":"https:\/\/revistacienciaecultura.org.br\/index.php?rest_route=\/wp\/v2\/users\/19"}],"replies":[{"embeddable":true,"href":"https:\/\/revistacienciaecultura.org.br\/index.php?rest_route=%2Fwp%2Fv2%2Fcomments&post=3949"}],"version-history":[{"count":3,"href":"https:\/\/revistacienciaecultura.org.br\/index.php?rest_route=\/wp\/v2\/posts\/3949\/revisions"}],"predecessor-version":[{"id":3952,"href":"https:\/\/revistacienciaecultura.org.br\/index.php?rest_route=\/wp\/v2\/posts\/3949\/revisions\/3952"}],"wp:featuredmedia":[{"embeddable":true,"href":"https:\/\/revistacienciaecultura.org.br\/index.php?rest_route=\/wp\/v2\/media\/3951"}],"wp:attachment":[{"href":"https:\/\/revistacienciaecultura.org.br\/index.php?rest_route=%2Fwp%2Fv2%2Fmedia&parent=3949"}],"wp:term":[{"taxonomy":"category","embeddable":true,"href":"https:\/\/revistacienciaecultura.org.br\/index.php?rest_route=%2Fwp%2Fv2%2Fcategories&post=3949"},{"taxonomy":"post_tag","embeddable":true,"href":"https:\/\/revistacienciaecultura.org.br\/index.php?rest_route=%2Fwp%2Fv2%2Ftags&post=3949"}],"curies":[{"name":"wp","href":"https:\/\/api.w.org\/{rel}","templated":true}]}}