{"id":3995,"date":"2023-04-13T07:30:27","date_gmt":"2023-04-13T07:30:27","guid":{"rendered":"https:\/\/revistacienciaecultura.org.br\/?p=3995"},"modified":"2023-04-12T14:15:43","modified_gmt":"2023-04-12T14:15:43","slug":"exposicao-internacional-do-centenario-da-independencia-do-brasil","status":"publish","type":"post","link":"https:\/\/revistacienciaecultura.org.br\/?p=3995","title":{"rendered":"Exposi\u00e7\u00e3o Internacional do Centen\u00e1rio da Independ\u00eancia do Brasil"},"content":{"rendered":"<h4 id=\"conheca-a-historia-da-mostra-que-reuniu-ciencia-e-tecnologia-para-celebrar-os-100-anos-da-independencia-brasileira\"><span style=\"color: #808080;\">Conhe\u00e7a a hist\u00f3ria da mostra que reuniu ci\u00eancia e tecnologia para celebrar os 100 anos da Independ\u00eancia brasileira<\/span><\/h4>\n<p>&nbsp;<\/p>\n<p>Apresentar o Brasil como um pa\u00eds moderno e em pleno desenvolvimento. Esta era a inten\u00e7\u00e3o da Exposi\u00e7\u00e3o Internacional do Centen\u00e1rio da Independ\u00eancia do Brasil de 1922, inaugurada no dia 07 de setembro na cidade do Rio de Janeiro.<\/p>\n<p>Concebida para ser grandiosa, a exposi\u00e7\u00e3o foi planejada com dois anos de anteced\u00eancia e contou com a destrui\u00e7\u00e3o do Morro do Castelo para abrir espa\u00e7o para os pr\u00e9dios do evento. Foram 11 meses de comemora\u00e7\u00f5es que atra\u00edram 3,5 milh\u00f5es de visitantes.<\/p>\n<p>As Exposi\u00e7\u00f5es Universais, ou Feiras Mundiais, eram express\u00f5es culturais da \u00e9poca e serviam para fomentar a integra\u00e7\u00e3o, o interc\u00e2mbio cultural, as rela\u00e7\u00f5es comerciais entre as na\u00e7\u00f5es e apresentar os avan\u00e7os tecnol\u00f3gicos do per\u00edodo \u2013 al\u00e9m de ajudar a promover a imagem internacional dos pa\u00edses que as sediavam. O evento pretendia n\u00e3o apenas celebrar os cem anos de Independ\u00eancia do Brasil, mas tamb\u00e9m marcar a entrada do pa\u00eds em uma nova era de moderniza\u00e7\u00e3o.<\/p>\n<p>Da inaugura\u00e7\u00e3o da exposi\u00e7\u00e3o em 7 de setembro de 1922 at\u00e9 seu encerramento em 24 de julho de 1923, a Exposi\u00e7\u00e3o exibiu 25 se\u00e7\u00f5es relacionadas a educa\u00e7\u00e3o e ensino; letras, ci\u00eancias e artes; mec\u00e2nica; eletricidade; engenharia civil e transporte; agricultura; horticultura e arboricultura; florestas e colheitas; ind\u00fastria alimentar; ind\u00fastrias extrativas e metalurgia; decora\u00e7\u00e3o e mobili\u00e1rio; fios, tecidos e vestu\u00e1rios; ind\u00fastria qu\u00edmica; ind\u00fastrias diversas; economia social; higiene e assist\u00eancia; ensino pr\u00e1tico, institui\u00e7\u00f5es econ\u00f4micas e trabalho manual da mulher; com\u00e9rcio; economia geral; estat\u00edstica; for\u00e7as de terra e esportes. Em paralelo, foram oferecidas atividades como exibi\u00e7\u00e3o de filmes e confer\u00eancias.<\/p>\n<p>Em outra \u00e1rea, houve espa\u00e7o para que expositores estrangeiros constru\u00edssem tamb\u00e9m pavilh\u00f5es dedicados \u00e0 exibi\u00e7\u00e3o de produtos vindos de outros pa\u00edses \u2013 estiveram representados Argentina, M\u00e9xico, Inglaterra, Fran\u00e7a, It\u00e1lia, Portugal, Dinamarca, Su\u00e9cia, Tchecoslov\u00e1quia, B\u00e9lgica, Noruega, Jap\u00e3o e Estados Unidos. Participaram no total 14 pa\u00edses de tr\u00eas continentes. O governo dos Estados Unidos investiu um milh\u00e3o de d\u00f3lares para construir um edif\u00edcio que posteriormente serviria como sua embaixada, al\u00e9m de outro (que custou 700 mil) para abrigar as delega\u00e7\u00f5es de seu pa\u00eds.<\/p>\n<p>&nbsp;<\/p>\n<h4 id=\"primeira-transmissao-de-radio\"><strong>Primeira transmiss\u00e3o de r\u00e1dio<\/strong><\/h4>\n<p>Logo na abertura aconteceu talvez o feito mais marcante da exposi\u00e7\u00e3o: a primeira transmiss\u00e3o de r\u00e1dio do Brasil. Primeiro, os brasileiros puderam ouvir o discurso ufanista do ent\u00e3o presidente Epit\u00e1cio Pessoa. Em seguida, foi transmitida a sinfonia\u00a0\u201c<em>O Guarani\u201d\u00a0<\/em>(1870), de Carlos Gomes, diretamente do Teatro Municipal do Rio de Janeiro.<\/p>\n<p>&nbsp;<\/p>\n<h6 id=\"capa-exposicao-internacional-do-centenario-da-independencia-instituto-moreira-salles-brasil-reproducao\">Capa. <i>Exposi\u00e7\u00e3o Internacional do Centen\u00e1rio da Independ\u00eancia. <\/i><span title=\"museu brasileiro\">Instituto Moreira Salles<\/span>,\u00a0<span title=\"pa\u00eds na Am\u00e9rica do Sul\">Brasil. Reprodu\u00e7\u00e3o.<\/span><\/h6>\n","protected":false},"excerpt":{"rendered":"Conhe\u00e7a a hist\u00f3ria da mostra que reuniu ci\u00eancia e tecnologia para celebrar&hellip;\n","protected":false},"author":19,"featured_media":3996,"comment_status":"open","ping_status":"open","sticky":false,"template":"","format":"standard","meta":[],"categories":[1,2],"tags":[],"acf":[],"_links":{"self":[{"href":"https:\/\/revistacienciaecultura.org.br\/index.php?rest_route=\/wp\/v2\/posts\/3995"}],"collection":[{"href":"https:\/\/revistacienciaecultura.org.br\/index.php?rest_route=\/wp\/v2\/posts"}],"about":[{"href":"https:\/\/revistacienciaecultura.org.br\/index.php?rest_route=\/wp\/v2\/types\/post"}],"author":[{"embeddable":true,"href":"https:\/\/revistacienciaecultura.org.br\/index.php?rest_route=\/wp\/v2\/users\/19"}],"replies":[{"embeddable":true,"href":"https:\/\/revistacienciaecultura.org.br\/index.php?rest_route=%2Fwp%2Fv2%2Fcomments&post=3995"}],"version-history":[{"count":2,"href":"https:\/\/revistacienciaecultura.org.br\/index.php?rest_route=\/wp\/v2\/posts\/3995\/revisions"}],"predecessor-version":[{"id":3998,"href":"https:\/\/revistacienciaecultura.org.br\/index.php?rest_route=\/wp\/v2\/posts\/3995\/revisions\/3998"}],"wp:featuredmedia":[{"embeddable":true,"href":"https:\/\/revistacienciaecultura.org.br\/index.php?rest_route=\/wp\/v2\/media\/3996"}],"wp:attachment":[{"href":"https:\/\/revistacienciaecultura.org.br\/index.php?rest_route=%2Fwp%2Fv2%2Fmedia&parent=3995"}],"wp:term":[{"taxonomy":"category","embeddable":true,"href":"https:\/\/revistacienciaecultura.org.br\/index.php?rest_route=%2Fwp%2Fv2%2Fcategories&post=3995"},{"taxonomy":"post_tag","embeddable":true,"href":"https:\/\/revistacienciaecultura.org.br\/index.php?rest_route=%2Fwp%2Fv2%2Ftags&post=3995"}],"curies":[{"name":"wp","href":"https:\/\/api.w.org\/{rel}","templated":true}]}}