{"id":4007,"date":"2023-04-17T12:52:31","date_gmt":"2023-04-17T12:52:31","guid":{"rendered":"https:\/\/revistacienciaecultura.org.br\/?p=4007"},"modified":"2023-04-17T12:52:31","modified_gmt":"2023-04-17T12:52:31","slug":"ciencia-como-um-direito","status":"publish","type":"post","link":"https:\/\/revistacienciaecultura.org.br\/?p=4007","title":{"rendered":"Ci\u00eancia como um direito"},"content":{"rendered":"<h4 id=\"a-ciencia-e-um-direito-do-cidadao-mas-ainda-ha-um-longo-caminho-para-que-ela-possa-ser-totalmente-usufruida-pela-sociedade\"><span style=\"color: #808080;\">A ci\u00eancia \u00e9 um direito do cidad\u00e3o, mas ainda h\u00e1 um longo caminho para que ela possa ser totalmente usufru\u00edda pela sociedade<\/span><\/h4>\n<p>&nbsp;<\/p>\n<p>\u201cToda a pessoa tem o direito de tomar parte livremente na vida cultural da comunidade, de fruir as artes e de participar no progresso cient\u00edfico e nos benef\u00edcios que deste resultam\u201d. Isso \u00e9 o que afirma a\u00a0<span style=\"color: #800000;\"><strong><a style=\"color: #800000;\" href=\"https:\/\/www.unicef.org\/brazil\/declaracao-universal-dos-direitos-humanos\">Declara\u00e7\u00e3o Universal dos Direitos Humanos<\/a><\/strong><\/span>. Por\u00e9m, ainda h\u00e1 um logo caminho a percorrer para que a ci\u00eancia e a cultura sejam usufru\u00eddos como um direito por todos os cidad\u00e3os.<\/p>\n<p>Implementar esse direito significa garantir acesso para todos, sem discrimina\u00e7\u00e3o, aos benef\u00edcios da ci\u00eancia e sua aplica\u00e7\u00e3o necess\u00e1ria para uma vida digna, incluindo o conhecimento cient\u00edfico. Tamb\u00e9m significa dar oportunidades para todos contribu\u00edrem para a ci\u00eancia e a pesquisa cient\u00edfica \u2013 incluindo uma comunica\u00e7\u00e3o cient\u00edfica inclusiva e eficaz para que indiv\u00edduos e comunidades possam se envolver na tomada de decis\u00f5es sobre ci\u00eancia, tecnologia e inova\u00e7\u00e3o (CT&amp;I).<\/p>\n<p>\u201cEu entendo que ci\u00eancia \u00e9 um direito. Porque atrav\u00e9s dela n\u00f3s constru\u00edmos uma maneira de olhar para o mundo que \u00e9 bastante ampla e que promove o entendimento, a interpreta\u00e7\u00e3o desse mundo, dessas rela\u00e7\u00f5es que se estabelecem\u201d, aponta Daniela Borges Pavani, professora do Instituto de F\u00edsica da<span style=\"color: #800000;\"><strong> <a style=\"color: #800000;\" href=\"http:\/\/www.ufrgs.br\/ufrgs\/inicial\">Universidade Federal do Rio Grande do Sul<\/a><\/strong><\/span> (UFRGS). Ainda assim, especialmente nos \u00faltimos anos, os cortes or\u00e7ament\u00e1rios, o negacionismo e os frequentes ataques desvalorizaram a ci\u00eancia no Brasil. Para a pesquisadora, \u00e9 preciso voltar a valorizar o papel do cientista e fortalecer o v\u00ednculo entre pesquisa e sociedade.<\/p>\n<p>Mas esse n\u00e3o \u00e9 o \u00fanico problema. Nos \u00faltimos anos o Brasil tamb\u00e9m assistiu a um aumento significativo da pobreza, com a volta do pa\u00eds ao Mapa da Fome da Organiza\u00e7\u00e3o das Na\u00e7\u00f5es Unidas (ONU). Isso fez com que a ci\u00eancia e a cultura fossem ainda mais negligenciadas em detrimento dessas emerg\u00eancias sociais. \u201cQuando voc\u00ea est\u00e1 diante de grandes car\u00eancias, quando voc\u00ea tem uma popula\u00e7\u00e3o brasileira com 33 milh\u00f5es passando fome e outros tanto milh\u00f5es em inseguran\u00e7a alimentar, quando voc\u00ea tem uma situa\u00e7\u00e3o muito dram\u00e1tica social, de fato h\u00e1 uma tend\u00eancia em focar naquilo que \u00e9 mais b\u00e1sico para a sobreviv\u00eancia\u201d, explica a jornalista e pesquisadora Mariluce Moura, diretora-presidente do<span style=\"color: #800000;\"> <strong><a style=\"color: #800000;\" href=\"Instituto%20Ci%25C3%25AAncia%20na%20Rua\">Instituto Ci\u00eancia na Rua<\/a><\/strong><\/span>. Mas a pesquisadora tamb\u00e9m aponta que a ci\u00eancia \u00e9 essencial para resolver esses problemas. \u201cBoa parte dos problemas dessas car\u00eancias dram\u00e1ticas se resolvem tamb\u00e9m com as contribui\u00e7\u00f5es da ci\u00eancia\u201d.<\/p>\n<p>Ali\u00e1s, a ci\u00eancia e tecnologia s\u00e3o fundamentais para promover o desenvolvimento do pa\u00eds \u2013 tanto econ\u00f4mico quanto social. A CT&amp;I possibilita avan\u00e7os nos campos da sa\u00fade, da alimenta\u00e7\u00e3o, do ambiente, da tecnologia, da energia e muitos outros, melhorando a qualidade de vida das popula\u00e7\u00f5es. \u201cAcho que n\u00e3o existe desenvolvimento econ\u00f4mico-social sustent\u00e1vel sem ci\u00eancia. A ci\u00eancia atravessa outros temas de interesse p\u00fablico, como economia, sa\u00fade, educa\u00e7\u00e3o, cultura, pol\u00edtica\u201d, afirma Cristina Caldas, diretora da \u00e1rea de Ci\u00eancias do <strong><a href=\"Instituto%20Serrapilheira\">I<span style=\"color: #800000;\">nstituto Serrapilheira<\/span><\/a><\/strong>.<\/p>\n<p>Uma abordagem da ci\u00eancia baseada nos direitos humanos pode garantir o acesso inclusivo aos benef\u00edcios dos avan\u00e7os cient\u00edficos, promover o lugar das mulheres nas ci\u00eancias e orientar o estabelecimento de pol\u00edticas s\u00f3lidas em quest\u00f5es \u00e9ticas em CT&amp;I. Para que isso ocorra, Estado, universidades e centros de pesquisa, setor privado precisam trabalhar juntos com a popula\u00e7\u00e3o para identificar as necessidades das pessoas marginalizadas por meio de processos consultivos, financiamento direto e pesquisa direcionada. \u201cN\u00f3s n\u00e3o vamos ter um desenvolvimento sustent\u00e1vel e socialmente justo sem pol\u00edticas p\u00fablicas fortemente embasadas na ci\u00eancia e tecnologia. E n\u00f3s n\u00e3o vamos ter uma sociedade que seja equ\u00e2nime e que esteja em paz consigo mesma sem arte\u201d, enfatiza Ricardo Galv\u00e3o, presidente do <span style=\"color: #800000;\"><strong><a style=\"color: #800000;\" href=\"Conselho%20Nacional%20de%20Desenvolvimento%20Cient%25C3%25ADfico%20e%20Tecnol%25C3%25B3gico\">Conselho Nacional de Desenvolvimento Cient\u00edfico e Tecnol\u00f3gico<\/a><\/strong><\/span> (CNPq).<\/p>\n<p><strong>Assista ao v\u00eddeo em:<\/strong><\/p>\n<p><iframe loading=\"lazy\" title=\"Cie\u0302ncia como direito\" width=\"1200\" height=\"675\" src=\"https:\/\/www.youtube.com\/embed\/zWFnt5jgd0E?feature=oembed\" frameborder=\"0\" allow=\"accelerometer; autoplay; clipboard-write; encrypted-media; gyroscope; picture-in-picture; web-share\" allowfullscreen><\/iframe><\/p>\n","protected":false},"excerpt":{"rendered":"A ci\u00eancia \u00e9 um direito do cidad\u00e3o, mas ainda h\u00e1 um longo&hellip;\n","protected":false},"author":19,"featured_media":4010,"comment_status":"open","ping_status":"open","sticky":false,"template":"","format":"standard","meta":[],"categories":[5],"tags":[],"acf":[],"_links":{"self":[{"href":"https:\/\/revistacienciaecultura.org.br\/index.php?rest_route=\/wp\/v2\/posts\/4007"}],"collection":[{"href":"https:\/\/revistacienciaecultura.org.br\/index.php?rest_route=\/wp\/v2\/posts"}],"about":[{"href":"https:\/\/revistacienciaecultura.org.br\/index.php?rest_route=\/wp\/v2\/types\/post"}],"author":[{"embeddable":true,"href":"https:\/\/revistacienciaecultura.org.br\/index.php?rest_route=\/wp\/v2\/users\/19"}],"replies":[{"embeddable":true,"href":"https:\/\/revistacienciaecultura.org.br\/index.php?rest_route=%2Fwp%2Fv2%2Fcomments&post=4007"}],"version-history":[{"count":2,"href":"https:\/\/revistacienciaecultura.org.br\/index.php?rest_route=\/wp\/v2\/posts\/4007\/revisions"}],"predecessor-version":[{"id":4009,"href":"https:\/\/revistacienciaecultura.org.br\/index.php?rest_route=\/wp\/v2\/posts\/4007\/revisions\/4009"}],"wp:featuredmedia":[{"embeddable":true,"href":"https:\/\/revistacienciaecultura.org.br\/index.php?rest_route=\/wp\/v2\/media\/4010"}],"wp:attachment":[{"href":"https:\/\/revistacienciaecultura.org.br\/index.php?rest_route=%2Fwp%2Fv2%2Fmedia&parent=4007"}],"wp:term":[{"taxonomy":"category","embeddable":true,"href":"https:\/\/revistacienciaecultura.org.br\/index.php?rest_route=%2Fwp%2Fv2%2Fcategories&post=4007"},{"taxonomy":"post_tag","embeddable":true,"href":"https:\/\/revistacienciaecultura.org.br\/index.php?rest_route=%2Fwp%2Fv2%2Ftags&post=4007"}],"curies":[{"name":"wp","href":"https:\/\/api.w.org\/{rel}","templated":true}]}}