{"id":4011,"date":"2023-04-18T07:30:06","date_gmt":"2023-04-18T07:30:06","guid":{"rendered":"https:\/\/revistacienciaecultura.org.br\/?p=4011"},"modified":"2023-04-17T20:22:43","modified_gmt":"2023-04-17T20:22:43","slug":"sbpc-participa-do-forum-nacional-de-educacao","status":"publish","type":"post","link":"https:\/\/revistacienciaecultura.org.br\/?p=4011","title":{"rendered":"SBPC participa do F\u00f3rum Nacional de Educa\u00e7\u00e3o"},"content":{"rendered":"<h4 id=\"renato-janine-ribeiro-e-fernanda-sobral-presidente-e-vice-presidente-da-sociedade-brasileira-para-o-progresso-da-ciencia-representarao-a-entidade-no-fne\"><span style=\"color: #808080;\"><em>Renato Janine Ribeiro e Fernanda Sobral, presidente e vice-presidente da Sociedade Brasileira para o Progresso da Ci\u00eancia, representar\u00e3o a entidade no FNE<\/em><\/span><\/h4>\n<p>&nbsp;<\/p>\n<p>Renato Janine Ribeiro, professor titular de \u00c9tica e Filosofia Pol\u00edtica na Universidade de S\u00e3o Paulo e presidente da Sociedade Brasileira para o Progresso da Ci\u00eancia (SBPC), ser\u00e1 o representante da entidade no F\u00f3rum Nacional de Educa\u00e7\u00e3o (FNE). Fernanda Ant\u00f4nia da Fonseca Sobral, vice-presidente da SBPC, ser\u00e1 a suplente.<\/p>\n<p>As nomea\u00e7\u00f5es foram publicadas no Di\u00e1rio Oficial da Uni\u00e3o (DOU) da \u00faltima sexta-feira, 14 de abril (<span style=\"color: #800000;\"><strong><a style=\"color: #800000;\" href=\"https:\/\/www.in.gov.br\/web\/dou\/-\/portaria-n-718-de-13-de-abril-de-2023-477023034\" target=\"_blank\" rel=\"noopener\">Portaria 718, de 13 de abril de 2023<\/a><\/strong><\/span>). O ato administrativo designou os representantes titulares e suplentes indicados pelos \u00f3rg\u00e3os, entidades e movimentos sociais relacionados no art. 4\u00ba da\u00a0<span style=\"color: #800000;\"><strong><a style=\"color: #800000;\" href=\"https:\/\/www.in.gov.br\/en\/web\/dou\/-\/portaria-n-478-de-17-de-marco-de-2023-471602609\" target=\"_blank\" rel=\"noopener\">Portaria n\u00ba 478, de 17 de mar\u00e7o de 2023<\/a><\/strong><\/span>, que recomp\u00f4s o FNE.<\/p>\n<p>De car\u00e1ter permanente, o F\u00f3rum Nacional de Educa\u00e7\u00e3o foi criado quando Fernando Haddad era ministro da Educa\u00e7\u00e3o, por meio da\u00a0<span style=\"color: #800000;\"><strong><a style=\"color: #800000;\" href=\"http:\/\/fne.mec.gov.br\/images\/pdf\/legislacao\/portaria_1407_14122010.pdf\" target=\"_blank\" rel=\"noopener\">Portaria do Minist\u00e9rio da Educa\u00e7\u00e3o n.\u00ba 1.407 de 14 de dezembro de 2010<\/a><\/strong><\/span>, e institu\u00eddo por lei com a aprova\u00e7\u00e3o do Plano Nacional de Educa\u00e7\u00e3o (PNE).<\/p>\n<p>Em 2017, o ent\u00e3o ministro da educa\u00e7\u00e3o do governo de Michel Temer (MDB), Mendon\u00e7a Filho, alterou a composi\u00e7\u00e3o do F\u00f3rum com a\u00a0<span style=\"color: #800000;\"><strong><a style=\"color: #800000;\" href=\"http:\/\/fne.mec.gov.br\/images\/pdf\/legislacao\/portaria_577_27042017.pdf\" target=\"_blank\" rel=\"noopener\">Portaria n\u00ba 577<\/a><\/strong><\/span>, aumentando a participa\u00e7\u00e3o do MEC e restringindo a participa\u00e7\u00e3o de representa\u00e7\u00f5es importantes do setor, como\u00a0 Abmes, Anec,\u00a0 ANPEd, Cedes, CNC, Contee,Fasubra, Forumdir e Proifes-Federa\u00e7\u00e3o. Nesses \u00faltimos anos, o F\u00f3rum n\u00e3o teve muitas atividades.<\/p>\n<p>Cobrado pelas entidades, o novo ministro da Educa\u00e7\u00e3o, Camilo Santana, anunciou a revoga\u00e7\u00e3o da medida em mar\u00e7o. Com a publica\u00e7\u00e3o da Portaria n\u00ba 478, o Minist\u00e9rio trouxe de volta ao FNE as representa\u00e7\u00f5es originais. Santana tamb\u00e9m assinou uma portaria que inclui o F\u00f3rum entre as inst\u00e2ncias respons\u00e1veis pela coordena\u00e7\u00e3o do processo de avalia\u00e7\u00e3o e restrutura\u00e7\u00e3o da pol\u00edtica nacional de ensino m\u00e9dio,\u00a0<a href=\"https:\/\/undime.org.br\/noticia\/20-03-2023-15-21-mec-recompoe-forum-nacional-de-educacao-fne\" target=\"_blank\" rel=\"noopener\"><span style=\"color: #800000;\"><strong>segundo informou o MEC na ocasi\u00e3o<\/strong><\/span>.<\/a><\/p>\n<p>O FNE\u202ftem o papel de convocar,\u202fplanejar e coordenar a realiza\u00e7\u00e3o de confer\u00eancias nacionais de educa\u00e7\u00e3o e divulgar as suas delibera\u00e7\u00f5es;\u202facompanhar e avaliar o processo de implementa\u00e7\u00e3o das delibera\u00e7\u00f5es das confer\u00eancias nacionais de educa\u00e7\u00e3o;\u202fincentivar os estados, o Distrito Federal e os munic\u00edpios a constitu\u00edrem seus f\u00f3runs permanentes de educa\u00e7\u00e3o, al\u00e9m de lhes oferecer suporte t\u00e9cnico para coordenarem as confer\u00eancias estaduais, distrital e municipais de educa\u00e7\u00e3o, bem como efetivarem o acompanhamento da execu\u00e7\u00e3o do PNE e dos seus planos decenais de educa\u00e7\u00e3o.<\/p>\n<p>Para Janine Ribeiro, o FNE \u00e9 muito importante por ser um espa\u00e7o de interlocu\u00e7\u00e3o entre a sociedade civil e o governo. \u201cEmbora n\u00e3o seja deliberativo, o FNE \u00e9 um f\u00f3rum de debates que d\u00e1 voz aos atores envolvidos com a educa\u00e7\u00e3o no Pa\u00eds, trazendo assim um di\u00e1logo plural\u201d, comenta.<\/p>\n<p>Ex-ministro da Educa\u00e7\u00e3o durante o governo de Dilma Rousseff, o presidente da SBPC ressalta ainda que a Educa\u00e7\u00e3o \u00e9 uma das prioridades da entidade e, por isso, acha de extrema import\u00e2ncia que ela participe de um F\u00f3rum que aconselha o Minist\u00e9rio da Educa\u00e7\u00e3o em pol\u00edticas p\u00fablicas. \u201cSabemos da import\u00e2ncia de todos os n\u00edveis da educa\u00e7\u00e3o\u201d, afirma.<\/p>\n<p><span style=\"color: #808080;\"><a style=\"color: #808080;\" href=\"http:\/\/www.jornaldaciencia.org.br\/\"><em>Jornal da Ci\u00eancia<\/em><\/a><\/span><\/p>\n<p>&nbsp;<\/p>\n<h6 id=\"capa-foto-por-jardel-rodrigues-sbpc-reproducao\">Capa: Foto por Jardel Rodrigues\/ SBPC. Reprodu\u00e7\u00e3o<\/h6>\n","protected":false},"excerpt":{"rendered":"Renato Janine Ribeiro e Fernanda Sobral, presidente e vice-presidente da Sociedade Brasileira&hellip;\n","protected":false},"author":19,"featured_media":4013,"comment_status":"open","ping_status":"open","sticky":false,"template":"","format":"standard","meta":[],"categories":[1,2],"tags":[],"acf":[],"_links":{"self":[{"href":"https:\/\/revistacienciaecultura.org.br\/index.php?rest_route=\/wp\/v2\/posts\/4011"}],"collection":[{"href":"https:\/\/revistacienciaecultura.org.br\/index.php?rest_route=\/wp\/v2\/posts"}],"about":[{"href":"https:\/\/revistacienciaecultura.org.br\/index.php?rest_route=\/wp\/v2\/types\/post"}],"author":[{"embeddable":true,"href":"https:\/\/revistacienciaecultura.org.br\/index.php?rest_route=\/wp\/v2\/users\/19"}],"replies":[{"embeddable":true,"href":"https:\/\/revistacienciaecultura.org.br\/index.php?rest_route=%2Fwp%2Fv2%2Fcomments&post=4011"}],"version-history":[{"count":3,"href":"https:\/\/revistacienciaecultura.org.br\/index.php?rest_route=\/wp\/v2\/posts\/4011\/revisions"}],"predecessor-version":[{"id":4014,"href":"https:\/\/revistacienciaecultura.org.br\/index.php?rest_route=\/wp\/v2\/posts\/4011\/revisions\/4014"}],"wp:featuredmedia":[{"embeddable":true,"href":"https:\/\/revistacienciaecultura.org.br\/index.php?rest_route=\/wp\/v2\/media\/4013"}],"wp:attachment":[{"href":"https:\/\/revistacienciaecultura.org.br\/index.php?rest_route=%2Fwp%2Fv2%2Fmedia&parent=4011"}],"wp:term":[{"taxonomy":"category","embeddable":true,"href":"https:\/\/revistacienciaecultura.org.br\/index.php?rest_route=%2Fwp%2Fv2%2Fcategories&post=4011"},{"taxonomy":"post_tag","embeddable":true,"href":"https:\/\/revistacienciaecultura.org.br\/index.php?rest_route=%2Fwp%2Fv2%2Ftags&post=4011"}],"curies":[{"name":"wp","href":"https:\/\/api.w.org\/{rel}","templated":true}]}}