{"id":4018,"date":"2023-04-19T07:30:55","date_gmt":"2023-04-19T07:30:55","guid":{"rendered":"https:\/\/revistacienciaecultura.org.br\/?p=4018"},"modified":"2023-04-18T19:13:43","modified_gmt":"2023-04-18T19:13:43","slug":"onu-enfatiza-importancia-da-experiencia-da-populacao-indigena-na-preservacao-do-meio-ambiente","status":"publish","type":"post","link":"https:\/\/revistacienciaecultura.org.br\/?p=4018","title":{"rendered":"ONU enfatiza import\u00e2ncia da experi\u00eancia da popula\u00e7\u00e3o ind\u00edgena na preserva\u00e7\u00e3o do meio ambiente"},"content":{"rendered":"<h4 id=\"forum-permanente-sobre-questoes-indigenas-ressalta-impactos-e-violencias-contra-indigenas-no-mundo-e-o-impacto-do-empobrecimento-perda-de-terras-e-da-crise-climatica\"><span style=\"color: #808080;\">F\u00f3rum Permanente sobre Quest\u00f5es Ind\u00edgenas ressalta impactos e viol\u00eancias contra ind\u00edgenas no mundo e o impacto do empobrecimento, perda de terras e da crise clim\u00e1tica<\/span><\/h4>\n<p>&nbsp;<\/p>\n<p>\u00c9 preciso valorizar a experi\u00eancia da popula\u00e7\u00e3o ind\u00edgena na preserva\u00e7\u00e3o do meio ambiente e na garantia da seguran\u00e7a alimentar. Isso foi o que ressaltou Ant\u00f3nio Guterres, secret\u00e1rio-geral da Organiza\u00e7\u00e3o das Na\u00e7\u00f5es Unidas (ONU), na abertura do F\u00f3rum Permanente sobre Quest\u00f5es Ind\u00edgenas de 2023.<\/p>\n<p>Os povos ind\u00edgenas representam mais de cinco mil culturas e quatro mil l\u00ednguas diferentes. Por\u00e9m, grande parte dessas culturas est\u00e1 perdendo \u201csuas terras, seus direitos e seus recursos\u201d, segundo o secret\u00e1rio-geral.<\/p>\n<p>Apesar dos povos ind\u00edgenas serem apenas 5% da popula\u00e7\u00e3o mundial, representam 15% dentre os mais pobres. Eles sofrem com discrimina\u00e7\u00e3o que contribui para perpetuar as desigualdades. A marginaliza\u00e7\u00e3o, a nega\u00e7\u00e3o dos direitos humanos, a explora\u00e7\u00e3o ilegal de recursos naturais e a desapropria\u00e7\u00e3o de terras ancestrais s\u00e3o alguns dos muitos problemas que povos ind\u00edgenas de v\u00e1rias regi\u00f5es t\u00eam que enfrentar.<\/p>\n<p>Por outro lado, Guterres alertou que embora n\u00e3o tenham feito nada para gerar a crise do clima, estes povos est\u00e3o na linha de frente das emerg\u00eancias que decorrem dela. Segundo o secret\u00e1rio-geral, os povos ind\u00edgenas det\u00eam muitas das solu\u00e7\u00f5es para a crise clim\u00e1tica e s\u00e3o os \u201cguardi\u00f5es da biodiversidade\u201d.<\/p>\n<p>Dentre eles, t\u00e9cnicas ancestrais de cultivo no Sahel que est\u00e3o trazendo vida para a regi\u00e3o semi\u00e1rida. Guterres tamb\u00e9m atribuiu aos povos ind\u00edgenas formas de agricultura que preservam ecossistemas na Amaz\u00f4nia e previnem desastres nos Himalaias. Os maiores e piores impactos ocorrem nessas comunidades. Como consequ\u00eancia, os meios de vida s\u00e3o destru\u00eddos e a sobreviv\u00eancia \u00e9 amea\u00e7ada.<\/p>\n<p>O F\u00f3rum Permanente das Na\u00e7\u00f5es Unidas sobre Quest\u00f5es Ind\u00edgenas \u00e9 um \u00f3rg\u00e3o consultivo de alto n\u00edvel do Conselho Econ\u00f4mico e Social. Foi criado em 2000 com o mandato de tratar das quest\u00f5es ind\u00edgenas relacionadas ao desenvolvimento econ\u00f4mico e social, cultura, meio ambiente, educa\u00e7\u00e3o, sa\u00fade e direitos humanos.<\/p>\n<p><em><span style=\"color: #808080;\">Com informa\u00e7\u00f5es da <\/span><a href=\"https:\/\/news.un.org\/\"><span style=\"color: #808080;\">ONU<\/span><\/a><\/em><\/p>\n<p>&nbsp;<\/p>\n<h6 id=\"imagem-marcelo-camargo-agencia-brasil-reproducao\">Imagem:\u00a0Marcelo Camargo\/Ag\u00eancia Brasil. Reprodu\u00e7\u00e3o<\/h6>\n","protected":false},"excerpt":{"rendered":"F\u00f3rum Permanente sobre Quest\u00f5es Ind\u00edgenas ressalta impactos e viol\u00eancias contra ind\u00edgenas no&hellip;\n","protected":false},"author":19,"featured_media":4020,"comment_status":"open","ping_status":"open","sticky":false,"template":"","format":"standard","meta":[],"categories":[1,2],"tags":[],"acf":[],"_links":{"self":[{"href":"https:\/\/revistacienciaecultura.org.br\/index.php?rest_route=\/wp\/v2\/posts\/4018"}],"collection":[{"href":"https:\/\/revistacienciaecultura.org.br\/index.php?rest_route=\/wp\/v2\/posts"}],"about":[{"href":"https:\/\/revistacienciaecultura.org.br\/index.php?rest_route=\/wp\/v2\/types\/post"}],"author":[{"embeddable":true,"href":"https:\/\/revistacienciaecultura.org.br\/index.php?rest_route=\/wp\/v2\/users\/19"}],"replies":[{"embeddable":true,"href":"https:\/\/revistacienciaecultura.org.br\/index.php?rest_route=%2Fwp%2Fv2%2Fcomments&post=4018"}],"version-history":[{"count":3,"href":"https:\/\/revistacienciaecultura.org.br\/index.php?rest_route=\/wp\/v2\/posts\/4018\/revisions"}],"predecessor-version":[{"id":4021,"href":"https:\/\/revistacienciaecultura.org.br\/index.php?rest_route=\/wp\/v2\/posts\/4018\/revisions\/4021"}],"wp:featuredmedia":[{"embeddable":true,"href":"https:\/\/revistacienciaecultura.org.br\/index.php?rest_route=\/wp\/v2\/media\/4020"}],"wp:attachment":[{"href":"https:\/\/revistacienciaecultura.org.br\/index.php?rest_route=%2Fwp%2Fv2%2Fmedia&parent=4018"}],"wp:term":[{"taxonomy":"category","embeddable":true,"href":"https:\/\/revistacienciaecultura.org.br\/index.php?rest_route=%2Fwp%2Fv2%2Fcategories&post=4018"},{"taxonomy":"post_tag","embeddable":true,"href":"https:\/\/revistacienciaecultura.org.br\/index.php?rest_route=%2Fwp%2Fv2%2Ftags&post=4018"}],"curies":[{"name":"wp","href":"https:\/\/api.w.org\/{rel}","templated":true}]}}