{"id":4052,"date":"2023-04-25T07:30:49","date_gmt":"2023-04-25T07:30:49","guid":{"rendered":"https:\/\/revistacienciaecultura.org.br\/?p=4052"},"modified":"2023-04-24T20:00:04","modified_gmt":"2023-04-24T20:00:04","slug":"confira-a-programacao-preliminar-da-75a-reuniao-anual-da-sbpc","status":"publish","type":"post","link":"https:\/\/revistacienciaecultura.org.br\/?p=4052","title":{"rendered":"Confira a programa\u00e7\u00e3o preliminar da 75\u00aa Reuni\u00e3o Anual da SBPC"},"content":{"rendered":"<h4 id=\"atividades-incluirao-conferencias-mesas-redondas-e-sessoes-especiais-com-o-objetivo-de-fornecer-aos-participantes-um-amplo-panorama-do-que-ha-de-melhor-em-cti-no-brasil\"><span style=\"color: #808080;\">Atividades incluir\u00e3o confer\u00eancias, mesas-redondas e sess\u00f5es especiais, com o objetivo de fornecer aos participantes um amplo panorama do que h\u00e1 de melhor em CT&amp;I no Brasil<\/span><\/h4>\n<p>&nbsp;<\/p>\n<p>A programa\u00e7\u00e3o preliminar da 75\u00aa Reuni\u00e3o Anual Sociedade Brasileira para o Progresso da Ci\u00eancia (SBPC<a href=\"https:\/\/ra.sbpcnet.org.br\/75RA\/\" target=\"_blank\" rel=\"noopener\">)<span style=\"color: #800000;\"><strong> j\u00e1 est\u00e1 dispon\u00edvel no site do evento<\/strong><\/span><\/a>. Com o tema \u201cCi\u00eancia e democracia para um Brasil justo e desenvolvido\u201d, o encontro ser\u00e1 realizado de 23 a 29 de julho de 2023, na Universidade Federal do Paran\u00e1 (UFPR), em Curitiba. O programa inclui confer\u00eancias, mesas-redondas e sess\u00f5es especiais, com o objetivo de fornecer aos participantes um amplo panorama do que h\u00e1 de melhor em CT&amp;I no Brasil.<\/p>\n<p>Entre os temas que ser\u00e3o abordados nas confer\u00eancias, destacam-se \u201cA Amaz\u00f4nia pr\u00f3xima de um ponto de n\u00e3o retorno: por que \u00e9 necess\u00e1ria uma economia de floresta em p\u00e9?\u201d, \u201cA independ\u00eancia do Brasil: constitucionalismo e direitos\u201d, \u201cA mulher negra latino-americana e caribenha e a pesquisa: caminhos e escreviv\u00eancias\u201d, \u201cAlerta ou perigo dos micropl\u00e1sticos em solos: contaminantes ou poluentes?\u201d, \u201cAmaz\u00f4nia, devasta\u00e7\u00e3o, garimpo ilegal e contamina\u00e7\u00e3o dos rios e dos povos origin\u00e1rios\u201d, \u201cO impacto social da ci\u00eancia e da democracia: como fazer um c\u00edrculo virtuoso entre elas e a \u00e9tica\u201d e \u201cPol\u00edticas de combate \u00e0 fome e \u00e0 mis\u00e9ria\u201d.<\/p>\n<p>As mesas-redondas trar\u00e3o ao evento discuss\u00f5es dos assuntos mais relevantes em nossa sociedade atual, como \u201cA experi\u00eancia do sistema nacional de cultura 10 anos ap\u00f3s sua aprova\u00e7\u00e3o\u201d, \u201cA saga do povo Yanomami: o genoc\u00eddio planejado\u201d, \u201cChatGPT 4: o que \u00e9 e o que muda na produ\u00e7\u00e3o acad\u00eamica?\u201d, \u201cCi\u00eancia e o acesso democr\u00e1tico \u00e0 \u00e1gua\u201d, \u201cCientistas trans: inclus\u00e3o e desafios de diversidade na ci\u00eancia brasileira\u201d, \u201cEngajamento p\u00fablico para conserva\u00e7\u00e3o e restaura\u00e7\u00e3o da natureza\u201d e \u201cPara al\u00e9m da tela: educa\u00e7\u00e3o audiovisual e cinema\u201d, entre outros.<\/p>\n<p>Al\u00e9m disso, a programa\u00e7\u00e3o incluir\u00e1 12 sess\u00f5es especiais que destacar\u00e3o, por exemplo, os 75 anos da SBPC e sua hist\u00f3ria de lutas; o centen\u00e1rio do f\u00edsico paranaense C\u00e9sar Lattes, al\u00e9m de uma homenagem aos 110 anos que a Universidade Federal do Paran\u00e1 completa em 2023.<\/p>\n<p>A SBPC espera que a 75\u00aa Reuni\u00e3o Anual atraia participantes de todas as idades e \u00e1reas de interesses, incluindo cientistas, educadores, estudantes, pol\u00edticos e membros do p\u00fablico em geral. O encontro oferecer\u00e1 uma oportunidade \u00fanica para o interc\u00e2mbio de ideias e para o avan\u00e7o do conhecimento cient\u00edfico no Brasil e no mundo.<\/p>\n<p>Cl\u00e1udia Linhares Sales, secret\u00e1ria-geral da SBPC e coordenadora-geral do evento, ressalta que a programa\u00e7\u00e3o da 75\u00aa edi\u00e7\u00e3o da Reuni\u00e3o Anual foi cuidadosamente planejada para trazer aos participantes temas\u00a0importantes para o desenvolvimento do Brasil, defendidos pela entidade: a ci\u00eancia, os direitos humanos, o meio ambiente, a inclus\u00e3o social e a democracia.<\/p>\n<p>\u201cNesta edi\u00e7\u00e3o, nos preocupamos em contemplar assuntos contempor\u00e2neos, como a Intelig\u00eancia Artificial e o avan\u00e7o do ChatGPT 4 na produ\u00e7\u00e3o acad\u00eamica.\u00a0 Em meio ambiente, teremos discuss\u00f5es sobre a descarboniza\u00e7\u00e3o da economia e os impactos da devasta\u00e7\u00e3o e garimpo ilegal na contamina\u00e7\u00e3o dos rios e povos origin\u00e1rios, por exemplo. Vamos discutir assuntos relacionados \u00e0 educa\u00e7\u00e3o, como\u00a0a avalia\u00e7\u00e3o da produ\u00e7\u00e3o cient\u00edfica e o Novo Ensino M\u00e9dio.\u00a0 Al\u00e9m disso, teremos tamb\u00e9m um conjunto de sess\u00f5es especiais preparat\u00f3rias para a 5\u00aa Confer\u00eancia Nacional de Ci\u00eancia e Tecnologia\u201d, comenta.<\/p>\n<p>A secret\u00e1ria-geral da SBPC\u00a0conta que a programa\u00e7\u00e3o cient\u00edfica foi elaborada\u00a0 em conjunto pelas 170 sociedades cient\u00edficas afiliadas \u00e0 SBPC, pela universidade que hospedar\u00e1 esta edi\u00e7\u00e3o, a UFPR, por membros do Conselho e diretores da entidade, sempre baseadas no lastro do tema do evento. \u201cAp\u00f3s recebermos essas propostas, a Comiss\u00e3o de programa\u00e7\u00e3o cient\u00edfica da 75\u00aa RA as analisa e organiza a grade de atividades, sem deixar de fora assuntos caros ao Pa\u00eds, como o or\u00e7amento para a ci\u00eancia, tecnologia e inova\u00e7\u00e3o, pol\u00edticas p\u00fablicas para pesquisa, direitos humanos, entre outros\u201d, diz.<\/p>\n<p>Existe uma grande expectativa e entusiasmo com a realiza\u00e7\u00e3o desta edi\u00e7\u00e3o da RA, segundo Linhares Sales. Primeiro, porque o evento celebra duas datas importantes: os 75 anos da SBPC e os 110 anos da UFPR. Segundo, ser\u00e1 realizada no primeiro ano de um novo governo, em um panorama de reconstru\u00e7\u00e3o para diversas \u00e1reas, especialmente para ci\u00eancia, tecnologia e inova\u00e7\u00e3o, o meio ambiente, os direitos humanos, al\u00e9m de restabelecimento dos valores democr\u00e1ticos, das institui\u00e7\u00f5es e do Estado laico.\u00a0\u201cVamos trazer palestrantes e conferencistas que consigam apontar caminhos que a sociedade deve tomar para que a gente consiga superar rapidamente os danos sofridos nesses \u00faltimos anos. Por isso, a programa\u00e7\u00e3o foi pensada, como \u00e9 de costume, para trazer as grandes novidades em CT&amp;I, educa\u00e7\u00e3o, entre outros assuntos, para pensarmos o futuro\u201d, afirma.<\/p>\n<p>&nbsp;<\/p>\n<h4 id=\"a-reuniao-anual\"><strong>A Reuni\u00e3o Anual<\/strong><\/h4>\n<p>Criada em 1948, a SBPC \u00e9 uma entidade voltada \u00e0 defesa do avan\u00e7o cient\u00edfico e tecnol\u00f3gico e do desenvolvimento educacional e cultural do Brasil e que, ininterruptamente, realiza desde 1949 sua Reuni\u00e3o Anual, considerada o maior evento cient\u00edfico da Am\u00e9rica Latina.<\/p>\n<p>A cada ano, a Reuni\u00e3o Anual da SBPC \u00e9 levada a um estado brasileiro, prioritariamente em universidade p\u00fablica. O evento re\u00fane milhares de pessoas \u2013 cientistas, professores e estudantes de todos os n\u00edveis, profissionais liberais e visitantes, al\u00e9m de autoridades e gestores, formuladores de pol\u00edticas p\u00fablicas para ci\u00eancia e tecnologia no Pa\u00eds.<\/p>\n<p>As reuni\u00f5es anuais da SBPC t\u00eam, concomitantemente, os objetivos de debater pol\u00edticas p\u00fablicas nas \u00e1reas de Ci\u00eancia, Tecnologia, Inova\u00e7\u00e3o e Educa\u00e7\u00e3o e de difundir os avan\u00e7os da Ci\u00eancia nas diversas \u00e1reas do conhecimento para toda a popula\u00e7\u00e3o.<\/p>\n<p>Para mais informa\u00e7\u00f5es:\u00a0<span style=\"color: #800000;\"><strong><a style=\"color: #800000;\" href=\"https:\/\/ra.sbpcnet.org.br\/75RA\/\" target=\"_blank\" rel=\"noopener\">https:\/\/ra.sbpcnet.org.br\/75RA\/<\/a><\/strong><\/span><\/p>\n<p><span style=\"color: #808080;\"><a style=\"color: #808080;\" href=\"http:\/\/www.jornaldaciencia.org.br\/\" target=\"_blank\" rel=\"noopener\"><em>Jornal da Ci\u00eancia<\/em><\/a><\/span><\/p>\n","protected":false},"excerpt":{"rendered":"Atividades incluir\u00e3o confer\u00eancias, mesas-redondas e sess\u00f5es especiais, com o objetivo de fornecer&hellip;\n","protected":false},"author":19,"featured_media":3467,"comment_status":"open","ping_status":"open","sticky":false,"template":"","format":"standard","meta":[],"categories":[1,2],"tags":[],"acf":[],"_links":{"self":[{"href":"https:\/\/revistacienciaecultura.org.br\/index.php?rest_route=\/wp\/v2\/posts\/4052"}],"collection":[{"href":"https:\/\/revistacienciaecultura.org.br\/index.php?rest_route=\/wp\/v2\/posts"}],"about":[{"href":"https:\/\/revistacienciaecultura.org.br\/index.php?rest_route=\/wp\/v2\/types\/post"}],"author":[{"embeddable":true,"href":"https:\/\/revistacienciaecultura.org.br\/index.php?rest_route=\/wp\/v2\/users\/19"}],"replies":[{"embeddable":true,"href":"https:\/\/revistacienciaecultura.org.br\/index.php?rest_route=%2Fwp%2Fv2%2Fcomments&post=4052"}],"version-history":[{"count":2,"href":"https:\/\/revistacienciaecultura.org.br\/index.php?rest_route=\/wp\/v2\/posts\/4052\/revisions"}],"predecessor-version":[{"id":4054,"href":"https:\/\/revistacienciaecultura.org.br\/index.php?rest_route=\/wp\/v2\/posts\/4052\/revisions\/4054"}],"wp:featuredmedia":[{"embeddable":true,"href":"https:\/\/revistacienciaecultura.org.br\/index.php?rest_route=\/wp\/v2\/media\/3467"}],"wp:attachment":[{"href":"https:\/\/revistacienciaecultura.org.br\/index.php?rest_route=%2Fwp%2Fv2%2Fmedia&parent=4052"}],"wp:term":[{"taxonomy":"category","embeddable":true,"href":"https:\/\/revistacienciaecultura.org.br\/index.php?rest_route=%2Fwp%2Fv2%2Fcategories&post=4052"},{"taxonomy":"post_tag","embeddable":true,"href":"https:\/\/revistacienciaecultura.org.br\/index.php?rest_route=%2Fwp%2Fv2%2Ftags&post=4052"}],"curies":[{"name":"wp","href":"https:\/\/api.w.org\/{rel}","templated":true}]}}