{"id":4079,"date":"2023-05-02T07:30:59","date_gmt":"2023-05-02T07:30:59","guid":{"rendered":"https:\/\/revistacienciaecultura.org.br\/?p=4079"},"modified":"2023-05-01T19:52:24","modified_gmt":"2023-05-01T19:52:24","slug":"manifesto-pelo-dia-nacional-de-defesa-da-democracia-ja-conta-com-120-adesoes","status":"publish","type":"post","link":"https:\/\/revistacienciaecultura.org.br\/?p=4079","title":{"rendered":"Manifesto pelo Dia Nacional de Defesa da Democracia j\u00e1 conta com 120 ades\u00f5es"},"content":{"rendered":"<h4 id=\"sbpc-e-demais-entidades-que-compoem-a-ictp-br-juntam-se-a-dezenas-de-sociedades-cientificas-e-organizacoes-da-sociedade-civil-de-diversas-areas-e-segmentos-para-propor-a-criacao-de-um-dia-anual-de-lut\"><span style=\"color: #808080;\">SBPC e demais entidades que comp\u00f5em a ICTP.br juntam-se a dezenas de sociedades cient\u00edficas e organiza\u00e7\u00f5es da sociedade civil de diversas \u00e1reas e segmentos para propor a cria\u00e7\u00e3o de um dia anual de luta contra a ditadura e celebra\u00e7\u00e3o da democracia, de seus significados e de sua cultura. Participe desta a\u00e7\u00e3o!<\/span><\/h4>\n<p>&nbsp;<\/p>\n<p>O manifesto que visa a criar no Brasil o Dia Nacional de Defesa da Democracia, celebrando os valores democr\u00e1ticos e repudiando a ditadura, j\u00e1 conta com 120 ades\u00f5es.<\/p>\n<p>Lan\u00e7ada pela Sociedade Brasileira para o Progresso da Ci\u00eancia (SBPC), demais entidades que comp\u00f5em a Iniciativa para a Ci\u00eancia e Tecnologia no Parlamento (ICTP.br) e dezenas de sociedades cient\u00edficas e organiza\u00e7\u00f5es da sociedade civil de diversas \u00e1reas e segmentos na \u00faltima quarta-feira, 19 de abril, a campanha\u00a0<span style=\"color: #800000;\"><strong><a style=\"color: #800000;\" href=\"https:\/\/docs.google.com\/forms\/d\/e\/1FAIpQLSfEn73kFl8q5VOgC99BlIZrn7lnAxh8JoHYzxTiFVeo3EJKlA\/viewform\" target=\"_blank\" rel=\"noopener\">disponibilizou<\/a><\/strong><\/span>\u00a0um formul\u00e1rio online para outras institui\u00e7\u00f5es aderirem \u00e0 proposta e fortalecerem esta a\u00e7\u00e3o.<\/p>\n<p>O manifesto tamb\u00e9m sugere que a sociedade civil escolha, por suas entidades, a data mais prop\u00edcia para essa celebra\u00e7\u00e3o anual.\u00a0<a href=\"https:\/\/docs.google.com\/forms\/d\/e\/1FAIpQLSfEn73kFl8q5VOgC99BlIZrn7lnAxh8JoHYzxTiFVeo3EJKlA\/viewform\" target=\"_blank\" rel=\"noopener\"><span style=\"color: #800000;\"><strong>Para inscrever sua institui\u00e7\u00e3o, acesse este link e preencha o formul\u00e1rio<\/strong><\/span>.<\/a>\u00a0Em breve a campanha estar\u00e1 dispon\u00edvel tamb\u00e9m para ades\u00e3o de pessoas f\u00edsicas.<\/p>\n<p><strong>Leia abaixo o manifesto e participe!<\/strong><\/p>\n<p>A Sociedade Brasileira para o Progresso da Ci\u00eancia (SBPC), as demais entidades que comp\u00f5em a Iniciativa para a Ci\u00eancia e Tecnologia no Parlamento (ICTP) e as sociedades cient\u00edficas abaixo assinadas convidam outras entidades da sociedade civil, al\u00e9m de partidos pol\u00edticos e eleitos em geral, bem como todos os democratas, a criar um Dia Nacional de Defesa da Democracia, a ser comemorado anualmente, celebrando esse regime e tamb\u00e9m repudiando a ditadura, ao evocar aqueles que foram torturados ou mortos por regimes autorit\u00e1rios, bem como todos os que sofreram pela supress\u00e3o de liberdades essenciais \u00e0 vida privada ou p\u00fablica.<\/p>\n<p>Propomos que a sociedade civil escolha, por suas entidades, a data mais prop\u00edcia para essa celebra\u00e7\u00e3o. Lembramos que na Argentina o Dia Nacional da Mem\u00f3ria pela Verdade e Justi\u00e7a se comemora exatamente na data em que foi desferido o infame golpe de Estado de 24 de mar\u00e7o de 1976, levando ao assassinato de milhares de cidad\u00e3os pela ditadura, a qual s\u00f3 cairia depois da aventura tamb\u00e9m assassina da guerra das Malvinas.<\/p>\n<p>Recordamos igualmente como op\u00e7\u00f5es a data do assassinato de Vladimir Herzog, em 25 de outubro de 1975, e no dia 31 do mesmo m\u00eas a primeira grande manifesta\u00e7\u00e3o nas ruas contra o nefando Ato Institucional n\u00famero 5, ocasi\u00e3o de uma celebra\u00e7\u00e3o ecum\u00eanica, entre crist\u00e3os de v\u00e1rias denomina\u00e7\u00f5es e judeus, pelo jornalista assassinado nas depend\u00eancias da pol\u00edcia pol\u00edtica.<\/p>\n<p>Passamos pelo horror, v\u00e1rias vezes em nossa Hist\u00f3ria: col\u00f4nia, escravatura, seguidas ditaduras e ainda, nos \u00faltimos anos, o elogio constante a regimes de exce\u00e7\u00e3o e de barb\u00e1rie. H\u00e1 poucos meses, assistimos a tentativas de fraudar e, depois, de negar os resultados da elei\u00e7\u00e3o de 2022. Nada disso pode ser aceito. Nossa sociedade precisa da cura que s\u00f3 a democracia pode trazer para as feridas que marcaram sua alma.<\/p>\n<p>Entendemos que a pr\u00f3pria discuss\u00e3o desta iniciativa, de seu nome e data a escolher, deve constituir um forte fator de mobiliza\u00e7\u00e3o da sociedade brasileira na defesa da democracia e no rep\u00fadio ao autoritarismo e injusti\u00e7a. Tendemos a eleger a data de 31 de outubro, por representar uma manifesta\u00e7\u00e3o suprapartid\u00e1ria contra uma ditadura desumana, que censurou, torturou e matou inocentes, apenas porque defendiam os direitos e liberdades que caracterizam a democracia.<\/p>\n<p><strong>Nunca Mais!<\/strong>\u00a0foi o brado erguido pela sociedade civil, denunciando as torturas e inf\u00e2mias cometidas na Argentina.\u00a0<strong>Nunca Mais!<\/strong>\u00a0foi o grito dos brasileiros, ao fazer seu esse protesto e den\u00fancia.<\/p>\n<p>Para deixar claro a todos os brasileiros que os crimes praticados pelo Estado, em especial pelos que se apoderam dele para seus fins escusos, s\u00e3o inaceit\u00e1veis, propomos \u00e0 sociedade que fa\u00e7a um dia anual de luta e de reflex\u00e3o, com forte componente pedag\u00f3gico, de modo a esclarecer que tortura, censura e ditadura rimam, mas s\u00e3o algo que n\u00e3o se pode tolerar. E que esta data seja, tamb\u00e9m, um dia de promo\u00e7\u00e3o da democracia, de seus significados e de sua cultura.<\/p>\n<p><strong>Assinam esse manifesto (at\u00e9 27\/04 \u2013 atualiza\u00e7\u00e3o di\u00e1ria):<\/strong><\/p>\n<h6 id=\"entidades-que-compoem-o-comite-executivo-da-ictp-brsociedade-brasileira-para-o-progresso-da-ciencia-sbpcacademia-brasileira-de-ciencias-abcassociacao-brasileira-dos-reitores-das-universidades\">Entidades que comp\u00f5em o Comit\u00ea Executivo da ICTP.br:<br \/>\nSociedade Brasileira para o Progresso da Ci\u00eancia (SBPC)<br \/>\nAcademia Brasileira de Ci\u00eancias (ABC)<br \/>\nAssocia\u00e7\u00e3o Brasileira dos Reitores das Universidades Estaduais e Municipais (Abruem)<br \/>\nAssocia\u00e7\u00e3o Nacional dos Dirigentes das Institui\u00e7\u00f5es Federais de Ensino Superior (Andifes)<br \/>\nConselho Nacional das Funda\u00e7\u00f5es de Apoio \u00e0s Institui\u00e7\u00f5es de Ensino Superior e de Pesquisa Cient\u00edfica e Tecnol\u00f3gica (Confies)<br \/>\nConselho Nacional das Funda\u00e7\u00f5es Estaduais de Amparo \u00e0 Pesquisa (Confap)<br \/>\nConselho Nacional das Institui\u00e7\u00f5es da Rede Federal de Educa\u00e7\u00e3o Profissional, Cient\u00edfica e Tecnol\u00f3gica (Conif)<br \/>\nConselho Nacional de Secret\u00e1rios Estaduais para Assuntos de CT&amp;I (Consecti)<br \/>\nInstituto Brasileiro de Cidades Humanas, Inteligentes, Criativas e Sustent\u00e1veis (Ibrachics)<\/h6>\n<h6 id=\"sociedades-cientificas-afiliadas-a-sbpcassociacao-brasileira-de-antropologia-abaassociacao-brasileira-de-ciencia-ecologica-e-conservacao-abecoassociacao-brasileira-de-ciencia-politica-abcpa\">Sociedades Cient\u00edficas Afiliadas \u00e0 SBPC:<br \/>\nAssocia\u00e7\u00e3o Brasileira de Antropologia (ABA)<br \/>\nAssocia\u00e7\u00e3o Brasileira de Ci\u00eancia Ecol\u00f3gica e Conserva\u00e7\u00e3o (ABECO)<br \/>\nAssocia\u00e7\u00e3o Brasileira de Ci\u00eancia Pol\u00edtica (ABCP)<br \/>\nAssocia\u00e7\u00e3o Brasileira de Cristalografia (ABCr)<br \/>\nAssocia\u00e7\u00e3o Brasileira de Educa\u00e7\u00e3o Musical (ABEM)<br \/>\nAssocia\u00e7\u00e3o Brasileira de Enfermagem (ABEn Nacional)<br \/>\nAssocia\u00e7\u00e3o Brasileira de Ensino de Biologia (SBENBIO)<br \/>\nAssocia\u00e7\u00e3o Brasileira de Estat\u00edstica (ABE)<br \/>\nAssocia\u00e7\u00e3o Brasileira de Estudos de Defesa (ABED)<br \/>\nAssocia\u00e7\u00e3o Brasileira de Estudos Populacionais (ABEP)<br \/>\nAssocia\u00e7\u00e3o Brasileira de Limnologia (ABLimno)<br \/>\nAssocia\u00e7\u00e3o Brasileira de Lingu\u00edstica (Abralin)<br \/>\nAssocia\u00e7\u00e3o Brasileira de Literatura Comparada (ABRALIC)<br \/>\nAssocia\u00e7\u00e3o Brasileira de Mutag\u00eanese e Gen\u00f4mica Ambienta (MUTAGEN.BR)<br \/>\nAssocia\u00e7\u00e3o Brasileira de Pesquisa e P\u00f3s-Gradua\u00e7\u00e3o em Artes C\u00eanicas (ABRACE)<br \/>\nAssocia\u00e7\u00e3o Brasileira de Pesquisa em Educa\u00e7\u00e3o em Ci\u00eancias (ABRAPEC)<br \/>\nAssocia\u00e7\u00e3o Brasileira de Pesquisadores de Comunica\u00e7\u00e3o Organizacional e de Rela\u00e7\u00f5es P\u00fablicas (ABRAPCORP)<br \/>\nAssocia\u00e7\u00e3o Brasileira de Pesquisadores em Educa\u00e7\u00e3o Especial (ABPEE)<br \/>\nAssocia\u00e7\u00e3o Brasileira de Psicologia Social (ABRAPSO)<br \/>\nAssocia\u00e7\u00e3o Brasileira de Qu\u00edmica (ABQ)<br \/>\nAssocia\u00e7\u00e3o Brasileira de Rela\u00e7\u00f5es Internacionais (ABRI)<br \/>\nAssocia\u00e7\u00e3o Brasileira dos Estudos Sociais das Ci\u00eancias e das Tecnologias (ESOCITE Br)<br \/>\nAssocia\u00e7\u00e3o de Centros e Museus de Ci\u00eancia (ABCMC)<br \/>\nAssocia\u00e7\u00e3o de Lingu\u00edstica Aplicada do Brasil (ALAB)<br \/>\nAssocia\u00e7\u00e3o Nacional de Ensino, Pesquisa e Extens\u00e3o do Campo de P\u00fablicas (ANEPECP)<br \/>\nAssocia\u00e7\u00e3o Nacional de Hist\u00f3ria (Anpuh-Brasil)<br \/>\nAssocia\u00e7\u00e3o Nacional de Pesquisa e P\u00f3s-gradua\u00e7\u00e3o em Arquitetura e Urbanismo (ANPARQ)<br \/>\nAssocia\u00e7\u00e3o Nacional de Pesquisa e P\u00f3s-gradua\u00e7\u00e3o em Psicologia (ANPEPP)<br \/>\nAssocia\u00e7\u00e3o Nacional de Pesquisa e P\u00f3s-Gradua\u00e7\u00e3o em Turismo (ANPTUR)<br \/>\nAssocia\u00e7\u00e3o Nacional de P\u00f3s-Gradua\u00e7\u00e3o e Pesquisa em Administra\u00e7\u00e3o (ANPAD)<br \/>\nAssocia\u00e7\u00e3o Nacional de P\u00f3s-Gradua\u00e7\u00e3o e Pesquisa em Ci\u00eancias Sociais (ANPOCS)<br \/>\nAssocia\u00e7\u00e3o Nacional de P\u00f3s-Gradua\u00e7\u00e3o e Pesquisa em Educa\u00e7\u00e3o (ANPED)<br \/>\nAssocia\u00e7\u00e3o Nacional de P\u00f3s-Gradua\u00e7\u00e3o e Pesquisa em Geografia (ANPEGE)<br \/>\nAssocia\u00e7\u00e3o Nacional de P\u00f3s-gradua\u00e7\u00e3o e Pesquisa em Letras e Lingu\u00edstica (ANPOLL)<br \/>\nAssocia\u00e7\u00e3o Nacional de P\u00f3s-gradua\u00e7\u00e3o e Pesquisa em Planejamento Urbano e Regional (ANPUR)<br \/>\nAssocia\u00e7\u00e3o Nacional de P\u00f3s-Gradua\u00e7\u00e3o e Pesquisa em Teologia e Ci\u00eancias da Religi\u00e3o (ANPTECRE)<br \/>\nAssocia\u00e7\u00e3o Nacional de P\u00f3s-Gradua\u00e7\u00e3o em Filosofia (ANPOF)<br \/>\nAssocia\u00e7\u00e3o Nacional dos Programas de P\u00f3s-gradua\u00e7\u00e3o em Comunica\u00e7\u00e3o (COMP\u00d3S)<br \/>\nCol\u00e9gio Brasileiro de Ci\u00eancias do Esporte (CBCE)<br \/>\nFedera\u00e7\u00e3o de Arte\/Educadores do Brasil (FAEB)<br \/>\nFedera\u00e7\u00e3o de Sociedades de Biologia Experimental (FeSBE)<br \/>\nFedera\u00e7\u00e3o Internacional de Associa\u00e7\u00f5es de Estudantes de Medicina (IFMSA Brazil)<br \/>\nSociedade Brasileira de Administra\u00e7\u00e3o P\u00fablica (SBAP)<br \/>\nSociedade Brasileira de Autom\u00e1tica (SBA)<br \/>\nSociedade Brasileira de Biologia Celular (SBBC)<br \/>\nSociedade Brasileira de Bioqu\u00edmica e Biologia Molecular (SBBq)<br \/>\nSociedade Brasileira de Ci\u00eancia do Solo (SBCS)<br \/>\nSociedade Brasileira de Protozoologia (SBPz)<br \/>\nSociedade Brasileira de Imunologia (SBI)<br \/>\nSociedade Brasileira de Computa\u00e7\u00e3o (SBC)<br \/>\nSociedade Brasileira de Economia Pol\u00edtica (SEP)<br \/>\nSociedade Brasileira de Ecotoxicologia (Ecotox Brasil)<br \/>\nSociedade Brasileira de Eletromagnetismo (SBMAG)<br \/>\nSociedade Brasileira de Engenharia Biom\u00e9dica (SBEB)<br \/>\nSociedade Brasileira de Entomologia (SBE)<br \/>\nSociedade Brasileira de Estudos Cl\u00e1ssicos (SBEC)<br \/>\nSociedade Brasileira de Estudos Interdisciplinares da Comunica\u00e7\u00e3o (Intercom)<br \/>\nSociedade Brasileira de Farmacognosia (SBFGnosia)<br \/>\nSociedade Brasileira de Farmacologia e Terap\u00eautica Experimental (SBFTE)<br \/>\nSociedade Brasileira de F\u00edsica (SBF)<br \/>\nSociedade Brasileira de Geologia (SBG)<br \/>\nSociedade Brasileira de Herpetologia (SBH)<br \/>\nSociedade Brasileira de Hist\u00f3ria da Ci\u00eancia (SBHC)<br \/>\nSociedade Brasileira de Hist\u00f3ria da Educa\u00e7\u00e3o (SBHE)<br \/>\nSociedade Brasileira de L\u00f3gica (SBL)<br \/>\nSociedade Brasileira de Mastozoologia (SBMZ)<br \/>\nSociedade Brasileira de Matem\u00e1tica (SBM)<br \/>\nSociedade Brasileira de Matem\u00e1tica Aplicada e Computacional (SBMAC)<br \/>\nSociedade Brasileira de Medicina Tropical (SBMT)<br \/>\nSociedade Brasileira de Microondas e Optoeletr\u00f4nica (SBMO)<br \/>\nSociedade Brasileira de Microscopia e Microan\u00e1lise (SBMM)<br \/>\nSociedade Brasileira de Ornitologia (SBO)<br \/>\nSociedade Brasileira de \u00d3tica e Fot\u00f4nica (SBFOTON)<br \/>\nSociedade Brasileira de Paleontologia (SBP)<br \/>\nSociedade Brasileira de Parasitologia (SBP)<br \/>\nSociedade Brasileira de Pesquisa em Materiais (SBPMat)<br \/>\nSociedade Brasileira de Psicologia (SBP)<br \/>\nSociedade Brasileira de Qu\u00edmica (SBQ)<br \/>\nSociedade Brasileira de Sociologia (SBS)<br \/>\nSociedade Brasileira de Telecomunica\u00e7\u00f5es (SBrT)<br \/>\nSociedade Brasileira de Virologia (SBV)<br \/>\nUni\u00e3o Latina de Economia Pol\u00edtica da Informa\u00e7\u00e3o, da Comunica\u00e7\u00e3o e da Cultura (ULEPICC-BR)<\/h6>\n<h6 id=\"demais-entidadesacademia-de-ciencias-do-estado-de-sao-paulo-aciespacademia-pernambucana-de-ciencias-apcassociacao-brasileira-dos-economistas-pela-democracia-abedassociacao-brasileira-de-imp\">Demais entidades:<br \/>\nAcademia de Ci\u00eancias do Estado de S\u00e3o Paulo (ACIESP)<br \/>\nAcademia Pernambucana de Ci\u00eancias (APC)<br \/>\nAssocia\u00e7\u00e3o Brasileira dos Economistas pela Democracia (ABED)<br \/>\nAssocia\u00e7\u00e3o Brasileira de Imprensa (ABI)<br \/>\nCentral \u00danica dos Trabalhadores Bahia (CUT\/BA)<br \/>\nCentro Brasileiro de Estudos de Sa\u00fade (Cebes)<br \/>\nClube de Engenharia<br \/>\nColetivo Contra Tortura<br \/>\nColetivo Grupo de Investiga\u00e7\u00e3o Povos Ind\u00edgenas e Transdisciplinaridade (COGIPIT)<br \/>\nComiss\u00e3o Arns de Direitos Humanos (Comiss\u00e3o Arns)<br \/>\nElas em Redes<br \/>\nGrupo de Estudos e Pesquisas das Tecnologias da Informa\u00e7\u00e3o e Comunica\u00e7\u00e3o em Educa\u00e7\u00e3o Matem\u00e1tica (Gepeticem)<br \/>\nGrupo de Estudos e Pesquisas em Ensino de L\u00ednguas\u00a0(GEPELI)<br \/>\nGrupo de Pesquisa Filologia e Modernidades (FiloM)<br \/>\nGrupos de Estudo e Pesquisa em Educa\u00e7\u00e3o F\u00edsica Esporte e Lazer e Grupo de Estudo e Pesquisa em Educa\u00e7\u00e3o do Campo. Faculdade de Educa\u00e7\u00e3o Universidade Federal da Bahia (Lepel e Gepec Faced Ufba)<br \/>\nInstituto de Desenvolvimento Sustent\u00e1vel do Nordeste (Idesne)<br \/>\nInstituto de Educa\u00e7\u00e3o, Letras, Artes, Ci\u00eancias Humanas e Sociais (IELACHS\/UFTM)<br \/>\nInstituto de Estudos Avan\u00e7ados em Comunica\u00e7\u00f5es (Iecom)<br \/>\nInstituto Federal de Educa\u00e7\u00e3o, Ci\u00eancia e Tecnologia do Paran\u00e1 (IFPR)<br \/>\nInstituto Federal do Maranh\u00e3o- Campus Coelho Neto (IFMA)<br \/>\nInstituto N\u00e3o Aceito Corrup\u00e7\u00e3o (INAC)<br \/>\nJornal Vila Velha em Dia \u2013 ES (VVemDia)<br \/>\nMuseu Antropol\u00f3gico do Vale do S\u00e3o Francisco (MAVSF)<br \/>\nPrograma de P\u00f3s-Gradua\u00e7\u00e3o de Ci\u00eancias Sociais em Desenvolvimento, Agricultura e Sociedade (CPDA\/UFRRJ)<br \/>\nPrograma de P\u00f3s-gradua\u00e7\u00e3o em Antropologia Social \u2013 Universidade de Bras\u00edlia (PPGAS-UnB)<br \/>\nPrograma de P\u00f3s-Gradua\u00e7\u00e3o em Hist\u00f3ria da Universidade Federal do Maranh\u00e3o (PPGHis-UFMA)<br \/>\nUniversidade Estadual de Alagoas (UNEAL)<br \/>\nUniversidade Federal da Bahia (UFBA)<br \/>\nUniversidade Federal do Piau\u00ed (UFPI)<\/h6>\n<p><a href=\"http:\/\/www.jornaldaciencia.org.br\/\" target=\"_blank\" rel=\"noopener\"><span style=\"color: #808080;\"><em>Jorna da Ci\u00eancia<\/em><\/span><\/a><\/p>\n<p>&nbsp;<\/p>\n<h6 id=\"capa-imagem-de-freepik\">Capa. Imagem de <a href=\"https:\/\/br.freepik.com\/\" target=\"_blank\" rel=\"noopener\">Freepik<\/a><\/h6>\n","protected":false},"excerpt":{"rendered":"SBPC e demais entidades que comp\u00f5em a ICTP.br juntam-se a dezenas de&hellip;\n","protected":false},"author":19,"featured_media":4080,"comment_status":"open","ping_status":"open","sticky":false,"template":"","format":"standard","meta":[],"categories":[1,2],"tags":[],"acf":[],"_links":{"self":[{"href":"https:\/\/revistacienciaecultura.org.br\/index.php?rest_route=\/wp\/v2\/posts\/4079"}],"collection":[{"href":"https:\/\/revistacienciaecultura.org.br\/index.php?rest_route=\/wp\/v2\/posts"}],"about":[{"href":"https:\/\/revistacienciaecultura.org.br\/index.php?rest_route=\/wp\/v2\/types\/post"}],"author":[{"embeddable":true,"href":"https:\/\/revistacienciaecultura.org.br\/index.php?rest_route=\/wp\/v2\/users\/19"}],"replies":[{"embeddable":true,"href":"https:\/\/revistacienciaecultura.org.br\/index.php?rest_route=%2Fwp%2Fv2%2Fcomments&post=4079"}],"version-history":[{"count":1,"href":"https:\/\/revistacienciaecultura.org.br\/index.php?rest_route=\/wp\/v2\/posts\/4079\/revisions"}],"predecessor-version":[{"id":4081,"href":"https:\/\/revistacienciaecultura.org.br\/index.php?rest_route=\/wp\/v2\/posts\/4079\/revisions\/4081"}],"wp:featuredmedia":[{"embeddable":true,"href":"https:\/\/revistacienciaecultura.org.br\/index.php?rest_route=\/wp\/v2\/media\/4080"}],"wp:attachment":[{"href":"https:\/\/revistacienciaecultura.org.br\/index.php?rest_route=%2Fwp%2Fv2%2Fmedia&parent=4079"}],"wp:term":[{"taxonomy":"category","embeddable":true,"href":"https:\/\/revistacienciaecultura.org.br\/index.php?rest_route=%2Fwp%2Fv2%2Fcategories&post=4079"},{"taxonomy":"post_tag","embeddable":true,"href":"https:\/\/revistacienciaecultura.org.br\/index.php?rest_route=%2Fwp%2Fv2%2Ftags&post=4079"}],"curies":[{"name":"wp","href":"https:\/\/api.w.org\/{rel}","templated":true}]}}