{"id":4102,"date":"2023-05-03T07:30:44","date_gmt":"2023-05-03T07:30:44","guid":{"rendered":"https:\/\/revistacienciaecultura.org.br\/?p=4102"},"modified":"2023-05-02T20:10:17","modified_gmt":"2023-05-02T20:10:17","slug":"guia-de-centros-e-museus-de-ciencia-da-america-latina-e-caribe-ganha-nova-edicao","status":"publish","type":"post","link":"https:\/\/revistacienciaecultura.org.br\/?p=4102","title":{"rendered":"Guia de Centros e Museus de Ci\u00eancia da Am\u00e9rica Latina e Caribe ganha nova edi\u00e7\u00e3o"},"content":{"rendered":"<h4 id=\"publicacao-abrange-448-museus-e-centros-de-ciencia-da-regiao\"><span style=\"color: #808080;\">Publica\u00e7\u00e3o abrange 448 museus e centros de ci\u00eancia da regi\u00e3o<\/span><\/h4>\n<p>&nbsp;<\/p>\n<p>448 museus e centros de ci\u00eancias da regi\u00e3o. Esse \u00e9 o total apresentado pela nova edi\u00e7\u00e3o do \u201c<strong>Guia de Centros e Museus de Ci\u00eancia da Am\u00e9rica Latina e do Caribe 2023 &#8211; <em>Gu\u00eda de Centros y Museos de Ciencia de Am\u00e9rica Latina y el Caribe 2023<\/em><\/strong>\u201d. Com objetivo de estimular a curiosidade dos leitores sobre idiomas t\u00e3o pr\u00f3ximos, a publica\u00e7\u00e3o sofreu uma mudan\u00e7a significativa em rela\u00e7\u00e3o \u00e0 \u00faltima vers\u00e3o de 2015. Na nova edi\u00e7\u00e3o, o portugu\u00eas foi utilizado nos textos de museus brasileiros e o espanhol nos verbetes dos museus de outros pa\u00edses.<\/p>\n<p>Outra novidade \u00e9 que, nesta edi\u00e7\u00e3o, alguns museus virtuais se apresentaram. De acordo com os organizadores, eles optaram por mant\u00ea-los, visto as adapta\u00e7\u00f5es\/reconfigura\u00e7\u00f5es do mundo dos museus em tempos de pandemia. O Guia de 2023 traz ainda informa\u00e7\u00f5es sobre acessibilidade, uma novidade em rela\u00e7\u00e3o \u00e0 vers\u00e3o anterior.<\/p>\n<p>Para a nova edi\u00e7\u00e3o, os organizadores fizeram um levantamento anterior dos museus de ci\u00eancia da Am\u00e9rica Latina, chegando a um total de 1.896 espa\u00e7os distribu\u00eddos na regi\u00e3o. Cada um recebeu um convite para participar do guia. Tamb\u00e9m foram feitas chamadas por meio das redes sociais.<\/p>\n<p>&nbsp;<\/p>\n<h3 id=\"o-guia\"><strong>O guia<\/strong><\/h3>\n<p>Museus de ci\u00eancia s\u00e3o entendidos neste guia de forma ampla: museus de hist\u00f3ria natural, museus de tecnologia, museus de antropologia, museus de arqueologia, museus de etnografia, museus hist\u00f3ricos, centros interativos, jardins bot\u00e2nicos, aqu\u00e1rios, planet\u00e1rios, zool\u00f3gicos, centros de educa\u00e7\u00e3o ambiental, parques ambientais e outros.<\/p>\n<p>Com a participa\u00e7\u00e3o de um pool de institui\u00e7\u00f5es, o guia iniciou com uma publica\u00e7\u00e3o focada no Brasil. A primeira edi\u00e7\u00e3o foi lan\u00e7ada em 2005 e a segunda, em 2009. Em 2015, tornou-se um guia para toda a regi\u00e3o latino-americana.<\/p>\n<p>Os organizadores da publica\u00e7\u00e3o s\u00e3o os pesquisadores Luisa Massarani, coordenadora do Instituto Nacional de Comunica\u00e7\u00e3o P\u00fablica da Ci\u00eancia e Tecnologia e Casa de Oswaldo Cruz (INCT-CPTC\/COC\/Fiocruz), Mariana de Souza Lima (INCT-CPTC), Maria de Lourdes Pati\u00f1o-Barba, da <em>Red de Popularizaci\u00f3n de la Ciencia y Tecnolog\u00eda en Am\u00e9rica Latina y el Caribe<\/em> (<a href=\"https:\/\/redpop.lat\/\"><span style=\"color: #800000;\"><strong>RedPOP<\/strong><\/span><\/a>), Rodrigo Arantes Reis, da Universidade Federal do Paran\u00e1 (<a href=\"https:\/\/ufpr.br\/\"><span style=\"color: #800000;\"><strong>UFPR<\/strong><\/span><\/a>) e Associa\u00e7\u00e3o Brasileira de Centros e Museus de Ci\u00eancia (<a href=\"https:\/\/abcmc.org.br\/\"><span style=\"color: #800000;\"><strong>ABCMC<\/strong><\/span><\/a>), Lu\u00eds Amorim e Marina Ramalho (<span style=\"color: #800000;\"><strong><a style=\"color: #800000;\" href=\"https:\/\/www.museudavida.fiocruz.br\/\">Museu da Vida Fiocruz<\/a>\/COC\/Fiocruz<\/strong><\/span>).<\/p>\n<p>O Guia ser\u00e1 lan\u00e7ado em 16 de maio, \u00e0s 11h (hor\u00e1rio na Argentina, Brasil e Uruguai), \u00e0s 8h (M\u00e9xico) e 9h (Col\u00f4mbia), com transmiss\u00e3o ao vivo pelo <a href=\"https:\/\/www.youtube.com\/user\/casadeoswaldocruz\"><span style=\"color: #800000;\"><strong>YouTube da Casa<\/strong><\/span><\/a> e participa\u00e7\u00e3o dos organizadores.<\/p>\n<p><span style=\"color: #808080;\"><em>Com informa\u00e7\u00f5es de <a style=\"color: #808080;\" href=\"https:\/\/www.coc.fiocruz.br\/\">COC Fiocruz<\/a><\/em><\/span><\/p>\n<p>&nbsp;<\/p>\n<h6 id=\"capa-michael-van-kerckhove-unsplash-com\">Capa. <a class=\"N2odk RZQOk eziW_ cl4O9 KHq0c\" href=\"https:\/\/unsplash.com\/pt-br\/@micmicpictures2019\">Michael Van Kerckhove<\/a> | <a href=\"http:\/\/Unsplash.com\" target=\"_blank\" rel=\"noopener\">Unsplash.com<\/a><\/h6>\n","protected":false},"excerpt":{"rendered":"Publica\u00e7\u00e3o abrange 448 museus e centros de ci\u00eancia da regi\u00e3o &nbsp; 448&hellip;\n","protected":false},"author":19,"featured_media":4103,"comment_status":"open","ping_status":"open","sticky":false,"template":"","format":"standard","meta":[],"categories":[1,2],"tags":[],"acf":[],"_links":{"self":[{"href":"https:\/\/revistacienciaecultura.org.br\/index.php?rest_route=\/wp\/v2\/posts\/4102"}],"collection":[{"href":"https:\/\/revistacienciaecultura.org.br\/index.php?rest_route=\/wp\/v2\/posts"}],"about":[{"href":"https:\/\/revistacienciaecultura.org.br\/index.php?rest_route=\/wp\/v2\/types\/post"}],"author":[{"embeddable":true,"href":"https:\/\/revistacienciaecultura.org.br\/index.php?rest_route=\/wp\/v2\/users\/19"}],"replies":[{"embeddable":true,"href":"https:\/\/revistacienciaecultura.org.br\/index.php?rest_route=%2Fwp%2Fv2%2Fcomments&post=4102"}],"version-history":[{"count":2,"href":"https:\/\/revistacienciaecultura.org.br\/index.php?rest_route=\/wp\/v2\/posts\/4102\/revisions"}],"predecessor-version":[{"id":4105,"href":"https:\/\/revistacienciaecultura.org.br\/index.php?rest_route=\/wp\/v2\/posts\/4102\/revisions\/4105"}],"wp:featuredmedia":[{"embeddable":true,"href":"https:\/\/revistacienciaecultura.org.br\/index.php?rest_route=\/wp\/v2\/media\/4103"}],"wp:attachment":[{"href":"https:\/\/revistacienciaecultura.org.br\/index.php?rest_route=%2Fwp%2Fv2%2Fmedia&parent=4102"}],"wp:term":[{"taxonomy":"category","embeddable":true,"href":"https:\/\/revistacienciaecultura.org.br\/index.php?rest_route=%2Fwp%2Fv2%2Fcategories&post=4102"},{"taxonomy":"post_tag","embeddable":true,"href":"https:\/\/revistacienciaecultura.org.br\/index.php?rest_route=%2Fwp%2Fv2%2Ftags&post=4102"}],"curies":[{"name":"wp","href":"https:\/\/api.w.org\/{rel}","templated":true}]}}