{"id":4116,"date":"2023-05-09T07:30:19","date_gmt":"2023-05-09T07:30:19","guid":{"rendered":"https:\/\/revistacienciaecultura.org.br\/?p=4116"},"modified":"2023-05-08T11:29:59","modified_gmt":"2023-05-08T11:29:59","slug":"sbpc-divulga-livro-eletronico-com-anais-da-74a-reuniao-anual","status":"publish","type":"post","link":"https:\/\/revistacienciaecultura.org.br\/?p=4116","title":{"rendered":"SBPC divulga livro eletr\u00f4nico com Anais da 74\u00aa Reuni\u00e3o Anual"},"content":{"rendered":"<h4 id=\"a-publicacao-registra-as-atividades-do-evento-incluindo-a-programacao-cientifica-exposicoes-alem-dos-trabalhos-apresentados-pelos-autores-na-sessao-de-posteres\"><span style=\"color: #808080;\">A publica\u00e7\u00e3o registra as atividades do evento, incluindo a programa\u00e7\u00e3o cient\u00edfica, exposi\u00e7\u00f5es, al\u00e9m dos trabalhos apresentados pelos autores na Sess\u00e3o de P\u00f4steres<\/span><\/h4>\n<p>&nbsp;<\/p>\n<p>Os Anais da 74\u00aa Reuni\u00e3o Anual da Sociedade Brasileira para o Progresso da Ci\u00eancia (SBPC), realizada em julho de 24 a 30 de julho de 2022, est\u00e3o disponibilizados no portal da SBPC. O evento foi organizado em parceria com a Universidade de Bras\u00edlia (UnB) e teve como tema \u201cCi\u00eancia, independ\u00eancia e soberania nacional\u201d.<\/p>\n<p>A publica\u00e7\u00e3o registra a realiza\u00e7\u00e3o das atividades do evento, com a Programa\u00e7\u00f5es Cient\u00edfica, que inclui a SBPC Inova\u00e7\u00e3o, SBPC Afro e Ind\u00edgena, SBPC Educa\u00e7\u00e3o e SBPC Vai \u00e0 Escola. Tamb\u00e9m est\u00e3o registradas as exposi\u00e7\u00f5es, lan\u00e7amentos de livros, ExpoT&amp;C, SBPC Jovem e Fam\u00edlia, SBPC Cultural e a Sess\u00e3o de P\u00f4steres (com a publica\u00e7\u00e3o dos trabalhos).<\/p>\n<p>A publica\u00e7\u00e3o est\u00e1 dispon\u00edvel online no endere\u00e7o:\u00a0<span style=\"color: #800000;\"><strong><a style=\"color: #800000;\" href=\"https:\/\/livro.sbpcnet.org.br\/74ra\/\" target=\"_blank\" rel=\"noopener\">https:\/\/livro.sbpcnet.org.br\/74ra\/<\/a><\/strong><\/span><\/p>\n<p>&nbsp;<\/p>\n<h4 id=\"balanco\"><strong>Balan\u00e7o<\/strong><\/h4>\n<p>A 74\u00aa Reuni\u00e3o Anual da SBPC foi realizada de forma h\u00edbrida, com atividades presenciais e virtuais.\u00a0 A organiza\u00e7\u00e3o estima que mais de oito mil pessoas passaram pelos campi da Universidade de Bras\u00edlia (UnB). J\u00e1 a participa\u00e7\u00e3o online chegou a mais de 35 mil pessoas, que acompanharam a programa\u00e7\u00e3o pelos canais da SBPC e da UnBTV.<\/p>\n<p>Presencialmente, a 74\u00aa Reuni\u00e3o Anual da SBPC contou com 26 confer\u00eancias, 53 mesas-redondas, um encontro, 8 sess\u00f5es especiais, uma assembleia, uma roda de conversa, um painel, cinco exposi\u00e7\u00f5es e quatro lan\u00e7amentos de livros. De maneira experimental, o evento ainda recebeu 25 atividades do programa SBPC vai \u00e0 Escola.<\/p>\n<p>J\u00e1 a programa\u00e7\u00e3o virtual somou 109 atividades realizadas, sendo 15 confer\u00eancias, 26 mesas-redondas, 52 pain\u00e9is, uma reuni\u00e3o, 14 minicursos, al\u00e9m das sess\u00f5es de p\u00f4steres.<\/p>\n<p>Os v\u00eddeo-p\u00f4steres, que fizeram parte da programa\u00e7\u00e3o da Sess\u00e3o de P\u00f4steres, tiveram mais de 4,1 mil visualiza\u00e7\u00f5es ao longo da semana. A atividade contou com 221 trabalhos programados, distribu\u00eddos por \u00e1reas do conhecimento. As apresenta\u00e7\u00f5es trazem resultados de pesquisas, sendo 86 trabalhos encaminhados por estudantes (ensino b\u00e1sico, profissionalizante, gradua\u00e7\u00e3o ou p\u00f3s-gradua\u00e7\u00e3o), professores (ensino b\u00e1sico, profissionalizante ou superior), pesquisadores e profissionais, e 135 de estudantes indicados pelas 18 institui\u00e7\u00f5es participantes da Jornada Nacional de Inicia\u00e7\u00e3o Cient\u00edfica (JNIC).<\/p>\n<p>Foram mais de 12 mil pessoas inscritas, e s\u00f3 no canal da SBPC no YouTube, at\u00e9 o dia 29 de julho, mais de 100 mil pessoas foram alcan\u00e7adas. Segundo a secret\u00e1ria-geral da SBPC, Claudia Linhares Sales, a repercuss\u00e3o nas redes sociais durante a semana tamb\u00e9m foi expressiva, com mais de 40 mil contas alcan\u00e7adas s\u00f3 nas postagens dos perfis da entidade.<\/p>\n<p>&nbsp;<\/p>\n<h4 id=\"proxima-edicao\"><strong>Pr\u00f3xima edi\u00e7\u00e3o<\/strong><\/h4>\n<p>Os preparativos para a 75\u00aa Reuni\u00e3o Anual da SBPC j\u00e1 est\u00e3o a todo vapor. O evento deste ano, que ter\u00e1 como tema \u201cCi\u00eancia e democracia para um Brasil justo e desenvolvido\u201d, ser\u00e1 realizado de 23 a 29 de julho de 2023 na Universidade Federal do Paran\u00e1 (UFPR), em Curitiba. Para mais informa\u00e7\u00f5es acesse o site oficial do evento:\u00a0<span style=\"color: #800000;\"><strong><a style=\"color: #800000;\" href=\"https:\/\/ra.sbpcnet.org.br\/75RA\/\" target=\"_blank\" rel=\"noopener\">https:\/\/ra.sbpcnet.org.br\/75RA\/<\/a><\/strong><\/span><\/p>\n<p><span style=\"color: #808080;\"><a style=\"color: #808080;\" href=\"http:\/\/www.jornaldaciencia.org.br\/\" target=\"_blank\" rel=\"noopener\"><em>Jornal da Ci\u00eancia<\/em><\/a><\/span><\/p>\n<p>&nbsp;<\/p>\n<h6 id=\"capa-dip-devices-unsplash-com\">Capa. <a class=\"N2odk RZQOk eziW_ cl4O9 KHq0c\" href=\"https:\/\/unsplash.com\/pt-br\/@dipdevices\">Dip Devices<\/a> | <a href=\"http:\/\/Unsplash.com\" target=\"_blank\" rel=\"noopener\">Unsplash.com<\/a><\/h6>\n","protected":false},"excerpt":{"rendered":"A publica\u00e7\u00e3o registra as atividades do evento, incluindo a programa\u00e7\u00e3o cient\u00edfica, exposi\u00e7\u00f5es,&hellip;\n","protected":false},"author":19,"featured_media":4117,"comment_status":"open","ping_status":"open","sticky":false,"template":"","format":"standard","meta":[],"categories":[1,2],"tags":[],"acf":[],"_links":{"self":[{"href":"https:\/\/revistacienciaecultura.org.br\/index.php?rest_route=\/wp\/v2\/posts\/4116"}],"collection":[{"href":"https:\/\/revistacienciaecultura.org.br\/index.php?rest_route=\/wp\/v2\/posts"}],"about":[{"href":"https:\/\/revistacienciaecultura.org.br\/index.php?rest_route=\/wp\/v2\/types\/post"}],"author":[{"embeddable":true,"href":"https:\/\/revistacienciaecultura.org.br\/index.php?rest_route=\/wp\/v2\/users\/19"}],"replies":[{"embeddable":true,"href":"https:\/\/revistacienciaecultura.org.br\/index.php?rest_route=%2Fwp%2Fv2%2Fcomments&post=4116"}],"version-history":[{"count":2,"href":"https:\/\/revistacienciaecultura.org.br\/index.php?rest_route=\/wp\/v2\/posts\/4116\/revisions"}],"predecessor-version":[{"id":4119,"href":"https:\/\/revistacienciaecultura.org.br\/index.php?rest_route=\/wp\/v2\/posts\/4116\/revisions\/4119"}],"wp:featuredmedia":[{"embeddable":true,"href":"https:\/\/revistacienciaecultura.org.br\/index.php?rest_route=\/wp\/v2\/media\/4117"}],"wp:attachment":[{"href":"https:\/\/revistacienciaecultura.org.br\/index.php?rest_route=%2Fwp%2Fv2%2Fmedia&parent=4116"}],"wp:term":[{"taxonomy":"category","embeddable":true,"href":"https:\/\/revistacienciaecultura.org.br\/index.php?rest_route=%2Fwp%2Fv2%2Fcategories&post=4116"},{"taxonomy":"post_tag","embeddable":true,"href":"https:\/\/revistacienciaecultura.org.br\/index.php?rest_route=%2Fwp%2Fv2%2Ftags&post=4116"}],"curies":[{"name":"wp","href":"https:\/\/api.w.org\/{rel}","templated":true}]}}