{"id":4120,"date":"2023-05-10T07:30:30","date_gmt":"2023-05-10T07:30:30","guid":{"rendered":"https:\/\/revistacienciaecultura.org.br\/?p=4120"},"modified":"2023-05-09T18:33:58","modified_gmt":"2023-05-09T18:33:58","slug":"cinco-modos-como-as-florestas-beneficiam-pessoas-e-planeta","status":"publish","type":"post","link":"https:\/\/revistacienciaecultura.org.br\/?p=4120","title":{"rendered":"Cinco modos como as florestas beneficiam pessoas e planeta"},"content":{"rendered":"<h4 id=\"conheca-os-cinco-pontos-sobre-o-manejo-das-florestas-e-o-porque-de-sua-importancia\"><span style=\"color: #808080;\">Conhe\u00e7a os cinco pontos sobre o manejo das florestas e o porqu\u00ea de sua import\u00e2ncia. <\/span><\/h4>\n<p>&nbsp;<\/p>\n<p>As florestas s\u00e3o fundamentais para a manuten\u00e7\u00e3o da sa\u00fade do planeta e das pessoas. Para discutir as condi\u00e7\u00f5es das florestas do mundo e o que est\u00e1 sendo feito para conserva\u00e7\u00e3o e manejo sustent\u00e1veis, a <span style=\"color: #800000;\"><strong><a style=\"color: #800000;\" href=\"https:\/\/un.org\/\">Organiza\u00e7\u00e3o das Na\u00e7\u00f5es Unidas<\/a><\/strong><\/span> (ONU) realiza, de 8 a 12 de maio, a 18\u00aa. Sess\u00e3o do F\u00f3rum sobre Florestas. O evento \u00e9 organizado pelo Departamento Econ\u00f4mico e Social (Desa) em parceria com os pa\u00edses-membros, ag\u00eancias da ONU e outras organiza\u00e7\u00f5es internacionais.<\/p>\n<p>Saiba por que este recurso considerado planet\u00e1rio \u00e9 importante para a vida na Terra e para o cumprimento dos Objetivos de Desenvolvimento Sustent\u00e1vel (ODS).<\/p>\n<p>&nbsp;<\/p>\n<h4 id=\"as-florestas-sao-essenciais-para-a-vida-na-terra\">As florestas s\u00e3o essenciais para a vida na Terra<\/h4>\n<p>Cobrindo uma \u00e1rea de 31% da superf\u00edcie da Terra, elas concentram 80% de toda a biodiversidade terrestre do mundo e estocam mais carbono que a atmosfera.<\/p>\n<p>&nbsp;<\/p>\n<h4 id=\"as-florestas-apoiam-nosso-bem-estar-e-subsistencia\">As florestas apoiam nosso bem-estar e subsist\u00eancia<\/h4>\n<p>Mais de 1,6 bilh\u00e3o de pessoas dependem da floresta para sobreviver como fonte de vida, emprego e renda. Quase um ter\u00e7o da popula\u00e7\u00e3o mundial, ou 2 bilh\u00f5es de pessoas, ainda dependem de lenha para cozinhar ou se aquecerem. Na \u00c1frica, este n\u00famero representa dois ter\u00e7os dos lares.<\/p>\n<p>&nbsp;<\/p>\n<h4 id=\"florestas-saudaveis-apoiam-pessoas-saudaveis\">Florestas saud\u00e1veis apoiam pessoas saud\u00e1veis<\/h4>\n<p>As florestas e as \u00e1rvores fornecem ar puro e \u00e1gua al\u00e9m de suster as pessoas independentemente de onde vivam. Doen\u00e7as zoon\u00f3ticas somam 75% de todas as enfermidades infecciosas que surgem, e elas geralmente ocorrem quando as paisagens naturais, como florestas, s\u00e3o devastadas. A restaura\u00e7\u00e3o das matas e o plantio de \u00e1rvores s\u00e3o parte essencial de uma abordagem integrada e saud\u00e1vel para as pessoas, para as esp\u00e9cies e para o planeta.<\/p>\n<p>&nbsp;<\/p>\n<h4 id=\"as-florestas-continuam-sob-risco-no-mundo\">As florestas continuam sob risco no mundo<\/h4>\n<p>A cada ano, o mundo segue perdendo 10 milh\u00f5es de hectares de florestas, uma \u00e1rea que representa a extens\u00e3o da Coreia do Sul. As florestas do mundo est\u00e3o sob risco de desmatamento ilegal, explora\u00e7\u00e3o de madeira insustent\u00e1vel, inc\u00eandios florestais eventos meteorol\u00f3gicos extremos.<\/p>\n<p>&nbsp;<\/p>\n<h4 id=\"a-restauracao-das-florestas-e-peca-chave-do-futuro-sustentavel\">A restaura\u00e7\u00e3o das florestas \u00e9 pe\u00e7a-chave do futuro sustent\u00e1vel<\/h4>\n<p>Estima-se que 2 bilh\u00f5es de hectares de terra degradada, em todo o mundo, tenham o potencial de restauro. A revitaliza\u00e7\u00e3o da floresta degradada \u00e9 cr\u00edtica para o cumprimento da meta das Na\u00e7\u00f5es Unidas de aumentar a \u00e1rea global florestal at\u00e9 3% at\u00e9 2030. Com isso, n\u00e3o somente os pa\u00edses seriam ajudados a gerarem novos postos de trabalho, prevenir a eros\u00e3o do solo e proteger as bacias hidrogr\u00e1ficas, mas tamb\u00e9m mitigar a mudan\u00e7a clim\u00e1tica e salvaguardar a biodiversidade.<\/p>\n<p>&nbsp;<\/p>\n<p><em>Com informa\u00e7\u00f5es da <a href=\"https:\/\/news.un.org\/\">ONU News<\/a><\/em><\/p>\n<p>&nbsp;<\/p>\n<h6 id=\"capa-foto-por-steven-kamenar-unsplas-com\">Capa. Foto por\u00a0 <a class=\"N2odk RZQOk eziW_ cl4O9 KHq0c\" href=\"https:\/\/unsplash.com\/pt-br\/@skamenar\">Steven Kamenar | Unsplas.com<\/a><\/h6>\n","protected":false},"excerpt":{"rendered":"Conhe\u00e7a os cinco pontos sobre o manejo das florestas e o porqu\u00ea&hellip;\n","protected":false},"author":19,"featured_media":4121,"comment_status":"open","ping_status":"open","sticky":false,"template":"","format":"standard","meta":[],"categories":[1,2],"tags":[],"acf":[],"_links":{"self":[{"href":"https:\/\/revistacienciaecultura.org.br\/index.php?rest_route=\/wp\/v2\/posts\/4120"}],"collection":[{"href":"https:\/\/revistacienciaecultura.org.br\/index.php?rest_route=\/wp\/v2\/posts"}],"about":[{"href":"https:\/\/revistacienciaecultura.org.br\/index.php?rest_route=\/wp\/v2\/types\/post"}],"author":[{"embeddable":true,"href":"https:\/\/revistacienciaecultura.org.br\/index.php?rest_route=\/wp\/v2\/users\/19"}],"replies":[{"embeddable":true,"href":"https:\/\/revistacienciaecultura.org.br\/index.php?rest_route=%2Fwp%2Fv2%2Fcomments&post=4120"}],"version-history":[{"count":2,"href":"https:\/\/revistacienciaecultura.org.br\/index.php?rest_route=\/wp\/v2\/posts\/4120\/revisions"}],"predecessor-version":[{"id":4123,"href":"https:\/\/revistacienciaecultura.org.br\/index.php?rest_route=\/wp\/v2\/posts\/4120\/revisions\/4123"}],"wp:featuredmedia":[{"embeddable":true,"href":"https:\/\/revistacienciaecultura.org.br\/index.php?rest_route=\/wp\/v2\/media\/4121"}],"wp:attachment":[{"href":"https:\/\/revistacienciaecultura.org.br\/index.php?rest_route=%2Fwp%2Fv2%2Fmedia&parent=4120"}],"wp:term":[{"taxonomy":"category","embeddable":true,"href":"https:\/\/revistacienciaecultura.org.br\/index.php?rest_route=%2Fwp%2Fv2%2Fcategories&post=4120"},{"taxonomy":"post_tag","embeddable":true,"href":"https:\/\/revistacienciaecultura.org.br\/index.php?rest_route=%2Fwp%2Fv2%2Ftags&post=4120"}],"curies":[{"name":"wp","href":"https:\/\/api.w.org\/{rel}","templated":true}]}}