{"id":4136,"date":"2023-05-17T07:30:28","date_gmt":"2023-05-17T07:30:28","guid":{"rendered":"https:\/\/revistacienciaecultura.org.br\/?p=4136"},"modified":"2023-05-16T20:19:51","modified_gmt":"2023-05-16T20:19:51","slug":"leia-a-primeira-edicao-de-2023-da-ciencia-cultura-na-integra","status":"publish","type":"post","link":"https:\/\/revistacienciaecultura.org.br\/?p=4136","title":{"rendered":"Leia a primeira edi\u00e7\u00e3o de 2023 da Ci\u00eancia &#038; Cultura na \u00edntegra"},"content":{"rendered":"<h4 id=\"voce-pode-baixar-o-pdf-da-revista-ou-ler-a-edicao-em-flipbook-confira\"><span style=\"color: #808080;\">Voc\u00ea pode baixar o PDF da revista ou ler a edi\u00e7\u00e3o em flipbook. Confira!<\/span><\/h4>\n<p>&nbsp;<\/p>\n<p>A primeira edi\u00e7\u00e3o de 2023 da revista Ci\u00eancia &amp; Cultura \u2013 \u201c<span style=\"color: #800000;\"><strong><a style=\"color: #800000;\" href=\"https:\/\/revistacienciaecultura.org.br\/\">Universidade do Futuro no Brasil<\/a><\/strong><\/span>\u201d \u2013 j\u00e1 est\u00e1 dispon\u00edvel para download em PDF ou para leitura online em flipbook.<\/p>\n<p>O novo n\u00famero discute os desafios atuais do ensino superior brasileiro. Diversidade, internacionaliza\u00e7\u00e3o, inova\u00e7\u00e3o, planejamento curricular e pol\u00edticas p\u00fablicas s\u00e3o alguns dos temas tratados por especialistas de diversas \u00e1reas. A edi\u00e7\u00e3o tamb\u00e9m conta com reportagens, v\u00eddeos e podcasts.<\/p>\n<p>\u201cAs universidades, especialmente aquelas do setor p\u00fablico, trouxeram contribui\u00e7\u00f5es centrais para a resolu\u00e7\u00e3o de problemas e para a prote\u00e7\u00e3o da popula\u00e7\u00e3o\u201d, afirmam Soraya S. Smaili, professora do Departamento de Farmacologia da Escola Paulista de Medicina da Universidade Federal de S\u00e3o Paulo (Unifesp) e coordenadora do Centro de Estudos Sociedade Universidade e Ci\u00eancia (SoU_Ci\u00eancia), e Naomar de Almeida Filho, professor do Instituto de Sa\u00fade Coletiva da Universidade Federal da Bahia (UFBA) e professor visitante no Instituto de Estudos Avan\u00e7ados da Universidade de S\u00e3o Paulo (USP), editores cient\u00edficos deste n\u00famero da revista<em>.<\/em><\/p>\n<p><strong>Confira os artigos, textos de opini\u00e3o e reportagens na \u00edntegra!<\/strong><\/p>\n<p>&nbsp;<\/p>\n<p style=\"text-align: center;\"><span style=\"color: #800000;\"><strong><a style=\"color: #800000;\" href=\"https:\/\/heyzine.com\/flip-book\/718ea47527.html\" target=\"_blank\" rel=\"noopener\">Clique aqui para ler a vers\u00e3o em flipbook<\/a>:<\/strong><\/span><a href=\"https:\/\/heyzine.com\/flip-book\/718ea47527.html\" target=\"_blank\" rel=\"noopener\"><img loading=\"lazy\" class=\"size-medium wp-image-4137 aligncenter\" src=\"https:\/\/revistacienciaecultura.org.br\/wp-content\/uploads\/2023\/05\/CC-1E23-capa-217x300.jpg\" alt=\"\" width=\"217\" height=\"300\" srcset=\"https:\/\/revistacienciaecultura.org.br\/wp-content\/uploads\/2023\/05\/CC-1E23-capa-217x300.jpg 217w, https:\/\/revistacienciaecultura.org.br\/wp-content\/uploads\/2023\/05\/CC-1E23-capa-741x1024.jpg 741w, https:\/\/revistacienciaecultura.org.br\/wp-content\/uploads\/2023\/05\/CC-1E23-capa-768x1062.jpg 768w, https:\/\/revistacienciaecultura.org.br\/wp-content\/uploads\/2023\/05\/CC-1E23-capa-1111x1536.jpg 1111w, https:\/\/revistacienciaecultura.org.br\/wp-content\/uploads\/2023\/05\/CC-1E23-capa-9x12.jpg 9w, https:\/\/revistacienciaecultura.org.br\/wp-content\/uploads\/2023\/05\/CC-1E23-capa-800x1106.jpg 800w, https:\/\/revistacienciaecultura.org.br\/wp-content\/uploads\/2023\/05\/CC-1E23-capa-1160x1604.jpg 1160w, https:\/\/revistacienciaecultura.org.br\/wp-content\/uploads\/2023\/05\/CC-1E23-capa.jpg 1190w\" sizes=\"(max-width: 217px) 100vw, 217px\" \/><\/a><\/p>\n<p style=\"text-align: center;\"><a href=\"https:\/\/drive.google.com\/file\/d\/10PlpsAP5yiQZvXTnPLV-AHr9cY2D8xbW\/view?usp=sharing\" target=\"_blank\" rel=\"noopener\"><span style=\"color: #800000;\"><strong>Clique aqui para baixar a vers\u00e3o em pdf:<\/strong><\/span><\/a><\/p>\n<p><a href=\"https:\/\/drive.google.com\/file\/d\/10PlpsAP5yiQZvXTnPLV-AHr9cY2D8xbW\/view?usp=sharing\" target=\"_blank\" rel=\"noopener\"><img loading=\"lazy\" class=\"size-medium wp-image-4137 aligncenter\" src=\"https:\/\/revistacienciaecultura.org.br\/wp-content\/uploads\/2023\/05\/CC-1E23-capa-217x300.jpg\" alt=\"\" width=\"217\" height=\"300\" srcset=\"https:\/\/revistacienciaecultura.org.br\/wp-content\/uploads\/2023\/05\/CC-1E23-capa-217x300.jpg 217w, https:\/\/revistacienciaecultura.org.br\/wp-content\/uploads\/2023\/05\/CC-1E23-capa-741x1024.jpg 741w, https:\/\/revistacienciaecultura.org.br\/wp-content\/uploads\/2023\/05\/CC-1E23-capa-768x1062.jpg 768w, https:\/\/revistacienciaecultura.org.br\/wp-content\/uploads\/2023\/05\/CC-1E23-capa-1111x1536.jpg 1111w, https:\/\/revistacienciaecultura.org.br\/wp-content\/uploads\/2023\/05\/CC-1E23-capa-9x12.jpg 9w, https:\/\/revistacienciaecultura.org.br\/wp-content\/uploads\/2023\/05\/CC-1E23-capa-800x1106.jpg 800w, https:\/\/revistacienciaecultura.org.br\/wp-content\/uploads\/2023\/05\/CC-1E23-capa-1160x1604.jpg 1160w, https:\/\/revistacienciaecultura.org.br\/wp-content\/uploads\/2023\/05\/CC-1E23-capa.jpg 1190w\" sizes=\"(max-width: 217px) 100vw, 217px\" \/><\/a><\/p>\n","protected":false},"excerpt":{"rendered":"Voc\u00ea pode baixar o PDF da revista ou ler a edi\u00e7\u00e3o em&hellip;\n","protected":false},"author":19,"featured_media":4138,"comment_status":"open","ping_status":"open","sticky":false,"template":"","format":"standard","meta":[],"categories":[1,2],"tags":[],"acf":[],"_links":{"self":[{"href":"https:\/\/revistacienciaecultura.org.br\/index.php?rest_route=\/wp\/v2\/posts\/4136"}],"collection":[{"href":"https:\/\/revistacienciaecultura.org.br\/index.php?rest_route=\/wp\/v2\/posts"}],"about":[{"href":"https:\/\/revistacienciaecultura.org.br\/index.php?rest_route=\/wp\/v2\/types\/post"}],"author":[{"embeddable":true,"href":"https:\/\/revistacienciaecultura.org.br\/index.php?rest_route=\/wp\/v2\/users\/19"}],"replies":[{"embeddable":true,"href":"https:\/\/revistacienciaecultura.org.br\/index.php?rest_route=%2Fwp%2Fv2%2Fcomments&post=4136"}],"version-history":[{"count":2,"href":"https:\/\/revistacienciaecultura.org.br\/index.php?rest_route=\/wp\/v2\/posts\/4136\/revisions"}],"predecessor-version":[{"id":4140,"href":"https:\/\/revistacienciaecultura.org.br\/index.php?rest_route=\/wp\/v2\/posts\/4136\/revisions\/4140"}],"wp:featuredmedia":[{"embeddable":true,"href":"https:\/\/revistacienciaecultura.org.br\/index.php?rest_route=\/wp\/v2\/media\/4138"}],"wp:attachment":[{"href":"https:\/\/revistacienciaecultura.org.br\/index.php?rest_route=%2Fwp%2Fv2%2Fmedia&parent=4136"}],"wp:term":[{"taxonomy":"category","embeddable":true,"href":"https:\/\/revistacienciaecultura.org.br\/index.php?rest_route=%2Fwp%2Fv2%2Fcategories&post=4136"},{"taxonomy":"post_tag","embeddable":true,"href":"https:\/\/revistacienciaecultura.org.br\/index.php?rest_route=%2Fwp%2Fv2%2Ftags&post=4136"}],"curies":[{"name":"wp","href":"https:\/\/api.w.org\/{rel}","templated":true}]}}