{"id":4141,"date":"2023-05-18T11:41:45","date_gmt":"2023-05-18T11:41:45","guid":{"rendered":"https:\/\/revistacienciaecultura.org.br\/?p=4141"},"modified":"2023-05-18T11:41:45","modified_gmt":"2023-05-18T11:41:45","slug":"dia-internacional-dos-museus-celebra-sustentabilidade-e-bem-estar","status":"publish","type":"post","link":"https:\/\/revistacienciaecultura.org.br\/?p=4141","title":{"rendered":"Dia Internacional dos Museus celebra sustentabilidade e bem-estar"},"content":{"rendered":"<h4 id=\"objetivo-da-data-e-conscientizar-sobre-esse-importante-meio-de-transmissao-e-intercambio-cultural\"><span style=\"color: #808080;\">Objetivo da data \u00e9 conscientizar sobre esse importante meio de transmiss\u00e3o e interc\u00e2mbio cultural<\/span><\/h4>\n<p>&nbsp;<\/p>\n<p>Os museus s\u00e3o fundamentais para preservar a hist\u00f3ria e divulgar a ci\u00eancia. Mas v\u00e3o muito al\u00e9m disso. Para celebrar a import\u00e2ncia dos museus, nesta quinta-feira (18) \u00e9 comemorado o Dia Internacional dos Museus. O objetivo da data \u00e9 se tornar um ponto de encontro para a conscientiza\u00e7\u00e3o sobre os museus, importante meio de transmiss\u00e3o e interc\u00e2mbio cultural, representa\u00e7\u00e3o da diversidade cultural e natural da humanidade, bem como para a prote\u00e7\u00e3o e preserva\u00e7\u00e3o do patrim\u00f4nio.<\/p>\n<p>Com o tema \u201cMuseus, Sustentabilidade e Bem-Estar\u201d, a edi\u00e7\u00e3o deste ano destaca a import\u00e2ncia dos museus como espa\u00e7os que promovem o bem-estar e a sustentabilidade, apoiando tr\u00eas objetivos de desenvolvimento sustent\u00e1vel (ODS) estabelecidos pela Organiza\u00e7\u00e3o das Na\u00e7\u00f5es Unidas: sa\u00fade e bem-estar global, a\u00e7\u00e3o clim\u00e1tica e vida na terra.<\/p>\n<p>No Brasil, a data \u00e9 comemorada a semana inteira. A 21\u00aa Semana Nacional de Museus come\u00e7a nesta segunda-feira (15) e segue at\u00e9 o pr\u00f3ximo domingo (21). Mais de 1.100 institui\u00e7\u00f5es em todo o pa\u00eds participam da edi\u00e7\u00e3o, promovida anualmente em raz\u00e3o do, comemorado em 18 de maio. \u201cEm 2023, os museus e institui\u00e7\u00f5es culturais e educativas participantes realizar\u00e3o mais de 3.500 atividades em todas as regi\u00f5es brasileiras inspirados pelo tema, como exposi\u00e7\u00f5es, visitas guiadas, palestras, oficinas e apresenta\u00e7\u00f5es musicais e teatrais\u201d, informou o <strong><span style=\"color: #800000;\"><a style=\"color: #800000;\" href=\"https:\/\/www.gov.br\/museus\/pt-br\">Instituto Brasileiro de Museus<\/a><\/span><\/strong> (Ibram).<\/p>\n<p><span style=\"color: #808080;\"><em>Com informa\u00e7\u00f5es do Ibram<\/em><\/span><\/p>\n<p>&nbsp;<\/p>\n<h6 id=\"capa-museu-historico-nacional-foto-por-ibram\">Capa. Museu Hist\u00f3rico Nacional. Foto por Ibram.<\/h6>\n","protected":false},"excerpt":{"rendered":"Objetivo da data \u00e9 conscientizar sobre esse importante meio de transmiss\u00e3o e&hellip;\n","protected":false},"author":19,"featured_media":4142,"comment_status":"open","ping_status":"open","sticky":false,"template":"","format":"standard","meta":[],"categories":[1,2],"tags":[],"acf":[],"_links":{"self":[{"href":"https:\/\/revistacienciaecultura.org.br\/index.php?rest_route=\/wp\/v2\/posts\/4141"}],"collection":[{"href":"https:\/\/revistacienciaecultura.org.br\/index.php?rest_route=\/wp\/v2\/posts"}],"about":[{"href":"https:\/\/revistacienciaecultura.org.br\/index.php?rest_route=\/wp\/v2\/types\/post"}],"author":[{"embeddable":true,"href":"https:\/\/revistacienciaecultura.org.br\/index.php?rest_route=\/wp\/v2\/users\/19"}],"replies":[{"embeddable":true,"href":"https:\/\/revistacienciaecultura.org.br\/index.php?rest_route=%2Fwp%2Fv2%2Fcomments&post=4141"}],"version-history":[{"count":1,"href":"https:\/\/revistacienciaecultura.org.br\/index.php?rest_route=\/wp\/v2\/posts\/4141\/revisions"}],"predecessor-version":[{"id":4143,"href":"https:\/\/revistacienciaecultura.org.br\/index.php?rest_route=\/wp\/v2\/posts\/4141\/revisions\/4143"}],"wp:featuredmedia":[{"embeddable":true,"href":"https:\/\/revistacienciaecultura.org.br\/index.php?rest_route=\/wp\/v2\/media\/4142"}],"wp:attachment":[{"href":"https:\/\/revistacienciaecultura.org.br\/index.php?rest_route=%2Fwp%2Fv2%2Fmedia&parent=4141"}],"wp:term":[{"taxonomy":"category","embeddable":true,"href":"https:\/\/revistacienciaecultura.org.br\/index.php?rest_route=%2Fwp%2Fv2%2Fcategories&post=4141"},{"taxonomy":"post_tag","embeddable":true,"href":"https:\/\/revistacienciaecultura.org.br\/index.php?rest_route=%2Fwp%2Fv2%2Ftags&post=4141"}],"curies":[{"name":"wp","href":"https:\/\/api.w.org\/{rel}","templated":true}]}}