{"id":4198,"date":"2023-05-24T07:30:13","date_gmt":"2023-05-24T07:30:13","guid":{"rendered":"https:\/\/revistacienciaecultura.org.br\/?p=4198"},"modified":"2023-05-23T18:47:22","modified_gmt":"2023-05-23T18:47:22","slug":"povos-originarios-estarao-entre-temas-debatidos-na-75a-reuniao-anual-da-sbpc","status":"publish","type":"post","link":"https:\/\/revistacienciaecultura.org.br\/?p=4198","title":{"rendered":"Povos origin\u00e1rios estar\u00e3o entre temas debatidos na 75\u00aa Reuni\u00e3o Anual da SBPC"},"content":{"rendered":"<h4 id=\"o-evento-sera-realizado-de-23-a-29-de-julho-de-2023-na-universidade-federal-do-parana-ufpr-em-curitiba\"><span style=\"color: #808080;\">O evento ser\u00e1 realizado de 23 a 29 de julho de 2023 na Universidade Federal do Paran\u00e1 (UFPR), em Curitiba.\u00a0<\/span><\/h4>\n<p>&nbsp;<\/p>\n<p>Os \u201c<strong>Direitos ind\u00edgenas no Brasil\u201d, \u201cA saga do povo Yanomami: o genoc\u00eddio planejado\u201d<\/strong>\u00a0e\u00a0<strong>\u201cD\u00e9cada internacional das l\u00ednguas ind\u00edgenas: por qu\u00ea e para qu\u00ea foi proposta pela Unesco?\u201d<\/strong>\u00a0ser\u00e3o alguns dos temas relacionados aos povos origin\u00e1rios que ser\u00e3o debatidos durante a 75\u00aa Reuni\u00e3o Anual da Sociedade Brasileira para o Progresso da Ci\u00eancia (SBPC). O evento ser\u00e1 realizado de 23 a 29 de julho de 2023 na Universidade Federal do Paran\u00e1 (UFPR), em Curitiba. A edi\u00e7\u00e3o deste ano tem como tema \u201cCi\u00eancia e democracia para um Brasil justo e desenvolvido\u201d e est\u00e1 com inscri\u00e7\u00f5es abertas.<\/p>\n<p>A SBPC espera que a 75\u00aa Reuni\u00e3o Anual atraia participantes de todas as idades e \u00e1reas de interesses, incluindo cientistas, educadores, estudantes, pol\u00edticos e o p\u00fablico em geral. O encontro oferecer\u00e1 uma oportunidade \u00fanica para o interc\u00e2mbio de ideias e para o avan\u00e7o do conhecimento cient\u00edfico no Brasil e no mundo.<\/p>\n<p>Cl\u00e1udia Linhares Sales, secret\u00e1ria-geral da SBPC e coordenadora-geral do evento, ressalta que a programa\u00e7\u00e3o da 75\u00aa Reuni\u00e3o Anual foi cuidadosamente planejada para trazer aos participantes temas\u00a0importantes para o desenvolvimento do Brasil e defendidos pela entidade: a ci\u00eancia, os direitos humanos, o meio ambiente, a inclus\u00e3o social e a democracia.<\/p>\n<p>Existe uma grande expectativa e entusiasmo com a realiza\u00e7\u00e3o desta edi\u00e7\u00e3o da RA, segundo Linhares Sales. Primeiro, porque o evento celebra duas datas importantes: os 75 anos da SBPC e os 110 anos da UFPR. Segundo, ser\u00e1 realizada no primeiro ano de um novo governo, em um panorama de reconstru\u00e7\u00e3o para diversas \u00e1reas, especialmente para ci\u00eancia, tecnologia e inova\u00e7\u00e3o, o meio ambiente, os direitos humanos, al\u00e9m de restabelecimento dos valores democr\u00e1ticos, das institui\u00e7\u00f5es e do Estado laico.\u00a0\u201cVamos trazer palestrantes e conferencistas que consigam apontar caminhos que a sociedade deve tomar para que a gente consiga superar rapidamente os danos sofridos nesses \u00faltimos anos. Por isso, a programa\u00e7\u00e3o foi pensada, como \u00e9 de costume, para trazer as grandes novidades em CT&amp;I, educa\u00e7\u00e3o, entre outros assuntos, para pensarmos o futuro\u201d, afirma.<\/p>\n<p>&nbsp;<\/p>\n<h4 id=\"a-reuniao-anual\"><strong>A Reuni\u00e3o Anual<\/strong><\/h4>\n<p>Criada em 1948, a SBPC \u00e9 uma entidade voltada \u00e0 defesa do avan\u00e7o cient\u00edfico e tecnol\u00f3gico e do desenvolvimento educacional e cultural do Brasil e que, ininterruptamente, realiza desde 1949 sua Reuni\u00e3o Anual, considerada o maior evento cient\u00edfico da Am\u00e9rica Latina.<\/p>\n<p>A cada ano, a Reuni\u00e3o Anual da SBPC \u00e9 levada a um estado brasileiro, prioritariamente em universidade p\u00fablica. O evento re\u00fane milhares de pessoas \u2013 cientistas, professores e estudantes de todos os n\u00edveis, profissionais liberais e visitantes, al\u00e9m de autoridades e gestores, formuladores de pol\u00edticas p\u00fablicas para ci\u00eancia e tecnologia no Pa\u00eds.<\/p>\n<p>As reuni\u00f5es anuais da SBPC t\u00eam, concomitantemente, os objetivos de debater pol\u00edticas p\u00fablicas nas \u00e1reas de Ci\u00eancia, Tecnologia, Inova\u00e7\u00e3o e Educa\u00e7\u00e3o e de difundir os avan\u00e7os da Ci\u00eancia nas diversas \u00e1reas do conhecimento para toda a popula\u00e7\u00e3o.<\/p>\n<p>Para mais informa\u00e7\u00f5es:\u00a0<span style=\"color: #800000;\"><strong><a style=\"color: #800000;\" href=\"https:\/\/ra.sbpcnet.org.br\/75RA\/\" target=\"_blank\" rel=\"noopener\">https:\/\/ra.sbpcnet.org.br\/75RA\/<\/a><\/strong><\/span><\/p>\n<p><a href=\"http:\/\/ornaldaciencia.org.br\" target=\"_blank\" rel=\"noopener\"><span style=\"color: #808080;\"><em>Jornal da Ci\u00eancia<\/em><\/span><\/a><\/p>\n","protected":false},"excerpt":{"rendered":"O evento ser\u00e1 realizado de 23 a 29 de julho de 2023&hellip;\n","protected":false},"author":19,"featured_media":4020,"comment_status":"open","ping_status":"open","sticky":false,"template":"","format":"standard","meta":[],"categories":[1,2],"tags":[],"acf":[],"_links":{"self":[{"href":"https:\/\/revistacienciaecultura.org.br\/index.php?rest_route=\/wp\/v2\/posts\/4198"}],"collection":[{"href":"https:\/\/revistacienciaecultura.org.br\/index.php?rest_route=\/wp\/v2\/posts"}],"about":[{"href":"https:\/\/revistacienciaecultura.org.br\/index.php?rest_route=\/wp\/v2\/types\/post"}],"author":[{"embeddable":true,"href":"https:\/\/revistacienciaecultura.org.br\/index.php?rest_route=\/wp\/v2\/users\/19"}],"replies":[{"embeddable":true,"href":"https:\/\/revistacienciaecultura.org.br\/index.php?rest_route=%2Fwp%2Fv2%2Fcomments&post=4198"}],"version-history":[{"count":2,"href":"https:\/\/revistacienciaecultura.org.br\/index.php?rest_route=\/wp\/v2\/posts\/4198\/revisions"}],"predecessor-version":[{"id":4200,"href":"https:\/\/revistacienciaecultura.org.br\/index.php?rest_route=\/wp\/v2\/posts\/4198\/revisions\/4200"}],"wp:featuredmedia":[{"embeddable":true,"href":"https:\/\/revistacienciaecultura.org.br\/index.php?rest_route=\/wp\/v2\/media\/4020"}],"wp:attachment":[{"href":"https:\/\/revistacienciaecultura.org.br\/index.php?rest_route=%2Fwp%2Fv2%2Fmedia&parent=4198"}],"wp:term":[{"taxonomy":"category","embeddable":true,"href":"https:\/\/revistacienciaecultura.org.br\/index.php?rest_route=%2Fwp%2Fv2%2Fcategories&post=4198"},{"taxonomy":"post_tag","embeddable":true,"href":"https:\/\/revistacienciaecultura.org.br\/index.php?rest_route=%2Fwp%2Fv2%2Ftags&post=4198"}],"curies":[{"name":"wp","href":"https:\/\/api.w.org\/{rel}","templated":true}]}}