{"id":4210,"date":"2023-05-30T07:30:35","date_gmt":"2023-05-30T07:30:35","guid":{"rendered":"https:\/\/revistacienciaecultura.org.br\/?p=4210"},"modified":"2023-05-29T19:17:41","modified_gmt":"2023-05-29T19:17:41","slug":"eleicoes-sbpc-2023-conheca-as-candidaturas","status":"publish","type":"post","link":"https:\/\/revistacienciaecultura.org.br\/?p=4210","title":{"rendered":"Elei\u00e7\u00f5es SBPC 2023: Conhe\u00e7a as candidaturas"},"content":{"rendered":"<h4 id=\"votacao-comecou-nesta-segunda-29-e-segue-ate-19-de-junho\"><span style=\"color: #808080;\">Vota\u00e7\u00e3o come\u00e7ou nesta segunda (29) e segue at\u00e9 19 de junho<\/span><\/h4>\n<p>&nbsp;<\/p>\n<p>O processo de vota\u00e7\u00e3o das Elei\u00e7\u00f5es 2023 da SBPC para os cargos da Diretoria (bi\u00eanio 2023-2025), parte do Conselho (quadri\u00eanio 2023-2027) e Secretarias Regionais (bi\u00eanio 2023-2025) est\u00e1 aberto.<\/p>\n<p>Foram encaminhadas para todos os s\u00f3cios ativos as instru\u00e7\u00f5es sobre a vota\u00e7\u00e3o, que come\u00e7ou nesta segunda-feira (29) e vai at\u00e9 o dia 19 de junho.\u00a0 A recomenda\u00e7\u00e3o para os s\u00f3cios \u00e9 que votem o quanto antes e divulguem aos seus colegas que a vota\u00e7\u00e3o est\u00e1 em andamento.<\/p>\n<p>Est\u00e3o aptos a votar os s\u00f3cios ativos, ou seja, aqueles que tenham sido admitidos at\u00e9 o dia 15 de mar\u00e7o de 2023 e que tenham quitado a anuidade referente a 2023 e\/ou 2022 at\u00e9 o dia 24 de maio.<\/p>\n<p>As circulares anteriores, a lista de todos os candidatos aos diversos cargos, bem como seus curr\u00edculos resumidos e outros textos de interesse por eles disponibilizados tamb\u00e9m podem ser acessados na\u00a0<span style=\"color: #800000;\"><strong><a style=\"color: #800000;\" href=\"http:\/\/portal.sbpcnet.org.br\/eleicoes-2023\/\" target=\"_blank\" rel=\"noopener\">p\u00e1gina das elei\u00e7\u00f5es<\/a>.<\/strong><\/span><\/p>\n<p>O sistema utilizado no processo de vota\u00e7\u00e3o deste ano ser\u00e1 uma vers\u00e3o do\u00a0<em>Helios Voting<\/em>, cedida pela Universidade de S\u00e3o Paulo (USP). O sistema \u00e9 amplamente utilizado por grandes organiza\u00e7\u00f5es, incluindo sociedades cient\u00edficas e profissionais, al\u00e9m de in\u00fameras Institui\u00e7\u00f5es de Ensino Superior, e \u00e9 dotado de um mecanismo altamente seguro de computa\u00e7\u00e3o e apura\u00e7\u00e3o eletr\u00f4nicas dos votos, que s\u00e3o criptografados antes de serem enviados pela rede. Os s\u00f3cios podem verificar o passo a passo para vota\u00e7\u00e3o neste\u00a0<span style=\"color: #800000;\"><strong><a style=\"color: #800000;\" href=\"https:\/\/youtu.be\/tQfnflJPjOE\" target=\"_blank\" rel=\"noopener\">v\u00eddeo<\/a><\/strong><\/span>\u00a0ou por meio deste documento em\u00a0<span style=\"color: #800000;\"><strong><a style=\"color: #800000;\" href=\"http:\/\/portal.sbpcnet.org.br\/wp-content\/uploads\/2023\/05\/Passo-a-passo-vota%C3%A7ao-eleicoes-2023.pdf\" target=\"_blank\" rel=\"noopener\">PDF<\/a><\/strong><\/span>.<\/p>\n<p>Mais informa\u00e7\u00f5es est\u00e3o dispon\u00edveis no site da SBPC:<span style=\"color: #800000;\"><strong>\u00a0<a style=\"color: #800000;\" href=\"http:\/\/portal.sbpcnet.org.br\/eleicoes-2023\/\" target=\"_blank\" rel=\"noopener\">http:\/\/portal.sbpcnet.org.br\/eleicoes-2023\/<\/a><\/strong><\/span><\/p>\n<p>&nbsp;<\/p>\n<h4 id=\"conheca-as-candidaturas-a-diretoria-ao-conselho-e-as-secretarias-regionais\">Conhe\u00e7a as candidaturas \u00e0 Diretoria, ao Conselho e as Secretarias Regionais:<\/h4>\n<p>Candidaturas \u00e0 Diretoria 2023-2025<br \/>\n<em>(Os nomes dos candidatos est\u00e3o dispostos em ordem alfab\u00e9tica)<\/em><\/p>\n<p><strong>PRESID\u00caNCIA (1 vaga)<\/strong><br \/>\nRenato Janine Ribeiro (SP)\u00a0\u00a0\u2013 reelei\u00e7\u00e3o<\/p>\n<p><strong>VICE-PRESID\u00caNCIA (2 vagas)<\/strong><br \/>\n<a href=\"http:\/\/portal.sbpcnet.org.br\/wp-content\/uploads\/2023\/05\/Francilene-Proc%C3%B3pio-Garcia-.pdf\" target=\"_blank\" rel=\"noopener\">Francilene Proc\u00f3pio Garcia (PB)<\/a><br \/>\n<a href=\"http:\/\/portal.sbpcnet.org.br\/wp-content\/uploads\/2023\/05\/Paulo-Artaxo.pdf\" target=\"_blank\" rel=\"noopener\">Paulo Eduardo Artaxo Netto (SP)<\/a>\u00a0\u2013 reelei\u00e7\u00e3o<\/p>\n<p><strong>SECRETARIA-GERAL (1 vaga)<\/strong><br \/>\n<a href=\"http:\/\/portal.sbpcnet.org.br\/wp-content\/uploads\/2023\/05\/Claudia-Linhares-Sales.pdf\" target=\"_blank\" rel=\"noopener\">Cl\u00e1udia Linhares Sales (CE)\u00a0<\/a>\u2013 reelei\u00e7\u00e3o<\/p>\n<p><strong>SECRETARIA (3 vagas)<\/strong><br \/>\n<a href=\"http:\/\/portal.sbpcnet.org.br\/wp-content\/uploads\/2023\/05\/Fernanda-A-CV-resumido-rev.pdf\" target=\"_blank\" rel=\"noopener\">Fernanda Ant\u00f4nia da Fonseca Sobral (DF)<\/a><br \/>\n<a href=\"http:\/\/portal.sbpcnet.org.br\/wp-content\/uploads\/2023\/05\/LAILA-SALMEN-ESPINDOLA.pdf\" target=\"_blank\" rel=\"noopener\">Laila Salmen Esp\u00edndola (DF) \u2013 reelei\u00e7\u00e3o<\/a><br \/>\nMarilene Corr\u00eaa da Silva Freitas (AM)<\/p>\n<p><strong>1\u00b0 TESOURARIA (1 vaga)<\/strong><br \/>\n<a href=\"http:\/\/portal.sbpcnet.org.br\/wp-content\/uploads\/2023\/05\/Marim%C3%A9lia-Porcionatto.pdf\" target=\"_blank\" rel=\"noopener\">Marim\u00e9lia Aparecida Porcionatto (SP)<\/a>\u00a0\u2013 reelei\u00e7\u00e3o<\/p>\n<p><strong>2\u00b0\u00a0<\/strong>\u00a0<strong>TESOURARIA\u00a0<\/strong>\u00a0<strong>(1 vaga)<\/strong><br \/>\n<a href=\"http:\/\/portal.sbpcnet.org.br\/wp-content\/uploads\/2023\/05\/ANA-TEREZA-RIBEIRO-DE-VASCONCELOS-.pdf\" target=\"_blank\" rel=\"noopener\">Ana Tereza Ribeiro de Vasconcelos (RJ)<\/a>\u00a0\u2013 reelei\u00e7\u00e3o<\/p>\n<p><strong>Candidaturas ao Conselho 2023-2027<\/strong><br \/>\n<em>(Os nomes dos candidatos, a cada \u00e1rea, est\u00e3o dispostos em ordem alfab\u00e9tica)<\/em><\/p>\n<p><strong>\u00c1REA A (1 vaga) \u2013 AC, AM, AP, MA, PA, RO, RR, T<\/strong>O<br \/>\n<a href=\"http:\/\/portal.sbpcnet.org.br\/wp-content\/uploads\/2023\/05\/Emmanuel-Zagury-Tourinho.pdf\" target=\"_blank\" rel=\"noopener\">Emmanuel Zagury Tourinho (PA)<\/a><br \/>\n<a href=\"http:\/\/portal.sbpcnet.org.br\/wp-content\/uploads\/2023\/05\/Jos%C3%A9-Luiz-de-Souza-Pio.pdf\" target=\"_blank\" rel=\"noopener\">Jos\u00e9 Luiz de Souza Pio (AM)<\/a><br \/>\n<a href=\"http:\/\/portal.sbpcnet.org.br\/wp-content\/uploads\/2023\/05\/Rosane-Nassar.pdf\" target=\"_blank\" rel=\"noopener\">Rosane Nassar Meireles Guerra (MA)<\/a><\/p>\n<p><strong>\u00c1REA B (2 vagas) \u2013 AL, BA, CE, PB, PE, PI, RN e SE<\/strong><br \/>\n<a href=\"http:\/\/portal.sbpcnet.org.br\/wp-content\/uploads\/2023\/05\/Armenio-Aguiar-dos-Santos.pdf\" target=\"_blank\" rel=\"noopener\">Arm\u00eanio Aguiar dos Santos (CE)<\/a><br \/>\n<a href=\"http:\/\/portal.sbpcnet.org.br\/wp-content\/uploads\/2023\/05\/Ros%C3%A2ngela-Janja-Costa-Ara%C3%BAjo.pdf\" target=\"_blank\" rel=\"noopener\">Ros\u00e2ngela Janja Costa Ara\u00fajo (BA)<\/a><\/p>\n<p><strong>\u00c1REA C (3 vagas) \u2013 DF, GO, MG e MT<\/strong><br \/>\n<a href=\"http:\/\/portal.sbpcnet.org.br\/wp-content\/uploads\/2023\/05\/Marcos-A.-Pimenta.pdf\" target=\"_blank\" rel=\"noopener\">Marcos Assun\u00e7\u00e3o Pimenta (MG)<\/a><br \/>\n<a href=\"http:\/\/portal.sbpcnet.org.br\/wp-content\/uploads\/2023\/05\/Nilma-Lino-Gomes.pdf\" target=\"_blank\" rel=\"noopener\">Nilma Lino Gomes (MG)<\/a><br \/>\n<a href=\"http:\/\/portal.sbpcnet.org.br\/wp-content\/uploads\/2023\/05\/Breve-curriculo-candidatura-conselho-SBPC-2023.pdf\" target=\"_blank\" rel=\"noopener\">Ronaldo Pilati (DF)<\/a><\/p>\n<p><strong>\u00c1REA D (4 vagas) \u2013 ES e RJ<\/strong><br \/>\n<a href=\"http:\/\/portal.sbpcnet.org.br\/wp-content\/uploads\/2023\/05\/Carlos-Medicis-MOREL.pdf\" target=\"_blank\" rel=\"noopener\">Carlos Medicis Morel (RJ)<\/a><br \/>\n<a href=\"http:\/\/portal.sbpcnet.org.br\/wp-content\/uploads\/2023\/05\/Cristina-Engel-de-Alvarez.pdf\" target=\"_blank\" rel=\"noopener\">Cristina Engel de Alvarez (ES)<\/a><br \/>\n<a href=\"http:\/\/portal.sbpcnet.org.br\/wp-content\/uploads\/2023\/05\/Eliane-Volchan.pdf\" target=\"_blank\" rel=\"noopener\">Eliane Volchan (RJ)<\/a><br \/>\n<a href=\"http:\/\/portal.sbpcnet.org.br\/wp-content\/uploads\/2023\/05\/Gulnar-Azevedo-e-Silva.pdf\" target=\"_blank\" rel=\"noopener\">Gulnar Azevedo (RJ)<\/a><br \/>\n<a href=\"http:\/\/portal.sbpcnet.org.br\/wp-content\/uploads\/2023\/05\/Jo%C3%A3o-Viola.pdf\" target=\"_blank\" rel=\"noopener\">Jo\u00e3o Viola (RJ)<\/a><br \/>\n<a href=\"http:\/\/portal.sbpcnet.org.br\/wp-content\/uploads\/2023\/05\/Ligia-Bahia-.pdf\" target=\"_blank\" rel=\"noopener\">Ligia Bahia\u00a0(RJ)<\/a><br \/>\n<a href=\"http:\/\/portal.sbpcnet.org.br\/wp-content\/uploads\/2023\/05\/Biografia-de-Luiz-Davidovich-SBPC.pdf\" target=\"_blank\" rel=\"noopener\">Luiz Davidovich (RJ)<\/a><br \/>\n<a href=\"http:\/\/portal.sbpcnet.org.br\/wp-content\/uploads\/2023\/05\/Marco-Lucchesi-si%CC%81ntese-biografia-2.pdf\" target=\"_blank\" rel=\"noopener\">Marco Americo Lucchesi (RJ)<\/a><\/p>\n<p><strong>\u00c1REA E (4 vagas) \u2013 SP<\/strong><br \/>\nAngela Kaysel Cruz\u00a0(SP)<br \/>\n<a href=\"http:\/\/portal.sbpcnet.org.br\/wp-content\/uploads\/2023\/05\/Francis-de-Morais-Franco-Nunes-curri%CC%81culo-resumido.pdf\" target=\"_blank\" rel=\"noopener\">Francis de Morais Franco Nunes (SP)<\/a>\u00a0\u2013 indicado por grupo de s\u00f3cios<br \/>\n<a href=\"http:\/\/portal.sbpcnet.org.br\/wp-content\/uploads\/2023\/05\/Glaucius-Oliva-Breve.pdf\" target=\"_blank\" rel=\"noopener\">Glaucius Oliva (SP)<\/a><br \/>\n<a href=\"http:\/\/portal.sbpcnet.org.br\/wp-content\/uploads\/2023\/05\/Luiz-Eugenio-Mello.pdf\" target=\"_blank\" rel=\"noopener\">Luiz Eug\u00eanio Ara\u00fajo de Moraes Mello (SP)<\/a><br \/>\n<a href=\"http:\/\/portal.sbpcnet.org.br\/wp-content\/uploads\/2023\/05\/Marie-Anne-van-Sluys.pdf\" target=\"_blank\" rel=\"noopener\">Marie Anne Van Sluys (SP)<\/a><br \/>\n<a href=\"http:\/\/portal.sbpcnet.org.br\/wp-content\/uploads\/2023\/05\/Nelson-Studart-.pdf\" target=\"_blank\" rel=\"noopener\">Nelson Studart Filho (SP)<\/a><br \/>\n<a href=\"http:\/\/portal.sbpcnet.org.br\/wp-content\/uploads\/2023\/05\/Soraya-S.-Smaili.pdf\" target=\"_blank\" rel=\"noopener\">Soraya Smaili (SP)<\/a><\/p>\n<p><strong>\u00c1REA F (1 vaga) \u2013 MS, PR, SC e RS<\/strong><br \/>\n<a href=\"http:\/\/portal.sbpcnet.org.br\/wp-content\/uploads\/2023\/05\/Andr%C3%A9-Ramos.pdf\" target=\"_blank\" rel=\"noopener\">Andr\u00e9 de \u00c1vila Ramos (SC)<\/a><br \/>\n<a href=\"http:\/\/portal.sbpcnet.org.br\/wp-content\/uploads\/2023\/05\/Carlos-Alexandre-Netto.pdf\" target=\"_blank\" rel=\"noopener\">Carlos Alexandre Netto (RS)<\/a><br \/>\n<a href=\"http:\/\/portal.sbpcnet.org.br\/wp-content\/uploads\/2023\/05\/Ma%C3%ADra-Baumgarten.pdf\" target=\"_blank\" rel=\"noopener\">Ma\u00edra Baumgarten Corr\u00eaa (RS)<\/a><\/p>\n<p><strong>Candidaturas para as Secretarias Regionais 2023-2025<\/strong><\/p>\n<p><strong>Alagoas<\/strong><br \/>\nSecret\u00e1rio Regional:\u00a0<a href=\"http:\/\/portal.sbpcnet.org.br\/wp-content\/uploads\/2023\/05\/Vandick-da-Silva-Batista.pdf\" target=\"_blank\" rel=\"noopener\">Vandick da Silva Batista (UFAL)<\/a>\u00a0\u2013 reelei\u00e7\u00e3o \u2013 indicado por grupo de s\u00f3cios<\/p>\n<p><strong>Amazonas<\/strong><br \/>\nSecret\u00e1ria Regional:\u00a0<a href=\"http:\/\/portal.sbpcnet.org.br\/wp-content\/uploads\/2023\/05\/Fernanda-de-Pinho-Werneck.pdf\" target=\"_blank\" rel=\"noopener\">Fernanda de Pinho Werneck (INPA)<\/a><br \/>\nSecret\u00e1ria Regional Adjunta: Patr\u00edcia Melchionna Albuquerque (UEA)<\/p>\n<p><strong>Cear\u00e1<\/strong><br \/>\nSecret\u00e1rio Regional:\u00a0<a href=\"http:\/\/portal.sbpcnet.org.br\/wp-content\/uploads\/2023\/05\/Cleanto-Lindberg.pdf\" target=\"_blank\" rel=\"noopener\">Cleanto Rog\u00e9rio Rego Fernandes (IFCE)<\/a>\u00a0\u2013 indicado por grupo de s\u00f3cios<br \/>\nSecret\u00e1rio Regional Adjunto:\u00a0<a href=\"http:\/\/portal.sbpcnet.org.br\/wp-content\/uploads\/2023\/05\/Cleanto-Lindberg.pdf\" target=\"_blank\" rel=\"noopener\">Lindberg Lima Gon\u00e7alves (UFC)<\/a><\/p>\n<p><strong>Distrito Federal<\/strong><br \/>\nSecret\u00e1rio Regional:\u00a0<a href=\"http:\/\/portal.sbpcnet.org.br\/wp-content\/uploads\/2023\/05\/Gilberto-Lacerda-dos-Santos.pdf\" target=\"_blank\" rel=\"noopener\">Gilberto Lacerda dos Santos (UnB)<\/a><br \/>\nSecret\u00e1rio Regional Adjunto: Luciano Rezende Moreira (IFB Campus Planaltina)<\/p>\n<p><strong>Goi\u00e1s<\/strong><br \/>\nSecret\u00e1ria Regional:\u00a0<a href=\"http:\/\/portal.sbpcnet.org.br\/wp-content\/uploads\/2023\/05\/Vanessa-G.-Pasqualotto-Severino.pdf\" target=\"_blank\" rel=\"noopener\">Vanessa Gisele Pasqualotto Severino (UFG)<\/a><br \/>\nSecret\u00e1ria Regional Adjunta: M\u00e1rcia Cristina Hizim Pel\u00e1 (UNIFAN)<\/p>\n<p><strong>Maranh\u00e3o<\/strong><br \/>\nSecret\u00e1ria Regional:\u00a0<a href=\"http:\/\/portal.sbpcnet.org.br\/wp-content\/uploads\/2023\/05\/Ivone-Lopes-Lima-.pdf\" target=\"_blank\" rel=\"noopener\">Ivone Lopes Lima (UFMA)<\/a><br \/>\nSecret\u00e1ria Regional Adjunta: Fl\u00e1via Rebelo Mochel (UFMA)<\/p>\n<p><strong>Mato Grosso do Sul<\/strong><br \/>\nSecret\u00e1rio Regional:\u00a0<a href=\"http:\/\/portal.sbpcnet.org.br\/wp-content\/uploads\/2023\/05\/Diogo-B-Provete.pdf\" target=\"_blank\" rel=\"noopener\">Diogo Borges Provete (UFMS)<\/a><br \/>\nSecret\u00e1rio Regional Adjunto: Ivo Leite Filho (UFMS)<\/p>\n<p><strong>Minas Gerais<\/strong><br \/>\nSecret\u00e1ria Regional:\u00a0<a href=\"http:\/\/portal.sbpcnet.org.br\/wp-content\/uploads\/2023\/05\/Cristiana-Ferreira-Alves-de-Brito.pdf\" target=\"_blank\" rel=\"noopener\">Cristiana Ferreira Alves de Brito (Fiocruz)<\/a>\u00a0\u2013 reelei\u00e7\u00e3o<br \/>\nSecret\u00e1rio Regional Adjunto: Pedro Luiz Teixeira de Camargo (IFMG) \u2013 reelei\u00e7\u00e3o<\/p>\n<p><strong>Par\u00e1<\/strong><br \/>\nSecret\u00e1ria Regional:\u00a0<a href=\"http:\/\/portal.sbpcnet.org.br\/wp-content\/uploads\/2023\/05\/Rosa-Couto.pdf\" target=\"_blank\" rel=\"noopener\">Rosa Carmina de Sena Couto (UFPA)<\/a>\u00a0\u2013 reelei\u00e7\u00e3o<br \/>\nSecret\u00e1rio Regional Adjunto: Jos\u00e9 Guilherme Carvalho da Silva (FASE) \u2013 reelei\u00e7\u00e3o<\/p>\n<p><strong>Para\u00edba<\/strong><br \/>\nSecret\u00e1rio Regional:\u00a0<a href=\"http:\/\/portal.sbpcnet.org.br\/wp-content\/uploads\/2023\/05\/Diogo-Lopes-de-Oliveira.pdf\" target=\"_blank\" rel=\"noopener\">Diogo Lopes de Oliveira (UFCG)<\/a>\u00a0\u2013 reelei\u00e7\u00e3o \u2013 indicado por grupo de s\u00f3cios<\/p>\n<p><strong>Paran\u00e1<\/strong><br \/>\nSecret\u00e1rio Regional:\u00a0<a href=\"http:\/\/portal.sbpcnet.org.br\/wp-content\/uploads\/2023\/05\/GUILHERME-ROSSO.pdf\" target=\"_blank\" rel=\"noopener\">Guilherme de Rosso Man\u00e7os (Pequeno Pr\u00edncipe, Curitiba)<\/a><br \/>\nSecret\u00e1rio Regional Adjunto:\u00a0<a href=\"http:\/\/portal.sbpcnet.org.br\/wp-content\/uploads\/2023\/05\/Rodrigo-Arantes-Reis.pdf\" target=\"_blank\" rel=\"noopener\">Rodrigo Arantes Reis (UFPR)<\/a><\/p>\n<p>Secret\u00e1rio Regional:\u00a0<a href=\"http:\/\/portal.sbpcnet.org.br\/wp-content\/uploads\/2023\/05\/MARCOS-CESAR-DANHONI-NEVES.pdf\" target=\"_blank\" rel=\"noopener\">Marcos Cesar Danhoni Neves (UEM\/Maring\u00e1)<\/a>\u00a0|\u00a0<a href=\"http:\/\/portal.sbpcnet.org.br\/wp-content\/uploads\/2023\/05\/MANIFESTO-da-Chapa-TEMPOS-DE-RECONSTRU%C3%87%C3%83O-E-DE-ESPERAN%C3%87A-.pdf\">Manifesto da candidatura<\/a><br \/>\nSecret\u00e1rio Regional Adjunto:\u00a0<a href=\"http:\/\/portal.sbpcnet.org.br\/wp-content\/uploads\/2023\/05\/HUGO-VALADARES-SIQUEIRA.pdf\" target=\"_blank\" rel=\"noopener\">Hugo Valadares Siqueira (UTFPR)<\/a><\/p>\n<p><strong>Pernambuco<br \/>\n<\/strong>Secret\u00e1ria Regional:\u00a0<a href=\"http:\/\/portal.sbpcnet.org.br\/wp-content\/uploads\/2023\/05\/Maria-do-Ros%C3%A1rio-de-F%C3%A1tima-Andrade-Leit%C3%A3o.pdf\" target=\"_blank\" rel=\"noopener\">Maria do Ros\u00e1rio de F\u00e1tima Andrade Leit\u00e3o (UFRPE)<\/a>\u00a0 \u2013 reelei\u00e7\u00e3o<\/p>\n<p>Secret\u00e1rio Regional:\u00a0<a href=\"http:\/\/portal.sbpcnet.org.br\/wp-content\/uploads\/2023\/05\/Curr%C3%ADculo-do-Sistema-de-Curr%C3%ADculos-Lattes-Jos%C3%A9-Thadeu-Pinheiro.pdf\" target=\"_blank\" rel=\"noopener\">Jos\u00e9 Thadeu Pinheiro (UFPE)<\/a><br \/>\nSecret\u00e1rio Regional Adjunto:\u00a0<a href=\"http:\/\/portal.sbpcnet.org.br\/wp-content\/uploads\/2023\/05\/Curr%C3%ADculo-do-Sistema-de-Curr%C3%ADculos-Lattes-Ascendino-Fl%C3%A1vio-Dias-e-Silva.pdf\" target=\"_blank\" rel=\"noopener\">Ascendino Fl\u00e1vio Dias e Silva (UFPE)<\/a><\/p>\n<p><strong>Piau\u00ed<\/strong><br \/>\nSecret\u00e1ria Regional:\u00a0<a href=\"http:\/\/portal.sbpcnet.org.br\/wp-content\/uploads\/2023\/05\/Mini-curr%C3%ADculo-Rute.pdf\" target=\"_blank\" rel=\"noopener\">Rute Maria Gon\u00e7alves de Andrade (FMHA)<\/a><br \/>\nSecret\u00e1ria Regional Adjunta: Ol\u00edvia Cristina Perez (UFPI)<\/p>\n<p><strong>Rio de Janeiro<\/strong><br \/>\nSecret\u00e1ria Regional:\u00a0<a href=\"http:\/\/portal.sbpcnet.org.br\/wp-content\/uploads\/2023\/05\/Marta-Feij%C3%B3-Barroso.pdf\" target=\"_blank\" rel=\"noopener\">Marta Feij\u00f3 Barroso (UFRJ)<\/a><br \/>\nSecret\u00e1rio Regional Adjunto:\u00a0<a href=\"http:\/\/portal.sbpcnet.org.br\/wp-content\/uploads\/2023\/05\/THIAGO-SIGNORINI-GON%C3%87ALVES.pdf\" target=\"_blank\" rel=\"noopener\">Thiago Signorini Gon\u00e7alves (Observat\u00f3rio do Valongo)<\/a><\/p>\n<p><strong>Rio Grande do Norte<\/strong><br \/>\nSecret\u00e1ria Regional:\u00a0<a href=\"http:\/\/portal.sbpcnet.org.br\/wp-content\/uploads\/2023\/05\/Dra.-Lucymara-Fassarella-Agnez-.pdf\" target=\"_blank\" rel=\"noopener\">Lucymara Fassarella Agnez Lima (UFRN)<\/a><br \/>\nSecret\u00e1rio Regional Adjunto:\u00a0<a href=\"http:\/\/portal.sbpcnet.org.br\/wp-content\/uploads\/2023\/05\/Daniel-Chaves.pdf\" target=\"_blank\" rel=\"noopener\">Daniel Chaves de Lima (IFRN)<\/a><\/p>\n<p><strong>Rio Grande do Sul<\/strong><br \/>\nSecret\u00e1ria Regional:\u00a0<a href=\"http:\/\/portal.sbpcnet.org.br\/wp-content\/uploads\/2023\/05\/Marcia-Maria-Auxiliadora-Naschenveng-Pinheiro-Margis.pdf\" target=\"_blank\" rel=\"noopener\">Marcia Maria Auxiliadora Naschenveng Pinheiro Margis (UFRGS)<\/a>\u00a0\u2013 indicada por grupo de s\u00f3cios<br \/>\nSecret\u00e1ria Regional Adjunta:\u00a0<a href=\"http:\/\/portal.sbpcnet.org.br\/wp-content\/uploads\/2023\/05\/Mini-CV-Angela-Wyse.pdf\" target=\"_blank\" rel=\"noopener\">Angela Terezinha de Souza Wyse (UFRGS)<\/a><\/p>\n<p><strong>Rond\u00f4nia<\/strong><br \/>\nSecret\u00e1rio Regional:\u00a0<a href=\"http:\/\/portal.sbpcnet.org.br\/wp-content\/uploads\/2023\/05\/Estev%C3%A3o-Fernandes.pdf\" target=\"_blank\" rel=\"noopener\">Estev\u00e3o Rafael Fernandes (UNIR)<\/a><br \/>\nSecret\u00e1ria Regional Adjunta: Dany Roberta Marques Caldeira (IFRO)<\/p>\n<p><strong>Santa Catarina<\/strong><br \/>\nSecret\u00e1ria Regional:\u00a0<a href=\"http:\/\/portal.sbpcnet.org.br\/wp-content\/uploads\/2023\/05\/Maria-Elisa-Maximo.pdf\" target=\"_blank\" rel=\"noopener\">Maria Elisa M\u00e1ximo (UFSC)<\/a><\/p>\n<p><strong>S\u00e3o Paulo \u2013 SP I<\/strong><br \/>\nSecret\u00e1ria Regional:\u00a0<a href=\"http:\/\/portal.sbpcnet.org.br\/wp-content\/uploads\/2023\/05\/Giselle-Zenker-Justo.pdf\" target=\"_blank\" rel=\"noopener\">Giselle Zenker Justo (UNIFESP)<\/a><br \/>\nSecret\u00e1ria Regional Adjunta: Marcela Sorelli Carneiro Ramos (UFABC)<\/p>\n<p><strong>S\u00e3o Paulo \u2013 SP II<\/strong><br \/>\nSecret\u00e1rio Regional:\u00a0<a href=\"http:\/\/portal.sbpcnet.org.br\/wp-content\/uploads\/2023\/05\/Rodolfo-Jardim.pdf\" target=\"_blank\" rel=\"noopener\">Rodolfo Jardim de Azevedo (UNICAMP)<\/a>\u00a0\u2013 indicado por grupo de s\u00f3cios<\/p>\n<p><strong>S\u00e3o Paulo \u2013 SP III<\/strong><br \/>\nSecret\u00e1ria Regional:\u00a0<a href=\"http:\/\/portal.sbpcnet.org.br\/wp-content\/uploads\/2023\/05\/Mirlene-F%C3%A1tima-Sim%C3%B5es-.pdf\" target=\"_blank\" rel=\"noopener\">Mirlene F\u00e1tima Sim\u00f5es (Unesp\/FCLAr)<\/a><\/p>\n<p>&nbsp;<\/p>\n<p><span style=\"color: #808080;\"><a style=\"color: #808080;\" href=\"http:\/\/www.jornaldaciencia.org.br\/\" target=\"_blank\" rel=\"noopener\"><em>Jornal da Ci\u00eancia<\/em><\/a><\/span><\/p>\n","protected":false},"excerpt":{"rendered":"Vota\u00e7\u00e3o come\u00e7ou nesta segunda (29) e segue at\u00e9 19 de junho &nbsp;&hellip;\n","protected":false},"author":19,"featured_media":4212,"comment_status":"open","ping_status":"open","sticky":false,"template":"","format":"standard","meta":[],"categories":[1,2],"tags":[],"acf":[],"_links":{"self":[{"href":"https:\/\/revistacienciaecultura.org.br\/index.php?rest_route=\/wp\/v2\/posts\/4210"}],"collection":[{"href":"https:\/\/revistacienciaecultura.org.br\/index.php?rest_route=\/wp\/v2\/posts"}],"about":[{"href":"https:\/\/revistacienciaecultura.org.br\/index.php?rest_route=\/wp\/v2\/types\/post"}],"author":[{"embeddable":true,"href":"https:\/\/revistacienciaecultura.org.br\/index.php?rest_route=\/wp\/v2\/users\/19"}],"replies":[{"embeddable":true,"href":"https:\/\/revistacienciaecultura.org.br\/index.php?rest_route=%2Fwp%2Fv2%2Fcomments&post=4210"}],"version-history":[{"count":2,"href":"https:\/\/revistacienciaecultura.org.br\/index.php?rest_route=\/wp\/v2\/posts\/4210\/revisions"}],"predecessor-version":[{"id":4213,"href":"https:\/\/revistacienciaecultura.org.br\/index.php?rest_route=\/wp\/v2\/posts\/4210\/revisions\/4213"}],"wp:featuredmedia":[{"embeddable":true,"href":"https:\/\/revistacienciaecultura.org.br\/index.php?rest_route=\/wp\/v2\/media\/4212"}],"wp:attachment":[{"href":"https:\/\/revistacienciaecultura.org.br\/index.php?rest_route=%2Fwp%2Fv2%2Fmedia&parent=4210"}],"wp:term":[{"taxonomy":"category","embeddable":true,"href":"https:\/\/revistacienciaecultura.org.br\/index.php?rest_route=%2Fwp%2Fv2%2Fcategories&post=4210"},{"taxonomy":"post_tag","embeddable":true,"href":"https:\/\/revistacienciaecultura.org.br\/index.php?rest_route=%2Fwp%2Fv2%2Ftags&post=4210"}],"curies":[{"name":"wp","href":"https:\/\/api.w.org\/{rel}","templated":true}]}}