{"id":4214,"date":"2023-05-31T07:30:16","date_gmt":"2023-05-31T07:30:16","guid":{"rendered":"https:\/\/revistacienciaecultura.org.br\/?p=4214"},"modified":"2023-05-31T10:25:10","modified_gmt":"2023-05-31T10:25:10","slug":"cultivo-de-tabaco-coloca-em-risco-producao-de-alimentos","status":"publish","type":"post","link":"https:\/\/revistacienciaecultura.org.br\/?p=4214","title":{"rendered":"Cultivo de tabaco coloca em risco produ\u00e7\u00e3o de alimentos"},"content":{"rendered":"<h4 id=\"no-dia-mundial-sem-tabaco-oms-alerta-que-producao-de-tabaco-agrava-a-inseguranca-alimentar\"><span style=\"color: #808080;\">No Dia Mundial sem Tabaco, OMS alerta que produ\u00e7\u00e3o de tabaco agrava a inseguran\u00e7a alimentar<\/span><\/h4>\n<p>&nbsp;<\/p>\n<p>&nbsp;<\/p>\n<p>Precisamos de comida, n\u00e3o de tabaco. Esse \u00e9 o tema deste ano da campanha da Organiza\u00e7\u00e3o Mundial de Sa\u00fade para o Dia Mundial Sem Tabaco. Celebrado no dia 31 de maio, a data pretende n\u00e3o apenas conscientizar sobre os riscos do tabagismo para a sa\u00fade, mas tamb\u00e9m alertar sobre a rela\u00e7\u00e3o entre o cultivo de tabaco <em>versus<\/em> o cultivo de alimentos.<\/p>\n<p>O cultivo e a produ\u00e7\u00e3o de tabaco agravam a inseguran\u00e7a alimentar. Segundo a OMS, a crescente crise alimentar \u00e9 impulsionada por conflitos e guerras, choques clim\u00e1ticos e impactos econ\u00f4micos e sociais da pandemia de covid-19. Assim, a campanha global de 2023 visa aumentar a conscientiza\u00e7\u00e3o sobre a produ\u00e7\u00e3o de culturas alternativas e oportunidades de marketing para os produtores de tabaco e incentiv\u00e1-los a produzir culturas nutritivas e sustent\u00e1veis. Tamb\u00e9m procura expor os esfor\u00e7os da ind\u00fastria do tabaco para interferir nas tentativas de substituir o cultivo do tabaco por culturas sustent\u00e1veis, contribuindo assim para a crise alimentar global.<\/p>\n<p>Conforme a organiza\u00e7\u00e3o, o cultivo de tabaco impacta na inseguran\u00e7a alimentar da popula\u00e7\u00e3o global. Em todo o mundo, cerca de 3,5 milh\u00f5es de hectares de terra s\u00e3o convertidos para o cultivo de tabaco a cada ano. O cultivo do tabaco tamb\u00e9m contribui para o desmatamento de 200.000 hectares anualmente. Ele \u00e9 intensivo em recursos e requer o uso pesado de pesticidas e fertilizantes, que contribuem para a degrada\u00e7\u00e3o do solo.<\/p>\n<p>Assim, a terra usada para o cultivo do tabaco tem uma capacidade menor para o cultivo de outras culturas, como alimentos, uma vez que o tabaco esgota a fertilidade do solo.<\/p>\n<p>Quaisquer lucros obtidos com o tabaco como cultura comercial podem n\u00e3o compensar os danos causados \u00e0 produ\u00e7\u00e3o sustent\u00e1vel de alimentos em pa\u00edses de baixa e m\u00e9dia renda. Neste contexto, h\u00e1 uma necessidade urgente de tomar medidas legais para reduzir o cultivo do tabaco e ajudar os agricultores a passar para a produ\u00e7\u00e3o de culturas alimentares alternativas.<\/p>\n<p>&nbsp;<\/p>\n<h4 id=\"prejuizos-a-saude\"><strong>Preju\u00edzos \u00e0 sa\u00fade<\/strong><\/h4>\n<p>A Organiza\u00e7\u00e3o Mundial da Sa\u00fade\u00a0aponta que o tabaco mata mais de 8 milh\u00f5es de pessoas por ano. Mais de 7 milh\u00f5es dessas mortes resultam do uso direto desse produto, enquanto cerca de 1,2 milh\u00e3o \u00e9 o resultado de n\u00e3o-fumantes expostos ao fumo passivo. No Brasil, 443 pessoas morrem a cada dia devido ao tabagismo. R$ 125.148 bilh\u00f5es s\u00e3o os custos dos danos produzidos pelo cigarro no sistema de sa\u00fade e na economia e 161.853 mortes anuais poderiam ser evitadas, segundo dados do Instituto de Efetividade Cl\u00ednica e Sanit\u00e1ria.<\/p>\n<p>O tabagismo \u00e9 uma doen\u00e7a que contribui para o desenvolvimento de v\u00e1rios tipos de c\u00e2ncer, incluindo c\u00e2ncer de bexiga, de p\u00e2ncreas, de f\u00edgado, do colo do \u00fatero, de es\u00f4fago, de rim, de laringe, de est\u00f4mago e de pulm\u00e3o. O tabaco fumado em qualquer uma de suas formas contribui de forma significativa para acidentes cerebrovasculares e ataques card\u00edacos mortais, al\u00e9m de colaborar para o desenvolvimento de outras enfermidades, como tuberculose, infec\u00e7\u00f5es respirat\u00f3rias, \u00falcera gastrintestinal, impot\u00eancia sexual, infertilidade e, osteoporose e catarata.<\/p>\n<p><span style=\"color: #808080;\"><em>Com informa\u00e7\u00f5es da <a style=\"color: #808080;\" href=\"https:\/\/www.oms.org\/\">OMS<\/a> e do <a style=\"color: #808080;\" href=\"https:\/\/www.gov.br\/\">INCA<\/a><\/em><\/span><\/p>\n<p>&nbsp;<\/p>\n<h6 id=\"capa-foto-por-ramsey-ram-man-reproducao\">Capa: Foto por Ramsey (<a class=\"extiw\" title=\"en:User:Ram-Man\" href=\"https:\/\/en.wikipedia.org\/wiki\/User:Ram-Man\">Ram-Man<\/a>). Reprodu\u00e7\u00e3o<\/h6>\n","protected":false},"excerpt":{"rendered":"No Dia Mundial sem Tabaco, OMS alerta que produ\u00e7\u00e3o de tabaco agrava&hellip;\n","protected":false},"author":19,"featured_media":4215,"comment_status":"open","ping_status":"open","sticky":false,"template":"","format":"standard","meta":[],"categories":[1,2],"tags":[],"acf":[],"_links":{"self":[{"href":"https:\/\/revistacienciaecultura.org.br\/index.php?rest_route=\/wp\/v2\/posts\/4214"}],"collection":[{"href":"https:\/\/revistacienciaecultura.org.br\/index.php?rest_route=\/wp\/v2\/posts"}],"about":[{"href":"https:\/\/revistacienciaecultura.org.br\/index.php?rest_route=\/wp\/v2\/types\/post"}],"author":[{"embeddable":true,"href":"https:\/\/revistacienciaecultura.org.br\/index.php?rest_route=\/wp\/v2\/users\/19"}],"replies":[{"embeddable":true,"href":"https:\/\/revistacienciaecultura.org.br\/index.php?rest_route=%2Fwp%2Fv2%2Fcomments&post=4214"}],"version-history":[{"count":1,"href":"https:\/\/revistacienciaecultura.org.br\/index.php?rest_route=\/wp\/v2\/posts\/4214\/revisions"}],"predecessor-version":[{"id":4216,"href":"https:\/\/revistacienciaecultura.org.br\/index.php?rest_route=\/wp\/v2\/posts\/4214\/revisions\/4216"}],"wp:featuredmedia":[{"embeddable":true,"href":"https:\/\/revistacienciaecultura.org.br\/index.php?rest_route=\/wp\/v2\/media\/4215"}],"wp:attachment":[{"href":"https:\/\/revistacienciaecultura.org.br\/index.php?rest_route=%2Fwp%2Fv2%2Fmedia&parent=4214"}],"wp:term":[{"taxonomy":"category","embeddable":true,"href":"https:\/\/revistacienciaecultura.org.br\/index.php?rest_route=%2Fwp%2Fv2%2Fcategories&post=4214"},{"taxonomy":"post_tag","embeddable":true,"href":"https:\/\/revistacienciaecultura.org.br\/index.php?rest_route=%2Fwp%2Fv2%2Ftags&post=4214"}],"curies":[{"name":"wp","href":"https:\/\/api.w.org\/{rel}","templated":true}]}}