{"id":4217,"date":"2023-06-01T07:30:56","date_gmt":"2023-06-01T07:30:56","guid":{"rendered":"https:\/\/revistacienciaecultura.org.br\/?p=4217"},"modified":"2025-11-25T11:42:16","modified_gmt":"2025-11-25T11:42:16","slug":"avancamos-muito-mas-ha-ainda-trabalho-pela-frente","status":"publish","type":"post","link":"https:\/\/revistacienciaecultura.org.br\/?p=4217","title":{"rendered":"\u201cAvan\u00e7amos muito. Mas h\u00e1 ainda trabalho pela frente\u201d"},"content":{"rendered":"<h4 id=\"confira-entrevista-com-luisa-massarani-coordenadora-do-instituto-nacional-de-comunicacao-publica-da-ciencia-e-tecnologia-e-coordenadora-para-america-latina-de-scidev-net\"><span style=\"color: #808080;\">Confira entrevista com Luisa Massarani, coordenadora do Instituto Nacional de Comunica\u00e7\u00e3o P\u00fablica da Ci\u00eancia e Tecnologia e coordenadora para Am\u00e9rica Latina de SciDev.Net.<\/span><\/h4>\n<p>&nbsp;<\/p>\n<p><em>A pr\u00e1tica da divulga\u00e7\u00e3o cient\u00edfica tem mais de dois s\u00e9culos no Brasil. Durante essa longa caminhada, muito se avan\u00e7ou \u2013 mas ainda h\u00e1 muito trabalho pela frente. Isso \u00e9 o que aponta Luisa Massarani, <\/em><em>coordenadora do Instituto <\/em><span style=\"color: #800000;\"><strong><a style=\"color: #800000;\" href=\"https:\/\/portal.fiocruz.br\/inct-cpct\"><em>Nacional de Comunica\u00e7\u00e3o P\u00fablica da Ci\u00eancia e Tecnologia<\/em><\/a><\/strong><\/span><em> (INCT-CPCT), pesquisadora da <\/em><span style=\"color: #800000;\"><a style=\"color: #800000;\" href=\"https:\/\/www.coc.fiocruz.br\/index.php\/pt\/\"><strong><em>Casa de Oswaldo Cruz<\/em><\/strong><\/a><\/span><em> (COC-Fiocruz) e coordenadora para Am\u00e9rica Latina da <\/em><span style=\"color: #800000;\"><a style=\"color: #800000;\" href=\"SciDev.Net\"><strong><em>SciDev.Net<\/em><\/strong><\/a><\/span><em>. Para a pesquisadora, n\u00e3o existe uma f\u00f3rmula \u00fanica para a comunica\u00e7\u00e3o da ci\u00eancia, mas \u00e9 preciso faz\u00ea-la utilizando variados meios e atores. \u201cGarantir o acesso \u00e0 ci\u00eancia de toda a popula\u00e7\u00e3o \u00e9 um ideal maravilhoso. Ainda assim, \u00e9 fundamental ter em mente essa meta\u201d, afirma. Com diversos livros e artigos publicados na \u00e1rea, Massarani recebeu v\u00e1rios pr\u00eamios pela sua atua\u00e7\u00e3o \u2013 inclusive o Trof\u00e9u Mulher IMPRENSA, o Pr\u00eamio Jabuti e o pr\u00eamio Jos\u00e9 Reis de Divulga\u00e7\u00e3o Cient\u00edfica. Em seu vasto trabalho, n\u00e3o esquece de incluir as crian\u00e7as, enfatizando a import\u00e2ncia de envolver os \u201ccidad\u00e3os do futuro\u201d desde cedo no mundo da ci\u00eancia.<\/em><\/p>\n<p><em>Confira a entrevista completa!<\/em><\/p>\n<p><strong>Ci\u00eancia &amp; Cultura &#8211; A comunica\u00e7\u00e3o da ci\u00eancia \u2014 o direito de acesso ao conhecimento cient\u00edfico \u2014 \u00e9 a condi\u00e7\u00e3o necess\u00e1ria para que os cidad\u00e3os possam cobrar de seus governantes os benef\u00edcios plenos do conhecimento cient\u00edfico dispon\u00edvel. Como faz\u00ea-la de forma eficaz?<\/strong><\/p>\n<p><strong>Luisa Massarani &#8211; <\/strong>N\u00e3o existe uma f\u00f3rmula \u00fanica (nem m\u00e1gica) para comunicar ci\u00eancia. Mas h\u00e1 certamente algumas pistas e recomenda\u00e7\u00f5es importantes. A principal delas \u00e9 considerar e respeitar os distintos p\u00fablicos que queremos engajar em temas de ci\u00eancia, considerando seus contextos, suas hist\u00f3rias pessoais, seus saberes, seus conhecimentos. Nesse sentido, \u00e9 importante considerar que as pessoas se interessam e constroem sentido dos conte\u00fados de ci\u00eancia quando fazem conex\u00f5es com sua realidade e hist\u00f3rias pessoais. Outro aspecto relacionado \u00e9 a forma como engajamos as pessoas em temas de ci\u00eancia: precisamos envolver as pessoas em uma conversa, em que os diferentes atores sociais t\u00eam pap\u00e9is relevantes (<em>versus<\/em> o\/a cientista que \u201csabe\u201d explicando para algu\u00e9m que supostamente \u201cn\u00e3o sabe\u201d).<\/p>\n<p>&nbsp;<\/p>\n<h4 id=\"as-pessoas-se-interessam-e-constroem-sentido-dos-conteudos-de-ciencia-quando-fazem-conexoes-com-sua-realidade-e-historias-pessoais\" style=\"text-align: center;\"><em><span style=\"color: #800000;\">\u201cAs pessoas se interessam e constroem sentido dos conte\u00fados de ci\u00eancia quando fazem conex\u00f5es com sua realidade e hist\u00f3rias pessoais.\u201d<\/span><\/em><\/h4>\n<p>&nbsp;<\/p>\n<p><strong>C&amp;C &#8211; O Brasil \u00e9 um pa\u00eds com grandes assimetrias. Como garantir o acesso \u00e0 ci\u00eancia de toda a popula\u00e7\u00e3o?<\/strong><\/p>\n<p><strong>LM &#8211; <\/strong>Garantir o acesso \u00e0 ci\u00eancia de toda a popula\u00e7\u00e3o \u00e9 um ideal maravilhoso. Mas \u00e9 um ideal. N\u00e3o creio que a curto prazo conseguiremos essa meta \u2013 e desconhe\u00e7o pa\u00edses que conseguiram isso. Ainda assim, \u00e9 fundamental ter em mente essa meta. A meu ver, isso precisa ser feito de distintas formas. Em primeiro lugar, precisamos garantir uma educa\u00e7\u00e3o cient\u00edfica de qualidade. Mas as pessoas se relacionam com a ci\u00eancia por toda a sua vida, muitas d\u00e9cadas ap\u00f3s sair da escola, de muitas formas (nos filmes, nas not\u00edcias, em situa\u00e7\u00f5es de doen\u00e7as, etc.). Acredito em apostar na divulga\u00e7\u00e3o cient\u00edfica de qualidade em diferentes meios e estrat\u00e9gias, incluindo meios de comunica\u00e7\u00e3o de massa (iniciativas de TV, jornais, revistas, r\u00e1dios, de alto e pequeno alcance), museus de ci\u00eancia de diferentes tipologias (de hist\u00f3ria natural, interativos, zool\u00f3gicos, aqu\u00e1rios, jardins bot\u00e2nicos, parques ambientais\u2026), iniciativas comunit\u00e1rias, iniciativas de redes sociais, eventos de rua, eventos nacionais do tipo <span style=\"color: #800000;\"><a style=\"color: #800000;\" href=\"https:\/\/semanact.mcti.gov.br\/o-que-e-a-semana-nacional-de-ciencia-e-tecnologia\/\"><strong>Semana Nacional de Ci\u00eancia e Tecnologia<\/strong><\/a><\/span>, iniciativas que envolvem ci\u00eancia e arte (teatro, cinema\u2026) \u2013 e muito mais. Creio que cada tipo de iniciativa e abordagem tem seus pontos fortes e suas limita\u00e7\u00f5es. Para isso, obviamente, precisamos, por um lado, viabilizar que essas iniciativas ocorram, com apoio financeiro e reconhecimento institucional, e, por outro lado, investir na capacita\u00e7\u00e3o de diferentes perfis de divulgadores cient\u00edficos (cientistas, artistas, jornalistas, YouTubers, etc.).<\/p>\n<p>&nbsp;<\/p>\n<p><strong>C&amp;C &#8211; Vivemos um momento no qual o conservadorismo e o negacionismo ganham for\u00e7a. Qual a relev\u00e2ncia da divulga\u00e7\u00e3o cient\u00edfica nesse contexto?<\/strong><\/p>\n<p><strong>LM &#8211; <\/strong>N\u00e3o h\u00e1 d\u00favida que precisamos estar muito atentos e preocupados com que o conservadorismo e o negacionismo ganham for\u00e7a. Mas me parece importante entender melhor esses processos \u2013 at\u00e9 para poder buscar solu\u00e7\u00f5es. Um ponto importante \u00e9 que muitas pessoas n\u00e3o s\u00e3o negacionistas de maneira gen\u00e9rica. Os estudos nacionais sobre o que brasileiros e brasileiras pensam da ci\u00eancia \u2013 em que nosso <span style=\"color: #800000;\"><a style=\"color: #800000;\" href=\"https:\/\/portal.fiocruz.br\/inct-cpct\"><strong>Instituto Nacional de Comunica\u00e7\u00e3o P\u00fablica da Ci\u00eancia e Tecnologia<\/strong><\/a><\/span> participa \u2013 mostram que uma pessoa pode, por exemplo, ser contra a evolu\u00e7\u00e3o, mas ser favor\u00e1vel \u00e0 vacina\u00e7\u00e3o. Outro estudo que estamos fazendo em redes sociais sobre as conversas em torno das vacinas trazem evid\u00eancias de que pessoas anti-vacina em grupos de WhatsApp usam a pr\u00f3pria ci\u00eancia (inclusive por meio de artigos cient\u00edficos e <em>preprints<\/em>) para argumentar contra a vacina. Essas pessoas distorcem os conte\u00fados dos artigos, mas o fato de usarem tais artigos como \u201carma\u201d parece ser evid\u00eancia de que anti-vacina e anti-ci\u00eancia n\u00e3o s\u00e3o necessariamente sin\u00f4nimos. Em s\u00edntese, defendemos a necessidade de entender melhor o cen\u00e1rio e sua complexidade para nos ajudar a enfrentar a situa\u00e7\u00e3o e encontrar solu\u00e7\u00f5es e estrat\u00e9gias de resili\u00eancia.<\/p>\n<p>&nbsp;<\/p>\n<h4 id=\"a-reivindicacao-por-um-mundo-inclusivo-e-diverso-e-uma-base-fundamental-da-divulgacao-cientifica\" style=\"text-align: center;\"><em><span style=\"color: #800000;\">\u201cA reivindica\u00e7\u00e3o por um mundo inclusivo e diverso \u00e9 uma base fundamental da divulga\u00e7\u00e3o cient\u00edfica.\u201d<\/span><\/em><\/h4>\n<p>&nbsp;<\/p>\n<p><strong>C&amp;C &#8211; <\/strong><strong>Por outro lado, h\u00e1 uma luta cada vez maior pela diversidade e pela inclus\u00e3o. Como a divulga\u00e7\u00e3o cient\u00edfica pode contribuir com essa discuss\u00e3o na sociedade?<\/strong><\/p>\n<p><strong>LM &#8211;<\/strong> A reivindica\u00e7\u00e3o por um mundo inclusivo e diverso \u00e9 uma base fundamental da divulga\u00e7\u00e3o cient\u00edfica. \u00c9 justamente o f\u00f3rum em que essas discuss\u00f5es ocorrem e podem ser usadas como modelos para outras \u00e1reas. Eu n\u00e3o estou dizendo que resolvemos todas as quest\u00f5es. N\u00e3o resolvemos, inclusive por conta da complexidade do tema e tamb\u00e9m porque muitas vezes requer recursos financeiros, recursos humanos e capacita\u00e7\u00e3o. Mas me parece que avan\u00e7amos bastante em uma s\u00e9rie de discuss\u00f5es, a come\u00e7ar pelo pr\u00f3prio consenso de que deve se lutar pela inclus\u00e3o e pela diversidade.<\/p>\n<p>&nbsp;<\/p>\n<p><strong>C&amp;C &#8211; Ao longo de sua trajet\u00f3ria, desenvolveu diversos trabalhos voltados para a divulga\u00e7\u00e3o da ci\u00eancia para o p\u00fablico infantil. Como \u2013 e por qu\u00ea \u2013 aproximar a ci\u00eancia das crian\u00e7as?<\/strong><\/p>\n<p><strong>LM &#8211;<\/strong> Em primeiro lugar, as crian\u00e7as s\u00e3o os cidad\u00e3os do futuro. Ao engaj\u00e1-las em temas de ci\u00eancia desde cedo, damos ferramentas para quem sejam adultos mais engajados cientificamente (se v\u00e3o ser de fato, \u00e9 outra hist\u00f3ria). Crian\u00e7as tamb\u00e9m s\u00e3o fator de mudan\u00e7a nas fam\u00edlias: s\u00e3o elas muitas vezes que estimulam pais, av\u00f4s, irm\u00e3os, etc. a ter posturas mais engajadas cientifica e ambientalmente. Um segundo aspecto \u00e9 que as crian\u00e7as s\u00e3o cientistas \u201cnaturais\u201d, sempre muito curiosas com o ambiente em seu entorno e com muitas perguntas na cabe\u00e7a. A terceira raz\u00e3o tem cunho pessoal: adoro fazer divulga\u00e7\u00e3o cient\u00edfica para crian\u00e7as.<\/p>\n<p>&nbsp;<\/p>\n<h4 id=\"as-criancas-sao-os-cidadaos-do-futuro-ao-engaja-las-em-temas-de-ciencia-desde-cedo-damos-ferramentas-para-quem-sejam-adultos-mais-engajados-cientificamente\" style=\"text-align: center;\"><em><span style=\"color: #800000;\">\u201cAs crian\u00e7as s\u00e3o os cidad\u00e3os do futuro. Ao engaj\u00e1-las em temas de ci\u00eancia desde cedo, damos ferramentas para quem sejam adultos mais engajados cientificamente.\u201d<\/span><\/em><\/h4>\n<p>&nbsp;<\/p>\n<p><strong>C&amp;C &#8211; Como voc\u00ea avalia a divulga\u00e7\u00e3o cient\u00edfica hoje no Brasil? Quais seus principais desafios?<\/strong><\/p>\n<p><strong>LM &#8211;<\/strong> A pr\u00e1tica da divulga\u00e7\u00e3o cient\u00edfica tem mais de dois s\u00e9culos de hist\u00f3ria no Brasil, com grande diversidade de iniciativas que usaram e v\u00eam usando distintas abordagens e estrat\u00e9gias. Mais recentemente temos consolidado o campo acad\u00eamico, em que v\u00e1rios pesquisadores est\u00e3o trabalhando no campo. Tamb\u00e9m temos constru\u00eddos programas de p\u00f3s-gradua\u00e7\u00e3o no campo. A \u00e1rea agora \u00e9 reconhecida pelo <span style=\"color: #800000;\"><a style=\"color: #800000;\" href=\"http:\/\/www.cnpq.br\/\"><strong>Conselho Nacional de Desenvolvimento Cient\u00edfico e Tecnol\u00f3gico<\/strong><\/a><\/span>\u00a0(CNPq), incluindo apoio para a \u00e1rea \u2013 Avan\u00e7amos muito. Mas h\u00e1 ainda trabalho pela frente.<\/p>\n","protected":false},"excerpt":{"rendered":"Confira entrevista com Luisa Massarani, coordenadora do Instituto Nacional de Comunica\u00e7\u00e3o P\u00fablica&hellip;\n","protected":false},"author":19,"featured_media":4690,"comment_status":"open","ping_status":"open","sticky":false,"template":"","format":"standard","meta":[],"categories":[1,2,864],"tags":[],"acf":[],"_links":{"self":[{"href":"https:\/\/revistacienciaecultura.org.br\/index.php?rest_route=\/wp\/v2\/posts\/4217"}],"collection":[{"href":"https:\/\/revistacienciaecultura.org.br\/index.php?rest_route=\/wp\/v2\/posts"}],"about":[{"href":"https:\/\/revistacienciaecultura.org.br\/index.php?rest_route=\/wp\/v2\/types\/post"}],"author":[{"embeddable":true,"href":"https:\/\/revistacienciaecultura.org.br\/index.php?rest_route=\/wp\/v2\/users\/19"}],"replies":[{"embeddable":true,"href":"https:\/\/revistacienciaecultura.org.br\/index.php?rest_route=%2Fwp%2Fv2%2Fcomments&post=4217"}],"version-history":[{"count":1,"href":"https:\/\/revistacienciaecultura.org.br\/index.php?rest_route=\/wp\/v2\/posts\/4217\/revisions"}],"predecessor-version":[{"id":4218,"href":"https:\/\/revistacienciaecultura.org.br\/index.php?rest_route=\/wp\/v2\/posts\/4217\/revisions\/4218"}],"wp:featuredmedia":[{"embeddable":true,"href":"https:\/\/revistacienciaecultura.org.br\/index.php?rest_route=\/wp\/v2\/media\/4690"}],"wp:attachment":[{"href":"https:\/\/revistacienciaecultura.org.br\/index.php?rest_route=%2Fwp%2Fv2%2Fmedia&parent=4217"}],"wp:term":[{"taxonomy":"category","embeddable":true,"href":"https:\/\/revistacienciaecultura.org.br\/index.php?rest_route=%2Fwp%2Fv2%2Fcategories&post=4217"},{"taxonomy":"post_tag","embeddable":true,"href":"https:\/\/revistacienciaecultura.org.br\/index.php?rest_route=%2Fwp%2Fv2%2Ftags&post=4217"}],"curies":[{"name":"wp","href":"https:\/\/api.w.org\/{rel}","templated":true}]}}