{"id":4222,"date":"2023-06-05T11:23:16","date_gmt":"2023-06-05T11:23:16","guid":{"rendered":"https:\/\/revistacienciaecultura.org.br\/?p=4222"},"modified":"2023-06-05T11:23:16","modified_gmt":"2023-06-05T11:23:16","slug":"dia-mundial-do-meio-ambiente-enfatiza-solucoes-contra-poluicao-plastica","status":"publish","type":"post","link":"https:\/\/revistacienciaecultura.org.br\/?p=4222","title":{"rendered":"Dia Mundial do Meio Ambiente enfatiza solu\u00e7\u00f5es contra polui\u00e7\u00e3o pl\u00e1stica"},"content":{"rendered":"<h4 id=\"mundo-produz-mais-de-400-milhoes-de-toneladas-do-material-por-ano\"><span style=\"color: #808080;\">Mundo produz mais de 400 milh\u00f5es de toneladas do material por ano<\/span><\/h4>\n<p>&nbsp;<\/p>\n<p>Todos os anos, mais de 400 milh\u00f5es de toneladas de pl\u00e1stico s\u00e3o produzidas no mundo. Um ter\u00e7o \u00e9 usado apenas uma vez e diariamente se despeja nos oceanos, rios e lagos. Por isso, o lema deste ano do Dia Mundial do Meio Ambiente, comemorado nesta segunda-feira (05\/06), \u00e9 \u201csolu\u00e7\u00f5es para a polui\u00e7\u00e3o pl\u00e1stica\u201d.<\/p>\n<p>Os\u00a0micropl\u00e1sticos s\u00e3o\u00a0pequenos fragmentos de pl\u00e1stico com menos de 5 mm de di\u00e2metro,\u00a0liberados na natureza atrav\u00e9s do descarte inadequado de res\u00edduos pl\u00e1sticos ou como resultado da degrada\u00e7\u00e3o de materiais pl\u00e1sticos maiores. Eles comp\u00f5em combust\u00edveis f\u00f3sseis e impactam a crise do clima com maior uso, produ\u00e7\u00e3o e queimas.<\/p>\n<p>H\u00e1 14 milh\u00f5es de toneladas m\u00e9tricas de micropl\u00e1sticos no fundo dos oceanos, segundo artigo publicado na revista<span style=\"color: #800000;\">\u00a0<strong><em><a style=\"color: #800000;\" href=\"https:\/\/www.frontiersin.org\/journals\/marine-science\">Frontiers in Marine Science<\/a><\/em><\/strong><\/span>.\u00a0Todo mam\u00edfero marinho tem micropl\u00e1sticos no organismo, aponta um relat\u00f3rio publicado na revista <span style=\"color: #800000;\"><strong><em><a style=\"color: #800000;\" href=\"https:\/\/www.nature.com\/srep\/about?gclid=Cj0KCQjwk7ugBhDIARIsAGuvgPZp5ohtFiqwpqbuwAnF_6h3zGJTioP8x3q-7qvhnJLOIqsXM5eYCU8aApLPEALw_wcB\">Scientific Reports<\/a><\/em><\/strong> <\/span>em 2019, que analisou o sistema digestivo de 50 animais de 10 esp\u00e9cies. Embora a quantidade dessas part\u00edculas encontradas tenha sido relativamente baixa, os cientistas refor\u00e7am que o material \u00e9 extremamente t\u00f3xico e pode ser fatal se ingerido em grande quantidade.<\/p>\n<p>Os micropl\u00e1sticos tamb\u00e9m impactam a sa\u00fade humana. Ele j\u00e1 se encontra no ar, nos alimentos e na \u00e1gua:\u00a0um levantamento feito por cientistas do Departamento de Biologia da <span style=\"color: #800000;\"><strong><a style=\"color: #800000;\" href=\"https:\/\/www.uvic.ca\/\">Universidade de Victoria<\/a><\/strong><\/span>, no Canad\u00e1, apontou que cada ser humano ingere entre 74 mil a 121 mil part\u00edculas de micropl\u00e1stico por ano. Em laborat\u00f3rio, os micropl\u00e1sticos j\u00e1 mostraram que causam danos \u00e0s c\u00e9lulas humanas.<\/p>\n<p>Em mensagem de v\u00eddeo, Ant\u00f3nio Guterres, secret\u00e1rio-geral da <span style=\"color: #800000;\"><strong><a style=\"color: #800000;\" href=\"un.org\">Organiza\u00e7\u00e3o das Na\u00e7\u00f5es Unidas<\/a><\/strong><\/span> (ONU), defendeu que o mundo tem que combater o problema de \u201cconsequ\u00eancias catastr\u00f3ficas\u201d. Por ocasi\u00e3o das celebra\u00e7\u00f5es do Dia Mundial do Meio Ambiente, Guterres citou um estudo do <span style=\"color: #800000;\"><strong><a style=\"color: #800000;\" href=\"https:\/\/news.un.org\/pt\/tags\/pnuma\">Programa da ONU para o Meio Ambiente<\/a><\/strong><\/span> (Pnuma) revelando que o problema pode ser reduzido em 80% at\u00e9 2040 com medidas de reutiliza\u00e7\u00e3o, reciclagem, reorienta\u00e7\u00e3o e diversifica\u00e7\u00e3o para travar o uso do material.<\/p>\n<p>Criada pela ONU para sensibilizar a opini\u00e3o p\u00fablica e valorizar o meio ambiente, a data \u00e9 celebrada anualmente por uma Confer\u00eancia das Na\u00e7\u00f5es Unidas sobre o tema. Cada ano, o evento \u00e9 organizado em torno de um tema espec\u00edfico, visando promover a\u00e7\u00f5es concretas e engajar governos, empresas e cidad\u00e3os na busca por um futuro mais sustent\u00e1vel.\u00a0 Este ano, a confer\u00eancia ser\u00e1 sediada na Costa do Marfim, em parceria com os Pa\u00edses Baixos. O evento acontecer\u00e1 cerca de uma semana ap\u00f3s a segunda reuni\u00e3o para constru\u00e7\u00e3o do Tratado Global do Pl\u00e1stico (INC2), atendendo \u00e0 Resolu\u00e7\u00e3o 5\/14 da Assembleia da ONU para o Meio Ambiente, que visa a estabelecer um acordo internacional juridicamente vinculante at\u00e9 2024.<\/p>\n<p><span style=\"color: #808080;\"><em>Com informa\u00e7\u00f5es da <a style=\"color: #808080;\" href=\"https:\/\/news.un.org\/pt\/\">ONU News<\/a><\/em><\/span><\/p>\n<p>&nbsp;<\/p>\n<h6 id=\"capa-naja-bertolt-jensen-unsplash-com\">Capa. <a class=\"N2odk RZQOk eziW_ cl4O9 KHq0c\" href=\"https:\/\/unsplash.com\/pt-br\/@naja_bertolt_jensen\">Naja Bertolt Jensen<\/a> | <a href=\"http:\/\/Unsplash.com\">Unsplash.com<\/a><\/h6>\n","protected":false},"excerpt":{"rendered":"Mundo produz mais de 400 milh\u00f5es de toneladas do material por ano&hellip;\n","protected":false},"author":19,"featured_media":4223,"comment_status":"open","ping_status":"open","sticky":false,"template":"","format":"standard","meta":[],"categories":[1,2],"tags":[],"acf":[],"_links":{"self":[{"href":"https:\/\/revistacienciaecultura.org.br\/index.php?rest_route=\/wp\/v2\/posts\/4222"}],"collection":[{"href":"https:\/\/revistacienciaecultura.org.br\/index.php?rest_route=\/wp\/v2\/posts"}],"about":[{"href":"https:\/\/revistacienciaecultura.org.br\/index.php?rest_route=\/wp\/v2\/types\/post"}],"author":[{"embeddable":true,"href":"https:\/\/revistacienciaecultura.org.br\/index.php?rest_route=\/wp\/v2\/users\/19"}],"replies":[{"embeddable":true,"href":"https:\/\/revistacienciaecultura.org.br\/index.php?rest_route=%2Fwp%2Fv2%2Fcomments&post=4222"}],"version-history":[{"count":1,"href":"https:\/\/revistacienciaecultura.org.br\/index.php?rest_route=\/wp\/v2\/posts\/4222\/revisions"}],"predecessor-version":[{"id":4224,"href":"https:\/\/revistacienciaecultura.org.br\/index.php?rest_route=\/wp\/v2\/posts\/4222\/revisions\/4224"}],"wp:featuredmedia":[{"embeddable":true,"href":"https:\/\/revistacienciaecultura.org.br\/index.php?rest_route=\/wp\/v2\/media\/4223"}],"wp:attachment":[{"href":"https:\/\/revistacienciaecultura.org.br\/index.php?rest_route=%2Fwp%2Fv2%2Fmedia&parent=4222"}],"wp:term":[{"taxonomy":"category","embeddable":true,"href":"https:\/\/revistacienciaecultura.org.br\/index.php?rest_route=%2Fwp%2Fv2%2Fcategories&post=4222"},{"taxonomy":"post_tag","embeddable":true,"href":"https:\/\/revistacienciaecultura.org.br\/index.php?rest_route=%2Fwp%2Fv2%2Ftags&post=4222"}],"curies":[{"name":"wp","href":"https:\/\/api.w.org\/{rel}","templated":true}]}}