{"id":4225,"date":"2023-06-06T07:30:59","date_gmt":"2023-06-06T07:30:59","guid":{"rendered":"https:\/\/revistacienciaecultura.org.br\/?p=4225"},"modified":"2023-06-05T19:57:00","modified_gmt":"2023-06-05T19:57:00","slug":"sbpc-lancara-novo-site-de-seu-acervo-digital-no-dia-14-de-junho","status":"publish","type":"post","link":"https:\/\/revistacienciaecultura.org.br\/?p=4225","title":{"rendered":"SBPC lan\u00e7ar\u00e1 novo site de seu acervo digital no dia 14 de junho"},"content":{"rendered":"<h4 id=\"o-evento-de-lancamento-sera-transmitido-online-pelo-canal-da-sbpc-no-youtube-as-14h\"><span style=\"color: #808080;\">O evento de lan\u00e7amento ser\u00e1 transmitido online pelo canal da SBPC no YouTube, \u00e0s 14h<\/span><\/h4>\n<p>&nbsp;<\/p>\n<p>A Sociedade Brasileira para o Progresso da Ci\u00eancia (SBPC) lan\u00e7a no dia 14 de junho o novo site de seu acervo digital e comemora a conclus\u00e3o da digitaliza\u00e7\u00e3o, pelo Centro de Mem\u00f3ria Amelia Hamburger, e a inser\u00e7\u00e3o no reposit\u00f3rio de um grande n\u00famero de edi\u00e7\u00f5es das cole\u00e7\u00f5es Ci\u00eancia Hoje, Ci\u00eancia Hoje das Crian\u00e7as e do Jornal da Ci\u00eancia (carinhosamente chamado de amarelinho). O evento ser\u00e1 realizado virtualmente, a partir das 14h, com transmiss\u00e3o ao vivo pelo\u00a0<span style=\"color: #800000;\"><strong><a style=\"color: #800000;\" href=\"https:\/\/www.youtube.com\/@canalsbpc\">canal da SBPC no Youtube<\/a><\/strong><\/span>.<\/p>\n<p>O reposit\u00f3rio da SBPC tem como principal objetivo democratizar o acesso \u00e0 informa\u00e7\u00e3o e disponibilizar acesso a v\u00e1rios documentos produzidos pela entidade nestes seus 75 anos de exist\u00eancia. Ali podem ser acessadas cartas, manifesta\u00e7\u00f5es p\u00fablicas, mo\u00e7\u00f5es, relat\u00f3rios, discursos, livros, cartazes de eventos, programa\u00e7\u00f5es de reuni\u00f5es, folhetos, fotografias, entre outros materiais de grande relev\u00e2ncia \u00e0 sociedade e \u00e0 hist\u00f3ria da ci\u00eancia brasileira. O acervo tem j\u00e1 tem mais de 4 mil objetos digitais arquivados.<\/p>\n<p>O grande destaque do novo site do reposit\u00f3rio da SBPC s\u00e3o os recursos de acessibilidade incorporados para ampliar ainda mais o acesso \u00e0 informa\u00e7\u00e3o disponibilizada, como fontes com boa legibilidade e alto contraste. A nova vers\u00e3o traz tecnologias mais intuitivas e um layout mais leve para facilitar seu uso. Novos ajustes tornaram a ferramenta totalmente responsiva, fazendo com que se adapte a qualquer tipo de tela (tablets, computadores e smartphones).<\/p>\n<p>Outra novidade \u00e9 que o acervo digital disponibilizar\u00e1 172 n\u00fameros da revista\u00a0<strong>Ci\u00eancia Hoje<\/strong>, que abrange o per\u00edodo de julho\/agosto de 1982 a junho de 2001, 115 n\u00fameros da revista\u00a0<strong>Ci\u00eancia Hoje das Crian\u00e7as<\/strong>, de novembro de 1986 a junho de 2001, e mais 695 n\u00fameros do\u00a0<strong>Jornal da Ci\u00eancia<\/strong>, de 26 de julho de 1985 a 12 de agosto de 2011, al\u00e9m de outras seis edi\u00e7\u00f5es especiais.<\/p>\n<p>O evento de lan\u00e7amento da nova plataforma e a comemora\u00e7\u00e3o da digitaliza\u00e7\u00e3o de grande parte das cole\u00e7\u00f5es Ci\u00eancia Hoje, Ci\u00eancia Hoje das Crian\u00e7as e do Jornal da Ci\u00eancia ser\u00e1 coordenado por Renato Janine Ribeiro, presidente da entidade, e contar\u00e1 com a participa\u00e7\u00e3o de Ildeu de Castro Moreira, professor do Instituto de F\u00edsica da Universidade Federal do Rio de Janeiro (UFRJ) e presidente de honra da SBPC, Ennio Candotti, diretor do Museu da Amaz\u00f4nia e presidente de honra da SBPC, Roberto Lent, professor em\u00e9rito da UFRJ, Marco Moriconi, professor associado da Universidade Federal Fluminense e presidente do Instituto\u00a0Ci\u00eancia Hoje\u00a0(ICH), e Alberto Passos Guimar\u00e3es, pesquisador em\u00e9rito do Centro Brasileiro de Pesquisas F\u00edsicas (CBPF) e um dos fundadores do ICH.<\/p>\n<p>&nbsp;<\/p>\n<h4 id=\"acervo-para-todos\"><strong>Acervo para todos<\/strong><\/h4>\n<p>O reposit\u00f3rio da SBPC nasceu em julho de 2017 e desde sua cria\u00e7\u00e3o vem passando por atualiza\u00e7\u00f5es, n\u00e3o s\u00f3 do sistema operacional, como tamb\u00e9m da usabilidade das ferramentas de pesquisa.<\/p>\n<p>Tudo o que est\u00e1 no reposit\u00f3rio est\u00e1 sob uma licen\u00e7a\u00a0<em>Creative Commons<\/em>, que permite que o pesquisador copie e compartilhe os materiais, desde que\u00a0 forne\u00e7a os devidos cr\u00e9ditos e n\u00e3o fa\u00e7a uso comercial do conte\u00fado.<\/p>\n<p><strong>Servi\u00e7o: <\/strong>Lan\u00e7amento do Novo Site do Reposit\u00f3rio da SBPC com as cole\u00e7\u00f5es Ci\u00eancia Hoje, Ci\u00eancia Hoje das Crian\u00e7as e Jornal da Ci\u00eancia<\/p>\n<p><strong>Dia:<\/strong>\u00a014 de junho<\/p>\n<p><strong>Hor\u00e1rio:<\/strong>\u00a014h<\/p>\n<p><strong>Para assistir acesse o\u00a0<span style=\"color: #800000;\"><a style=\"color: #800000;\" href=\"https:\/\/www.youtube.com\/@canalsbpc\" target=\"_blank\" rel=\"noopener\">canal da SBPC no YouTube<\/a>\u00a0<\/span><\/strong><\/p>\n<p><a href=\"http:\/\/www.jornaldaciencia.org.br\/\" target=\"_blank\" rel=\"noopener\"><em><span style=\"color: #808080;\">Jornal da Ci\u00eancia<\/span><\/em><\/a><\/p>\n<p>&nbsp;<\/p>\n<h6 id=\"capa-kylie-cheung-unsplash-com\">Capa: <a class=\"N2odk RZQOk eziW_ cl4O9 KHq0c\" href=\"https:\/\/unsplash.com\/pt-br\/@kyliexc99\">Kylie Cheung<\/a>\u00a0 | <a href=\"http:\/\/Unsplash.com\" target=\"_blank\" rel=\"noopener\">Unsplash.com<\/a><\/h6>\n","protected":false},"excerpt":{"rendered":"O evento de lan\u00e7amento ser\u00e1 transmitido online pelo canal da SBPC no&hellip;\n","protected":false},"author":19,"featured_media":4228,"comment_status":"open","ping_status":"open","sticky":false,"template":"","format":"standard","meta":[],"categories":[1,2],"tags":[],"acf":[],"_links":{"self":[{"href":"https:\/\/revistacienciaecultura.org.br\/index.php?rest_route=\/wp\/v2\/posts\/4225"}],"collection":[{"href":"https:\/\/revistacienciaecultura.org.br\/index.php?rest_route=\/wp\/v2\/posts"}],"about":[{"href":"https:\/\/revistacienciaecultura.org.br\/index.php?rest_route=\/wp\/v2\/types\/post"}],"author":[{"embeddable":true,"href":"https:\/\/revistacienciaecultura.org.br\/index.php?rest_route=\/wp\/v2\/users\/19"}],"replies":[{"embeddable":true,"href":"https:\/\/revistacienciaecultura.org.br\/index.php?rest_route=%2Fwp%2Fv2%2Fcomments&post=4225"}],"version-history":[{"count":3,"href":"https:\/\/revistacienciaecultura.org.br\/index.php?rest_route=\/wp\/v2\/posts\/4225\/revisions"}],"predecessor-version":[{"id":4227,"href":"https:\/\/revistacienciaecultura.org.br\/index.php?rest_route=\/wp\/v2\/posts\/4225\/revisions\/4227"}],"wp:featuredmedia":[{"embeddable":true,"href":"https:\/\/revistacienciaecultura.org.br\/index.php?rest_route=\/wp\/v2\/media\/4228"}],"wp:attachment":[{"href":"https:\/\/revistacienciaecultura.org.br\/index.php?rest_route=%2Fwp%2Fv2%2Fmedia&parent=4225"}],"wp:term":[{"taxonomy":"category","embeddable":true,"href":"https:\/\/revistacienciaecultura.org.br\/index.php?rest_route=%2Fwp%2Fv2%2Fcategories&post=4225"},{"taxonomy":"post_tag","embeddable":true,"href":"https:\/\/revistacienciaecultura.org.br\/index.php?rest_route=%2Fwp%2Fv2%2Ftags&post=4225"}],"curies":[{"name":"wp","href":"https:\/\/api.w.org\/{rel}","templated":true}]}}