{"id":4231,"date":"2023-06-07T07:30:47","date_gmt":"2023-06-07T07:30:47","guid":{"rendered":"https:\/\/revistacienciaecultura.org.br\/?p=4231"},"modified":"2023-06-06T19:25:22","modified_gmt":"2023-06-06T19:25:22","slug":"centro-de-memoria-realiza-visita-guiada-a-sede-da-sbpc-nesta-quarta-feira","status":"publish","type":"post","link":"https:\/\/revistacienciaecultura.org.br\/?p=4231","title":{"rendered":"Centro de Mem\u00f3ria realiza visita guiada \u00e0 sede da SBPC nesta quarta-feira"},"content":{"rendered":"<h4 id=\"o-encontro-sera-uma-oportunidade-para-conhecer-a-historia-da-entidade-seu-acervo-e-discutir-a-importancia-da-memoria-para-o-desenvolvimento-cientifico-nacional\"><span style=\"color: #808080;\">O encontro ser\u00e1 uma oportunidade para conhecer a hist\u00f3ria da entidade, seu acervo e discutir a import\u00e2ncia da mem\u00f3ria para o desenvolvimento cient\u00edfico nacional<\/span><\/h4>\n<p>&nbsp;<\/p>\n<p>O Centro de Mem\u00f3ria Am\u00e9lia Imp\u00e9rio Hamburger (CMAIH) da Sociedade Brasileira para o Progresso da Ci\u00eancia (SBPC) realizar\u00e1 uma\u00a0<span class=\"il\">visita<\/span>\u00a0mediada \u00e0 sede da entidade nesta quarta-feira, dia 7 de junho.<\/p>\n<p>Neste ano a SBPC completa 75 anos e o encontro ser\u00e1 uma oportunidade de conhecer sua hist\u00f3ria, seu acervo e discutir a import\u00e2ncia da mem\u00f3ria para o desenvolvimento cient\u00edfico nacional.<\/p>\n<p>Para participar, basta enviar um e-mail para\u00a0<span style=\"color: #800000;\"><b><a style=\"color: #800000;\" href=\"mailto:brunoroma@sbpcnet.org.br\" target=\"_blank\" rel=\"noopener\">brunoroma@sbpcnet.org.br<\/a><\/b>\u00a0i<\/span>nformando o seu nome completo. As vagas s\u00e3o limitadas.<\/p>\n<h4 id=\"servico\"><strong>Servi\u00e7o:<\/strong><\/h4>\n<p>Data: 7 de junho de 2023, \u00e0s 14h. (Dura\u00e7\u00e3o de 2 horas)<br \/>\nLocal: Rua Maria Ant\u00f4nia 294, 4\u00ba andar \u2013 S\u00e3o Paulo\/SP<\/p>\n<p>&nbsp;<\/p>\n<p><span style=\"color: #808080;\"><em>SBPC<\/em><\/span><\/p>\n","protected":false},"excerpt":{"rendered":"O encontro ser\u00e1 uma oportunidade para conhecer a hist\u00f3ria da entidade, seu&hellip;\n","protected":false},"author":19,"featured_media":4232,"comment_status":"open","ping_status":"open","sticky":false,"template":"","format":"standard","meta":[],"categories":[1,2],"tags":[],"acf":[],"_links":{"self":[{"href":"https:\/\/revistacienciaecultura.org.br\/index.php?rest_route=\/wp\/v2\/posts\/4231"}],"collection":[{"href":"https:\/\/revistacienciaecultura.org.br\/index.php?rest_route=\/wp\/v2\/posts"}],"about":[{"href":"https:\/\/revistacienciaecultura.org.br\/index.php?rest_route=\/wp\/v2\/types\/post"}],"author":[{"embeddable":true,"href":"https:\/\/revistacienciaecultura.org.br\/index.php?rest_route=\/wp\/v2\/users\/19"}],"replies":[{"embeddable":true,"href":"https:\/\/revistacienciaecultura.org.br\/index.php?rest_route=%2Fwp%2Fv2%2Fcomments&post=4231"}],"version-history":[{"count":1,"href":"https:\/\/revistacienciaecultura.org.br\/index.php?rest_route=\/wp\/v2\/posts\/4231\/revisions"}],"predecessor-version":[{"id":4233,"href":"https:\/\/revistacienciaecultura.org.br\/index.php?rest_route=\/wp\/v2\/posts\/4231\/revisions\/4233"}],"wp:featuredmedia":[{"embeddable":true,"href":"https:\/\/revistacienciaecultura.org.br\/index.php?rest_route=\/wp\/v2\/media\/4232"}],"wp:attachment":[{"href":"https:\/\/revistacienciaecultura.org.br\/index.php?rest_route=%2Fwp%2Fv2%2Fmedia&parent=4231"}],"wp:term":[{"taxonomy":"category","embeddable":true,"href":"https:\/\/revistacienciaecultura.org.br\/index.php?rest_route=%2Fwp%2Fv2%2Fcategories&post=4231"},{"taxonomy":"post_tag","embeddable":true,"href":"https:\/\/revistacienciaecultura.org.br\/index.php?rest_route=%2Fwp%2Fv2%2Ftags&post=4231"}],"curies":[{"name":"wp","href":"https:\/\/api.w.org\/{rel}","templated":true}]}}