{"id":4235,"date":"2023-06-13T07:30:03","date_gmt":"2023-06-13T07:30:03","guid":{"rendered":"https:\/\/revistacienciaecultura.org.br\/?p=4235"},"modified":"2023-06-12T19:21:15","modified_gmt":"2023-06-12T19:21:15","slug":"sbpc-divulga-programacao-da-sessao-de-posteres-da-75a-reuniao-anual","status":"publish","type":"post","link":"https:\/\/revistacienciaecultura.org.br\/?p=4235","title":{"rendered":"SBPC divulga programa\u00e7\u00e3o da Sess\u00e3o de P\u00f4steres da 75\u00aa Reuni\u00e3o Anual"},"content":{"rendered":"<h4 id=\"a-atividade-esta-programada-com-apresentacoes-presenciais-na-ufpr-e-video-posteres-pelo-canal-da-sbpc-no-youtube\"><span style=\"color: #808080;\">A\u00a0atividade\u00a0est\u00e1 programada com apresenta\u00e7\u00f5es presenciais na UFPR e v\u00eddeo-p\u00f4steres, pelo canal da SBPC no YouTube<\/span><\/h4>\n<p>&nbsp;<\/p>\n<p>J\u00e1 est\u00e1 dispon\u00edvel, na p\u00e1gina da 75\u00aa Reuni\u00e3o Anual Sociedade Brasileira para o Progresso da Ci\u00eancia \u2013 SBPC (<span style=\"color: #800000;\"><strong><a style=\"color: #800000;\" href=\"https:\/\/ra.sbpcnet.org.br\/75RA\" target=\"_blank\" rel=\"noopener\">https:\/\/ra.sbpcnet.org.br\/75RA<\/a><\/strong><\/span>), a programa\u00e7\u00e3o da Sess\u00e3o de P\u00f4steres.<\/p>\n<p>Est\u00e3o programados para apresenta\u00e7\u00e3o 236 trabalhos de pesquisas cient\u00edficas e tecnol\u00f3gicas, experi\u00eancias e\/ou pr\u00e1ticas de ensino-aprendizagem e relatos de caso ou experi\u00eancias, submetidos por estudantes de gradua\u00e7\u00e3o ou p\u00f3s-gradua\u00e7\u00e3o, professores de ensino superior, pesquisadores, profissionais, estudantes e professores de ensino b\u00e1sico e\/ou profissionalizante, e inclui a Jornada Nacional de Inicia\u00e7\u00e3o Cient\u00edfica \u2013 JNIC<em>,<\/em>\u00a0que congrega alunos indicados e vencedores das mostras e jornadas de 21 institui\u00e7\u00f5es de ensino e pesquisa brasileiras.<\/p>\n<p>Completando a programa\u00e7\u00e3o, ser\u00e3o apresentados seis trabalhos laureados do 20\u00ba Pr\u00eamio Destaque na Inicia\u00e7\u00e3o Cient\u00edfica e Tecnol\u00f3gica, edi\u00e7\u00e3o 2022, realizado pelo Conselho Nacional de Desenvolvimento Cient\u00edfico e Tecnol\u00f3gico (CNPq), e as pesquisas das 9 vencedoras da 4\u00aa edi\u00e7\u00e3o do Pr\u00eamio Carolina Bori Ci\u00eancia &amp; Mulher, categoria \u201cMeninas Cientistas\u201d, promovido pela SBPC neste ano.<\/p>\n<p>O total de 251 p\u00f4steres programados ser\u00e3o apresentados no formato h\u00edbrido. Todos ser\u00e3o disponibilizados na forma de v\u00eddeo-p\u00f4ster, pelo canal da SBPC no YouTube:\u00a0<span style=\"color: #800000;\"><strong><a style=\"color: #800000;\" href=\"https:\/\/www.youtube.com\/user\/canalsbpc\" target=\"_blank\" rel=\"noopener\">https:\/\/www.youtube.com\/user\/canalsbpc<\/a><\/strong><\/span><\/p>\n<p>Al\u00e9m do formato virtual, 136 trabalhos tamb\u00e9m ser\u00e3o apresentados de forma presencial aos participantes da 75\u00aa Reuni\u00e3o Anual da SBPC, com 68 p\u00f4steres por dia, em 24 e 25 de julho, na UFPR.<\/p>\n<p>Acesse a programa\u00e7\u00e3o dos trabalhos no\u00a0<span style=\"color: #800000;\"><strong><a style=\"color: #800000;\" href=\"https:\/\/ra.sbpcnet.org.br\/75RA\/\">site do evento<\/a>\u00a0<\/strong><\/span>e participe! Assista aos trabalhos da Sess\u00e3o de P\u00f4steres. O evento \u00e9 aberto ao p\u00fablico.<strong>\u00a0<\/strong><\/p>\n<p>&nbsp;<\/p>\n<h4 id=\"evento-gratuito-e-aberto-a-todos\"><strong>Evento gratuito e aberto a todos<\/strong><\/h4>\n<p>Criada em 1948, a SBPC \u00e9 uma entidade voltada \u00e0 defesa do avan\u00e7o cient\u00edfico e tecnol\u00f3gico e do desenvolvimento educacional e cultural do Brasil e que, ininterruptamente, realiza desde 1949 sua Reuni\u00e3o Anual, considerada o maior evento cient\u00edfico da Am\u00e9rica Latina.<\/p>\n<p>A cada ano, a Reuni\u00e3o Anual da SBPC \u00e9 levada a um estado brasileiro, prioritariamente em universidade p\u00fablica. Aberto a todos e gratuito, o evento re\u00fane milhares de pessoas \u2013 cientistas, professores e estudantes de todos os n\u00edveis, profissionais liberais e visitantes, al\u00e9m de autoridades e gestores, formuladores de pol\u00edticas p\u00fablicas para ci\u00eancia e tecnologia no Pa\u00eds.<\/p>\n<p>Com o tema \u201cCi\u00eancia e democracia para um Brasil justo e desenvolvido\u201d, a 75\u00aa edi\u00e7\u00e3o da Reuni\u00e3o Anual ser\u00e1 realizada de 23 a 29 de julho de 2023 na Universidade Federal do Paran\u00e1 (UFPR), em Curitiba.<\/p>\n<p>As atividades do evento t\u00eam livre acesso e os participantes podem consultar a programa\u00e7\u00e3o gratuitamente no site e se programarem para visitar o evento e assistir as atividades. A \u00fanica atividade que requer matr\u00edcula antecipada (e com taxa), s\u00e3o os webminicursos.<\/p>\n<p>Por\u00e9m, quem fizer a inscri\u00e7\u00e3o no evento e, tamb\u00e9m, o credenciamento, entre 24 e 28 de julho na Secretaria da SBPC, que estar\u00e1 instalada na UFPR \u2013 Campus Centro Polit\u00e9cnico \u2013 Pr\u00e9dio da Tecnologia, obter\u00e1 o certificado online de participa\u00e7\u00e3o geral (sem carga hor\u00e1ria e sem especificar as atividades frequentadas). As inscri\u00e7\u00f5es est\u00e3o abertas online. Consulte as\u00a0<span style=\"color: #800000;\"><strong><a style=\"color: #800000;\" href=\"https:\/\/ra.sbpcnet.org.br\/75RA\/wp-content\/uploads\/2022\/11\/1_Normas_de_inscricao_75RA.pdf\" target=\"_blank\" rel=\"noopener\">Normas de Inscri\u00e7\u00e3o<\/a>\u00a0<\/strong><\/span>e<span style=\"color: #800000;\"><strong> <a style=\"color: #800000;\" href=\"https:\/\/reunioes.sbpcnet.org.br\/75RA\/inscricao\/\" target=\"_blank\" rel=\"noopener\">fa\u00e7a sua inscri\u00e7\u00e3o no site do evento.<\/a><\/strong><\/span><\/p>\n<p>A modalidade de inscri\u00e7\u00e3o com pagamento de taxa, cujo valor varia de R$ 40 a R$ 300, dependendo da categoria do inscrito, \u00e9 destinada para quem deseja receber o material da inscri\u00e7\u00e3o (programa\u00e7\u00e3o impressa, bolsa e crach\u00e1). Os interessados em receber o material t\u00eam at\u00e9 13 de julho para se inscrever. Lembrando que, a programa\u00e7\u00e3o estar\u00e1 gratuitamente divulgada online, no site.<\/p>\n<p>A\u00a0<span style=\"color: #800000;\"><strong><a style=\"color: #800000;\" href=\"https:\/\/ra.sbpcnet.org.br\/75RA\/\" target=\"_blank\" rel=\"noopener\">Programa\u00e7\u00e3o Cient\u00edfica<\/a><\/strong><\/span>\u00a0geral j\u00e1 est\u00e1 dispon\u00edvel no site e s\u00e3o mais de 220 atividades, que contar\u00e3o com a participa\u00e7\u00e3o de nomes importantes do meio cient\u00edfico e acad\u00eamico nas confer\u00eancias, mesas-redondas e sess\u00f5es especiais.<\/p>\n<p><strong>Para mais informa\u00e7\u00f5es, acesse o site da Reuni\u00e3o Anual:<\/strong> <span style=\"color: #800000;\"><strong><a style=\"color: #800000;\" href=\"https:\/\/ra.sbpcnet.org.br\/75RA\/\" target=\"_blank\" rel=\"noopener\">https:\/\/ra.sbpcnet.org.br\/75RA\/<\/a>.<\/strong><\/span><\/p>\n<p><span style=\"color: #808080;\"><a style=\"color: #808080;\" href=\"http:\/\/www.jornaldaciencia.org.br\/\" target=\"_blank\" rel=\"noopener\"><em>Jornal da Ci\u00eancia<\/em><\/a><\/span><\/p>\n","protected":false},"excerpt":{"rendered":"A\u00a0atividade\u00a0est\u00e1 programada com apresenta\u00e7\u00f5es presenciais na UFPR e v\u00eddeo-p\u00f4steres, pelo canal da&hellip;\n","protected":false},"author":19,"featured_media":3467,"comment_status":"open","ping_status":"open","sticky":false,"template":"","format":"standard","meta":[],"categories":[1,2],"tags":[],"acf":[],"_links":{"self":[{"href":"https:\/\/revistacienciaecultura.org.br\/index.php?rest_route=\/wp\/v2\/posts\/4235"}],"collection":[{"href":"https:\/\/revistacienciaecultura.org.br\/index.php?rest_route=\/wp\/v2\/posts"}],"about":[{"href":"https:\/\/revistacienciaecultura.org.br\/index.php?rest_route=\/wp\/v2\/types\/post"}],"author":[{"embeddable":true,"href":"https:\/\/revistacienciaecultura.org.br\/index.php?rest_route=\/wp\/v2\/users\/19"}],"replies":[{"embeddable":true,"href":"https:\/\/revistacienciaecultura.org.br\/index.php?rest_route=%2Fwp%2Fv2%2Fcomments&post=4235"}],"version-history":[{"count":2,"href":"https:\/\/revistacienciaecultura.org.br\/index.php?rest_route=\/wp\/v2\/posts\/4235\/revisions"}],"predecessor-version":[{"id":4237,"href":"https:\/\/revistacienciaecultura.org.br\/index.php?rest_route=\/wp\/v2\/posts\/4235\/revisions\/4237"}],"wp:featuredmedia":[{"embeddable":true,"href":"https:\/\/revistacienciaecultura.org.br\/index.php?rest_route=\/wp\/v2\/media\/3467"}],"wp:attachment":[{"href":"https:\/\/revistacienciaecultura.org.br\/index.php?rest_route=%2Fwp%2Fv2%2Fmedia&parent=4235"}],"wp:term":[{"taxonomy":"category","embeddable":true,"href":"https:\/\/revistacienciaecultura.org.br\/index.php?rest_route=%2Fwp%2Fv2%2Fcategories&post=4235"},{"taxonomy":"post_tag","embeddable":true,"href":"https:\/\/revistacienciaecultura.org.br\/index.php?rest_route=%2Fwp%2Fv2%2Ftags&post=4235"}],"curies":[{"name":"wp","href":"https:\/\/api.w.org\/{rel}","templated":true}]}}