{"id":4239,"date":"2023-06-14T08:00:30","date_gmt":"2023-06-14T08:00:30","guid":{"rendered":"https:\/\/revistacienciaecultura.org.br\/?p=4239"},"modified":"2023-10-16T12:28:26","modified_gmt":"2023-10-16T12:28:26","slug":"ciencia-movida-pela-curiosidade-porque-somos-humanos","status":"publish","type":"post","link":"https:\/\/revistacienciaecultura.org.br\/?p=4239","title":{"rendered":"Ci\u00eancia movida pela curiosidade: porque somos humanos!"},"content":{"rendered":"<h4 id=\"as-ciencias-abriram-caminho-para-descobertas-fundamentais-e-revolucoes-tecnologicas-que-continuamente-remodelam-o-mundo-em-que-vivemos\"><span style=\"color: #808080;\">As ci\u00eancias abriram caminho para descobertas fundamentais e revolu\u00e7\u00f5es tecnol\u00f3gicas que continuamente remodelam o mundo em que vivemos<\/span><\/h4>\n<p><em>\u00a0<\/em><\/p>\n<h6 id=\"pensar-como-nos-sempre-temos-pensado-e-o-que-nos-trouxe-ate-onde-estamos-e-nao-vai-nos-levar-para-onde-deveriamos-estar-indo-a-einstein\" style=\"text-align: right;\"><em>\u201cPensar como n\u00f3s sempre temos pensado \u00e9 o que nos trouxe at\u00e9 onde estamos.<br \/>\n<\/em><em>E n\u00e3o vai nos levar para onde dever\u00edamos estar indo.\u201d<br \/>\n<\/em>A. Einstein<\/h6>\n<p><strong>\u00a0<\/strong><\/p>\n<p>A Ci\u00eancia \u00e9 fundamental para o desenvolvimento de nossa sociedade, em todas as \u00e1reas, das ci\u00eancias humanas \u00e0s naturais. E esse desenvolvimento precisa ser sustent\u00e1vel. As ci\u00eancias, especialmente as ci\u00eancias b\u00e1sicas, abriram caminho para descobertas fundamentais e revolu\u00e7\u00f5es tecnol\u00f3gicas que continuamente remodelam o mundo em que vivemos. Em um momento em que a humanidade deve inventar novas formas de produzir, de obter energia, de se alimentar, sabemos que precisamos das ci\u00eancias e do potencial que elas possuem para o necess\u00e1rio aprimoramento de nossas sociedades. Por isso, a <span style=\"color: #800000;\"><a style=\"color: #800000;\" href=\"https:\/\/brasil.un.org\/\"><strong>Organiza\u00e7\u00e3o das Na\u00e7\u00f5es Unidas<\/strong><\/a><\/span>\u00a0(ONU) e a\u00a0<span style=\"color: #800000;\"><a style=\"color: #800000;\" href=\"https:\/\/www.unesco.org\/en\"><strong>Unesco<\/strong><\/a><\/span>\u00a0definiram 2022-23 como o\u00a0Ano Internacional das Ci\u00eancias B\u00e1sicas para o Desenvolvimento Sustent\u00e1vel 2022-23\u00a0(IYBSSD, na sigla em ingl\u00eas). O objetivo \u00e9 ressaltar a liga\u00e7\u00e3o entre as ci\u00eancias b\u00e1sicas e os 17 Objetivos de Desenvolvimento Sustent\u00e1vel (ODS) e destacar os impactos das ci\u00eancias b\u00e1sicas para esses objetivos. Por isso esse n\u00famero da <span style=\"color: #800000;\"><a style=\"color: #800000;\" href=\"https:\/\/revistacienciaecultura.org.br\/\"><strong>Ci\u00eancia &amp; Cultura<\/strong><\/a><\/span> aborda esse tema, em todas as suas dimens\u00f5es.<\/p>\n<p>&nbsp;<\/p>\n<h4 id=\"precisamos-das-ciencias-e-do-potencial-que-elas-possuem-para-o-necessario-aprimoramento-de-nossas-sociedades\" style=\"text-align: center;\"><span style=\"color: #800000;\"><em>\u201cPrecisamos das ci\u00eancias e do potencial que elas possuem para o necess\u00e1rio aprimoramento de nossas sociedades.\u201d<\/em><\/span><\/h4>\n<p>&nbsp;<\/p>\n<p>Estamos vivendo em uma \u00e9poca em que ci\u00eancias com aplica\u00e7\u00f5es imediatas ou voltadas a resultados imediatos d\u00e3o a t\u00f4nica. Mas, essa vis\u00e3o mais imediatista esquece que a Ci\u00eancia B\u00e1sica \u00e9 o alicerce do conhecimento em todas as \u00e1reas. Sem os rel\u00f3gios at\u00f4micos, n\u00e3o ter\u00edamos o GPS, Waze ou Google Maps. Sem a inven\u00e7\u00e3o do World Wide Web (www), inventada no CERN a partir da necessidade de colabora\u00e7\u00e3o global em experimentos f\u00edsicos fundamentais, n\u00e3o ter\u00edamos a Internet. A descoberta b\u00e1sica de transistores e circuitos integrados levou ao desenvolvimento de nossos computadores, telefones celulares e muito do que nos cerca. A gera\u00e7\u00e3o e armazenamento de energia renov\u00e1vel depende de avan\u00e7os fundamentais na f\u00edsica, qu\u00edmica e ci\u00eancia dos materiais. E a ci\u00eancia \u00e9 indispens\u00e1vel na sa\u00fade: desde a descoberta do DNA, que revolucionou a medicina, at\u00e9 o combate \u00e0 pandemia de covid-19, com o sequenciamento gen\u00e9tico do v\u00edrus SARS-CoV-2 e consequente desenvolvimento de vacinas baseadas na mol\u00e9cula de RNA mensageiro (mRNA), temos descobertas que salvaram milh\u00f5es de vidas. As ci\u00eancias b\u00e1sicas s\u00e3o tamb\u00e9m muito relevantes nos estudos de comportamento humano, na din\u00e2mica de cada indiv\u00edduo em nossa sociedade e na economia local e global. As ci\u00eancias humanas s\u00e3o fundamentais na constru\u00e7\u00e3o de uma nova sociedade sustent\u00e1vel.<\/p>\n<p>Um ponto fundamental nessa discuss\u00e3o \u00e9 justamente o significado da palavra \u201csustent\u00e1vel\u201d. Afinal, j\u00e1 n\u00e3o \u00e9 mais poss\u00edvel pensar em desenvolvimento econ\u00f4mico e social sem sustentabilidade. A humanidade est\u00e1 passando por um momento muito cr\u00edtico em sua hist\u00f3ria, em que temos um sistema socioecon\u00f4mico baseado no uso excessivo dos recursos naturais de nosso planeta. Temos tamb\u00e9m uma vis\u00e3o de curt\u00edssimo prazo nas empresas e governos, onde o maior lucro poss\u00edvel tem que ser obtido no curt\u00edssimo prazo, n\u00e3o importa o dano ambiental ou social que esteja causando. O garimpo ilegal na Amaz\u00f4nia, a invas\u00e3o de terras p\u00fablicas e territ\u00f3rios ind\u00edgenas, a polui\u00e7\u00e3o por pl\u00e1sticos, uso excessivo de agrot\u00f3xicos, as emiss\u00f5es de gases de efeito estufa, entre outros, s\u00e3o somente algumas das quest\u00f5es que ilustram os riscos do atual modelo de desenvolvimento. A vergonhosa desigualdade econ\u00f4mica tem que ser fortemente combatida se quisermos construir uma sociedade minimamente justa e sustent\u00e1vel.<\/p>\n<p>&nbsp;<\/p>\n<h4 id=\"a-vergonhosa-desigualdade-economica-tem-que-ser-fortemente-combatida-se-quisermos-construir-uma-sociedade-minimamente-justa-e-sustentavel\" style=\"text-align: center;\"><em><span style=\"color: #800000;\">\u201cA vergonhosa desigualdade econ\u00f4mica tem que ser fortemente combatida se quisermos construir uma sociedade minimamente justa e sustent\u00e1vel.\u201d<\/span><\/em><\/h4>\n<p>&nbsp;<\/p>\n<p>\u00c9 por isso que come\u00e7amos esse editorial com uma cita\u00e7\u00e3o de Albert Einstein, que nos alerta para o perigo que corremos se continuarmos a pensar, consumir e manter determinadas pr\u00e1ticas que n\u00e3o nos levar\u00e3o para onde dever\u00edamos estar indo: ao encontro de uma rela\u00e7\u00e3o mais harmoniosa e menos predat\u00f3ria com a m\u00e3e Terra.<\/p>\n<p>As mudan\u00e7as clim\u00e1ticas s\u00e3o uma das quest\u00f5es mais relevantes que a humanidade est\u00e1 enfrentando hoje, e um desafio importante para atingirmos os ODS. O Brasil tem vulnerabilidades muito importantes em rela\u00e7\u00e3o \u00e0s mudan\u00e7as clim\u00e1ticas globais, por sua localiza\u00e7\u00e3o tropical, pelos 8500 km de \u00e1reas costeiras, suscet\u00edveis ao aumento do n\u00edvel do mar, por ter uma economia baseada no agroneg\u00f3cio, cuja produtividade depende das chuvas, e por ter uma gera\u00e7\u00e3o de hidroeletricidade que depende tamb\u00e9m das chuvas que est\u00e3o se alterando. A degrada\u00e7\u00e3o dos ecossistemas, em particular da Amaz\u00f4nia, pode alterar profundamente nossa sociedade.\u00a0Por outro lado, o pa\u00eds tamb\u00e9m tem vantagens estrat\u00e9gicas enormes na quest\u00e3o das mudan\u00e7as clim\u00e1ticas globais. Por exemplo, 51% das nossas emiss\u00f5es de g\u00e1s de efeito estufa s\u00e3o devido ao desmatamento da Amaz\u00f4nia. N\u00e3o h\u00e1 nenhum outro pa\u00eds que tenha uma oportunidade t\u00e3o boa de reduzir 51% das suas emiss\u00f5es e ainda ter benef\u00edcios de preserva\u00e7\u00e3o dos servi\u00e7os ecossist\u00eamicos que a floresta amaz\u00f4nica traz \u2014 por exemplo, no transporte de vapor d\u2019\u00e1gua para o Brasil Central, e na chuva que irriga as \u00e1reas onde temos nossa produ\u00e7\u00e3o agropecu\u00e1ria. Temos tamb\u00e9m o maior potencial mundial de gera\u00e7\u00e3o de energia e\u00f3lica e solar, com baixos custos. Nosso programa de biocombust\u00edveis \u00e9 tamb\u00e9m o maior do planeta. Precisamos de Ci\u00eancia alinhada a pol\u00edticas p\u00fablicas para podermos aproveitar nossas vantagens estrat\u00e9gicas e enfrentar nossas vulnerabilidades.<\/p>\n<p>&nbsp;<\/p>\n<h4 id=\"precisamos-de-ciencia-alinhada-a-politicas-publicas-para-que-possamos-aproveitar-nossas-vantagens-estrategicas-e-enfrentar-nossas-vulnerabilidades\" style=\"text-align: center;\"><em><span style=\"color: #800000;\">\u201cPrecisamos de ci\u00eancia alinhada a pol\u00edticas p\u00fablicas para que possamos aproveitar nossas vantagens estrat\u00e9gicas e enfrentar nossas vulnerabilidades.\u201d<\/span><\/em><\/h4>\n<p>&nbsp;<\/p>\n<p>A busca do desenvolvimento sustent\u00e1vel para as gera\u00e7\u00f5es presentes e futuras coloca uma \u00eanfase cr\u00edtica no respeito aos limites planet\u00e1rios. Considerar aspectos como comunica\u00e7\u00e3o, pertencimento cultural, sabedoria ind\u00edgena das popula\u00e7\u00f5es nativas e g\u00eanero ser\u00e1 ben\u00e9fico no avan\u00e7o do conhecimento e seu efeito na melhoria da vida de nossas comunidades. O bom uso da Intelig\u00eancia Artificial (IA) pode ser uma ferramenta fundamental na constru\u00e7\u00e3o de uma nova sociedade. Por outro lado, seu uso inadequado pode intensificar a desinforma\u00e7\u00e3o e ser uma ferramenta nas m\u00e3os de poucos, aumentando as desigualdades sociais.<\/p>\n<p>Esse n\u00famero da <span style=\"color: #800000;\"><a style=\"color: #800000;\" href=\"https:\/\/revistacienciaecultura.org.br\/\"><strong>Ci\u00eancia &amp; Cultura<\/strong><\/a><\/span> se dedica a explorar os v\u00e1rios aspectos dessas quest\u00f5es. Os artigos, escritos por especialistas, debatem como as ci\u00eancias b\u00e1sicas, como matem\u00e1tica, qu\u00edmica, f\u00edsica de part\u00edculas, ecologia, astronomia, antropologia, ci\u00eancias sociais e biom\u00e9dicas s\u00e3o fundamentais para fornecer solu\u00e7\u00f5es sustent\u00e1veis para o pa\u00eds. Os textos de opini\u00e3o refletem sobre como as diversas \u00e1reas da ci\u00eancia s\u00e3o significativas para tratar de quest\u00f5es como sa\u00fade e qualidade de vida, combate \u00e0 fome e crescimento econ\u00f4mico. Al\u00e9m disso, as reportagens, v\u00eddeos e podcasts fazem um amplo panorama sobre a transdiciplinaridade da ci\u00eancia e sua import\u00e2ncia em temas atuais, como diversidade, educa\u00e7\u00e3o, pol\u00edticas p\u00fablicas, constru\u00e7\u00e3o de cidades sustent\u00e1veis, sa\u00fade, seguran\u00e7a alimentar, desenvolvimento e, \u00e9 claro, sustentabilidade.<\/p>\n<p>A ci\u00eancia b\u00e1sica tem um importante papel no desenho do futuro da humanidade. A humanidade, mais do que nunca est\u00e1 em um importante momento hist\u00f3rico de transi\u00e7\u00e3o, de um sistema predat\u00f3rio aos recursos naturais, para uma sociedade mais justa e onde haja respeito e equil\u00edbrios no lidar com os recursos naturais finitos de nosso planeta. Mais do que nunca, devemos permitir que as ci\u00eancias se expandam em todas as dire\u00e7\u00f5es para explorar, investigar e experimentar. Os tempos atuais apresentam \u00e0 humanidade desafios que exigem a\u00e7\u00f5es para al\u00e9m da multidisciplinaridade, incluindo os saberes dos povos origin\u00e1rios que convivem em harmonia com o planeta. Eles exigem uma abordagem transdisciplinar que colabore conhecimento cient\u00edfico, pol\u00edtica, din\u00e2mica de neg\u00f3cios e sabedoria ancestral para solu\u00e7\u00f5es.<\/p>\n<p>Viva as ci\u00eancias b\u00e1sicas! Repensemos o \u201cpara onde estamos indo\u201d!<\/p>\n<p>&nbsp;<\/p>\n<h6 id=\"capa-ciencia-e-fundamental-para-o-desenvolvimento-sustentavel-e-o-combate-as-desigualdadesfoto-por-freepik-com-reproducao\"><strong>Capa. Ci\u00eancia \u00e9 fundamental para o desenvolvimento sustent\u00e1vel e o combate \u00e0s desigualdades<br \/>\n<\/strong>(Foto por <a href=\"Freepik.com\">Freepik.com<\/a>. Reprodu\u00e7\u00e3o)<\/h6>\n<hr \/>\n<h6 id=\"foguel-debora-e-artaxo-paulo-ciencia-movida-pela-curiosidade-porque-somos-humanos-as-ciencias-abriram-caminho-para-descobertas-fundamentais-e-revolucoes-tecnologicas-que-continu\"><span style=\"color: #808080;\">FOGUEL, D\u00e9bora \u00a0e\u00a0 ARTAXO, Paulo.<span class=\"article-title\">\u00a0Ci\u00eancia movida pela curiosidade: porque somos humanos!: As ci\u00eancias abriram caminho para descobertas fundamentais e revolu\u00e7\u00f5es tecnol\u00f3gicas que continuamente remodelam o mundo em que vivemos.<\/span><i>\u00a0Cienc. Cult.<\/i>\u00a0[online]. 2023, vol.75, n.2 [citado\u00a0 2023-10-16], pp.01-03. Dispon\u00edvel em: &lt;http:\/\/cienciaecultura.bvs.br\/scielo.php?script=sci_arttext&amp;pid=S0009-67252023000200001&amp;lng=pt&amp;nrm=iso&gt;. ISSN 0009-6725.\u00a0 http:\/\/dx.doi.org\/10.5935\/2317-6660.20230017.<\/span><\/h6>\n<hr \/>\n<p>&nbsp;<\/p>\n","protected":false},"excerpt":{"rendered":"As ci\u00eancias abriram caminho para descobertas fundamentais e revolu\u00e7\u00f5es tecnol\u00f3gicas que continuamente&hellip;\n","protected":false},"author":95,"featured_media":4240,"comment_status":"open","ping_status":"open","sticky":false,"template":"","format":"standard","meta":[],"categories":[52,21],"tags":[],"acf":[],"_links":{"self":[{"href":"https:\/\/revistacienciaecultura.org.br\/index.php?rest_route=\/wp\/v2\/posts\/4239"}],"collection":[{"href":"https:\/\/revistacienciaecultura.org.br\/index.php?rest_route=\/wp\/v2\/posts"}],"about":[{"href":"https:\/\/revistacienciaecultura.org.br\/index.php?rest_route=\/wp\/v2\/types\/post"}],"author":[{"embeddable":true,"href":"https:\/\/revistacienciaecultura.org.br\/index.php?rest_route=\/wp\/v2\/users\/95"}],"replies":[{"embeddable":true,"href":"https:\/\/revistacienciaecultura.org.br\/index.php?rest_route=%2Fwp%2Fv2%2Fcomments&post=4239"}],"version-history":[{"count":3,"href":"https:\/\/revistacienciaecultura.org.br\/index.php?rest_route=\/wp\/v2\/posts\/4239\/revisions"}],"predecessor-version":[{"id":4920,"href":"https:\/\/revistacienciaecultura.org.br\/index.php?rest_route=\/wp\/v2\/posts\/4239\/revisions\/4920"}],"wp:featuredmedia":[{"embeddable":true,"href":"https:\/\/revistacienciaecultura.org.br\/index.php?rest_route=\/wp\/v2\/media\/4240"}],"wp:attachment":[{"href":"https:\/\/revistacienciaecultura.org.br\/index.php?rest_route=%2Fwp%2Fv2%2Fmedia&parent=4239"}],"wp:term":[{"taxonomy":"category","embeddable":true,"href":"https:\/\/revistacienciaecultura.org.br\/index.php?rest_route=%2Fwp%2Fv2%2Fcategories&post=4239"},{"taxonomy":"post_tag","embeddable":true,"href":"https:\/\/revistacienciaecultura.org.br\/index.php?rest_route=%2Fwp%2Fv2%2Ftags&post=4239"}],"curies":[{"name":"wp","href":"https:\/\/api.w.org\/{rel}","templated":true}]}}