{"id":4282,"date":"2023-06-14T08:00:09","date_gmt":"2023-06-14T08:00:09","guid":{"rendered":"https:\/\/revistacienciaecultura.org.br\/?p=4282"},"modified":"2023-06-13T13:01:17","modified_gmt":"2023-06-13T13:01:17","slug":"ciencia-e-seguranca-alimentar","status":"publish","type":"post","link":"https:\/\/revistacienciaecultura.org.br\/?p=4282","title":{"rendered":"Ci\u00eancia e seguran\u00e7a alimentar"},"content":{"rendered":"<h4 id=\"brasil-sabe-como-debelar-a-fome-e-ciencia-e-fundamental-para-alcancar-essa-meta\"><span style=\"color: #808080;\">Brasil sabe como debelar a fome \u2013 e ci\u00eancia \u00e9 fundamental para alcan\u00e7ar essa meta<\/span><\/h4>\n<p>&nbsp;<\/p>\n<p>Hoje, mais de 33 milh\u00f5es de pessoas n\u00e3o t\u00eam o que comer diariamente no Brasil, segundo dados da Rede Brasileira de Pesquisa em Soberania e Seguran\u00e7a Alimentar e Nutricional (REDE PENSSAN). O n\u00famero \u00e9 quase o dobro do estimado em 2020 e representa 14 milh\u00f5es de pessoas a mais passando fome no pa\u00eds. Nesse cen\u00e1rio, a ci\u00eancia \u00e9 fundamental para oferecer solu\u00e7\u00f5es \u2013 tanto sociais, como econ\u00f4micas e at\u00e9 mesmo de produ\u00e7\u00e3o. Esse \u00e9 o tema discutido no \u00faltimo epis\u00f3dio do <span style=\"color: #800000;\"><strong><a style=\"color: #800000;\" href=\"https:\/\/revistacienciaecultura.org.br\/?cat=4\">Ci\u00eancia &amp; Cultura Cast<\/a><\/strong><\/span>, o podcast da revista <span style=\"color: #800000;\"><strong><a style=\"color: #800000;\" href=\"https:\/\/revistacienciaecultura.org.br\/\">Ci\u00eancia &amp; Cultura<\/a><\/strong><\/span>, que nesta edi\u00e7\u00e3o trata do tema \u201cCi\u00eancia b\u00e1sica para o desenvolvimento sustent\u00e1vel\u201d.<\/p>\n<p>Apesar da pandemia ter contribu\u00eddo significativamente para essa elevada alta que colocou o Brasil de volta ao Mapa da Fome da <span style=\"color: #800000;\"><strong><a style=\"color: #800000;\" href=\"https:\/\/brasil.un.org\/pt-br\">Organiza\u00e7\u00e3o das Na\u00e7\u00f5es Unidas (ONU)<\/a><\/strong> <\/span>\u2013 de onde havia sa\u00eddo em 2014 \u2013 a fome n\u00e3o \u00e9 consequ\u00eancia da covid-19. Segundo a economista Nathalie Beghin, integrante do colegiado de Gest\u00e3o do <span style=\"color: #800000;\"><strong><a style=\"color: #800000;\" href=\"https:\/\/www.googleadservices.com\/pagead\/aclk?sa=L&amp;ai=DChcSEwi9pJruoLb_AhVDJ9QBHUfUB0kYABAAGgJvYQ&amp;ohost=www.google.com&amp;cid=CAESauD2gBvjHw_yDxiJqguTIoDnOilzHs1vgeKslcK916HgWswvmZSoHZ2vkPwPwVOkqMqtcDaZPtzFMHQYgM0ZwgLZGaoCgJlMDGFSM2F5OJ258FDSQ8_fZ1ckRZeP7zPHt2elbTc-7TaAVxo&amp;sig=AOD64_1umH3z8i4G_VQc35uNHkl1bFWhLA&amp;q&amp;adurl&amp;ved=2ahUKEwjz6IzuoLb_AhUOspUCHaS4Cg8Q0Qx6BAgIEAE\">Instituto de Estudos Socioecon\u00f4micos<\/a><\/strong> <\/span>(Inesc), a pandemia de covid-19 impactou e acirrou a situa\u00e7\u00e3o de pobreza e fome, mas crise que vivemos \u00e9 anterior a ela. Para a pesquisadora, os impactos do desmonte das pol\u00edticas de seguran\u00e7a alimentar e nutricional s\u00e3o agravados pelos efeitos da forma de produzir e consumir alimentos no Brasil que apresentam graves consequ\u00eancias na sa\u00fade das pessoas, no meio ambiente e nas mudan\u00e7as clim\u00e1ticas.\u00a0\u201cPrecisamos mudar muito a forma como produzimos e consumimos alimento, porque o modelo atual \u2013 que \u00e9 um modelo baseado na exporta\u00e7\u00e3o de commodities \u2013 \u00e9 um modelo que adoece a popula\u00e7\u00e3o. Ele contribui para aumentar o desmatamento, para expulsar do campo o agricultor familiar, que \u00e9 quem produz o alimento b\u00e1sico, para desvirtuar h\u00e1bitos alimentares culturalmente enraizados\u201d, afirma.<\/p>\n<p>Por outro lado, a boa not\u00edcia \u00e9 que sabemos como fazer para enfrentar esta quest\u00e3o. \u201cConseguiremos sair com uma certa velocidade dessa situa\u00e7\u00e3o porque a gente j\u00e1 sabe como fazer\u201d, aponta Beghin. Segundo a pesquisadora, a fome \u00e9 um problema multicausal decorrente da insufici\u00eancia de renda, da dificuldade de acessar alimentos de qualidade e em quantidades suficientes, e, de processos discriminat\u00f3rios, como o racismo e o patriarcado, que penalizam mulheres, pessoas negras, povos ind\u00edgenas, comunidades tradicionais e quilombolas, entre outras causas. Assim, o enfrentamento da inseguran\u00e7a alimentar e nutricional requer uma abordagem sist\u00eamica e multissetorial. \u201cAs institui\u00e7\u00f5es est\u00e3o sendo reorganizadas e reestruturadas a partir de uma experi\u00eancia que a gente j\u00e1 teve. Agora precisamos aperfei\u00e7oar\u201d, finaliza.<\/p>\n<p><strong>Ou\u00e7a o epis\u00f3dio completo:<\/strong><\/p>\n<p><iframe title=\"Spotify Embed: Ci\u00eancia e seguran\u00e7a alimentar\" style=\"border-radius: 12px\" width=\"100%\" height=\"152\" frameborder=\"0\" allowfullscreen allow=\"autoplay; clipboard-write; encrypted-media; fullscreen; picture-in-picture\" loading=\"lazy\" src=\"https:\/\/open.spotify.com\/embed\/episode\/1ld6nfY7GGf349HL6IquX1?si=d535e8b1663a48b6&#038;utm_source=oembed\"><\/iframe><\/p>\n","protected":false},"excerpt":{"rendered":"Brasil sabe como debelar a fome \u2013 e ci\u00eancia \u00e9 fundamental para&hellip;\n","protected":false},"author":19,"featured_media":4283,"comment_status":"open","ping_status":"open","sticky":false,"template":"","format":"standard","meta":[],"categories":[4],"tags":[],"acf":[],"_links":{"self":[{"href":"https:\/\/revistacienciaecultura.org.br\/index.php?rest_route=\/wp\/v2\/posts\/4282"}],"collection":[{"href":"https:\/\/revistacienciaecultura.org.br\/index.php?rest_route=\/wp\/v2\/posts"}],"about":[{"href":"https:\/\/revistacienciaecultura.org.br\/index.php?rest_route=\/wp\/v2\/types\/post"}],"author":[{"embeddable":true,"href":"https:\/\/revistacienciaecultura.org.br\/index.php?rest_route=\/wp\/v2\/users\/19"}],"replies":[{"embeddable":true,"href":"https:\/\/revistacienciaecultura.org.br\/index.php?rest_route=%2Fwp%2Fv2%2Fcomments&post=4282"}],"version-history":[{"count":2,"href":"https:\/\/revistacienciaecultura.org.br\/index.php?rest_route=\/wp\/v2\/posts\/4282\/revisions"}],"predecessor-version":[{"id":4285,"href":"https:\/\/revistacienciaecultura.org.br\/index.php?rest_route=\/wp\/v2\/posts\/4282\/revisions\/4285"}],"wp:featuredmedia":[{"embeddable":true,"href":"https:\/\/revistacienciaecultura.org.br\/index.php?rest_route=\/wp\/v2\/media\/4283"}],"wp:attachment":[{"href":"https:\/\/revistacienciaecultura.org.br\/index.php?rest_route=%2Fwp%2Fv2%2Fmedia&parent=4282"}],"wp:term":[{"taxonomy":"category","embeddable":true,"href":"https:\/\/revistacienciaecultura.org.br\/index.php?rest_route=%2Fwp%2Fv2%2Fcategories&post=4282"},{"taxonomy":"post_tag","embeddable":true,"href":"https:\/\/revistacienciaecultura.org.br\/index.php?rest_route=%2Fwp%2Fv2%2Ftags&post=4282"}],"curies":[{"name":"wp","href":"https:\/\/api.w.org\/{rel}","templated":true}]}}