{"id":4302,"date":"2023-06-14T07:30:30","date_gmt":"2023-06-14T07:30:30","guid":{"rendered":"https:\/\/revistacienciaecultura.org.br\/?p=4302"},"modified":"2023-06-13T20:10:04","modified_gmt":"2023-06-13T20:10:04","slug":"relator-da-onu-pede-rejeicao-do-marco-temporal-das-terras-indigenas-no-brasil","status":"publish","type":"post","link":"https:\/\/revistacienciaecultura.org.br\/?p=4302","title":{"rendered":"Relator da ONU pede rejei\u00e7\u00e3o do Marco Temporal das terras ind\u00edgenas no Brasil"},"content":{"rendered":"<h4 id=\"especialista-em-direitos-dos-povos-indigenas-disse-que-a-tese-coloca-em-risco-todos-os-territorios-indigenas-do-pais\"><span style=\"color: #808080;\">Especialista em Direitos dos Povos Ind\u00edgenas disse que a tese coloca em risco todos os territ\u00f3rios ind\u00edgenas do pa\u00eds<\/span><\/h4>\n<p>&nbsp;<\/p>\n<p>O relator especial da ONU* sobre Direitos dos Povos Ind\u00edgenas, Jos\u00e9 Francisco Cal\u00ed Tzay, pediu que o Supremo Tribunal Federal do Brasil, STF, n\u00e3o aplique a doutrina do \u201cMarco Temporal\u201d.<\/p>\n<p>De acordo com ele, a valida\u00e7\u00e3o da tese pode \u201ccolocar todas as 1.393 terras ind\u00edgenas sob amea\u00e7a direta\u201d no pa\u00eds.<\/p>\n<h4 id=\"reconhecimento-limitado\"><strong>Reconhecimento limitado<\/strong><\/h4>\n<p>O relator pede ao STF que \u201cdecida em conson\u00e2ncia com as normas internacionais existentes de Direitos dos Povos Ind\u00edgenas.\u201d<\/p>\n<p>Ele tamb\u00e9m solicitou ao Senado brasileiro a rejei\u00e7\u00e3o do projeto 490\/07, que pretende estabelecer o Marco Temporal como lei.<\/p>\n<p>Cal\u00ed Tzay afirmou que o Marco Temporal limita o reconhecimento dos territ\u00f3rios ancestrais dos povos ind\u00edgenas apenas \u00e0s terras que eles ocupavam no dia da promulga\u00e7\u00e3o da Constitui\u00e7\u00e3o, em 5 de outubro de 1988.<\/p>\n<p>Ele ressalta que o per\u00edodo entre 1945 e 1988 foi marcado por \u201cgrande turbul\u00eancia pol\u00edtica e viola\u00e7\u00f5es generalizadas dos direitos humanos no Brasil, incluindo a ditadura\u201d. Como consequ\u00eancia, muitos povos ind\u00edgenas foram \u201cviolentamente expulsos\u201d de suas terras.<\/p>\n<h2 id=\"\"><\/h2>\n<h4 id=\"tese-amplamente-contestada\"><strong>Tese \u201camplamente contestada\u201d<\/strong><\/h4>\n<p>De acordo com o relator especial, a doutrina do Marco Temporal teria sido usada para anular processos administrativos de demarca\u00e7\u00e3o de terras ind\u00edgenas, como no caso da Comunidade Guayaroka dos povos ind\u00edgenas Guarani Kaiow\u00e1.<\/p>\n<p>O relator ressalta que a tese foi \u201camplamente contestada por organismos internacionais, povos ind\u00edgenas e defensores dos direitos humanos\u201d.<\/p>\n<p>Agora, o Supremo Tribunal Federal est\u00e1 diante de um caso relacionado ao povo ind\u00edgena Xokleng, do estado de Santa Catarina. A a\u00e7\u00e3o tramita na justi\u00e7a desde 2021, a partir de recurso da Funda\u00e7\u00e3o Nacional do \u00cdndio, Funai.<\/p>\n<p>O julgamento pode afetar mais de 300 processos pendentes de demarca\u00e7\u00e3o de terras ind\u00edgenas no pa\u00eds.<\/p>\n<h4 id=\"-2\"><\/h4>\n<h4 id=\"reparacao-historica\"><strong>Repara\u00e7\u00e3o hist\u00f3rica<\/strong><\/h4>\n<p>O relator especial disse estar tamb\u00e9m \u201cmuito preocupado\u201d com a aprova\u00e7\u00e3o, em 30 de maio, pela C\u00e2mara dos Deputados do Brasil do projeto de lei 490\/07.<\/p>\n<p>Ele afirma que o texto pode \u201cobstruir o processo de demarca\u00e7\u00e3o e expor os povos ind\u00edgenas a conflitos, contamina\u00e7\u00e3o relacionada \u00e0 minera\u00e7\u00e3o, escalada de viol\u00eancia e amea\u00e7as aos seus direitos sociais e culturais\u201d.<\/p>\n<p>Cal\u00ed Tzay considera que a ado\u00e7\u00e3o do Marco Temporal \u00e9 \u201ccontr\u00e1ria aos padr\u00f5es internacionais\u201d.<\/p>\n<p>Segundo o especialista, o foco do governo brasileiro deve ser em \u201crepara\u00e7\u00f5es hist\u00f3ricas para os povos ind\u00edgenas\u201d e em \u201cevitar a perpetua\u00e7\u00e3o de mais injusti\u00e7as\u201d.<\/p>\n<p>*Os relatores de direitos humanos s\u00e3o independentes das Na\u00e7\u00f5es Unidas e n\u00e3o recebem sal\u00e1rio pelo seu trabalho.<\/p>\n<p><span style=\"color: #808080;\"><em>Com informa\u00e7\u00f5es da <a style=\"color: #808080;\" href=\"https:\/\/news.un.org\/\" target=\"_blank\" rel=\"noopener\">ONU News<\/a><\/em><\/span><\/p>\n<p>&nbsp;<\/p>\n<h6 id=\"capa-foto-por-marcelo-camargo-agencia-brasil-reproducao\">Capa. Foto por Marcelo Camargo\/Ag\u00eancia Brasil. Reprodu\u00e7\u00e3o<\/h6>\n","protected":false},"excerpt":{"rendered":"Especialista em Direitos dos Povos Ind\u00edgenas disse que a tese coloca em&hellip;\n","protected":false},"author":19,"featured_media":4020,"comment_status":"open","ping_status":"open","sticky":false,"template":"","format":"standard","meta":[],"categories":[1,2],"tags":[],"acf":[],"_links":{"self":[{"href":"https:\/\/revistacienciaecultura.org.br\/index.php?rest_route=\/wp\/v2\/posts\/4302"}],"collection":[{"href":"https:\/\/revistacienciaecultura.org.br\/index.php?rest_route=\/wp\/v2\/posts"}],"about":[{"href":"https:\/\/revistacienciaecultura.org.br\/index.php?rest_route=\/wp\/v2\/types\/post"}],"author":[{"embeddable":true,"href":"https:\/\/revistacienciaecultura.org.br\/index.php?rest_route=\/wp\/v2\/users\/19"}],"replies":[{"embeddable":true,"href":"https:\/\/revistacienciaecultura.org.br\/index.php?rest_route=%2Fwp%2Fv2%2Fcomments&post=4302"}],"version-history":[{"count":2,"href":"https:\/\/revistacienciaecultura.org.br\/index.php?rest_route=\/wp\/v2\/posts\/4302\/revisions"}],"predecessor-version":[{"id":4304,"href":"https:\/\/revistacienciaecultura.org.br\/index.php?rest_route=\/wp\/v2\/posts\/4302\/revisions\/4304"}],"wp:featuredmedia":[{"embeddable":true,"href":"https:\/\/revistacienciaecultura.org.br\/index.php?rest_route=\/wp\/v2\/media\/4020"}],"wp:attachment":[{"href":"https:\/\/revistacienciaecultura.org.br\/index.php?rest_route=%2Fwp%2Fv2%2Fmedia&parent=4302"}],"wp:term":[{"taxonomy":"category","embeddable":true,"href":"https:\/\/revistacienciaecultura.org.br\/index.php?rest_route=%2Fwp%2Fv2%2Fcategories&post=4302"},{"taxonomy":"post_tag","embeddable":true,"href":"https:\/\/revistacienciaecultura.org.br\/index.php?rest_route=%2Fwp%2Fv2%2Ftags&post=4302"}],"curies":[{"name":"wp","href":"https:\/\/api.w.org\/{rel}","templated":true}]}}