{"id":4316,"date":"2023-06-20T07:30:35","date_gmt":"2023-06-20T07:30:35","guid":{"rendered":"https:\/\/revistacienciaecultura.org.br\/?p=4316"},"modified":"2023-06-19T19:44:51","modified_gmt":"2023-06-19T19:44:51","slug":"eleicoes-na-sbpc-2023-votacao-encerra-hoje","status":"publish","type":"post","link":"https:\/\/revistacienciaecultura.org.br\/?p=4316","title":{"rendered":"Elei\u00e7\u00f5es na SBPC 2023: vota\u00e7\u00e3o encerra hoje"},"content":{"rendered":"<h4 id=\"socios-ativos-tem-ate-as-23h-desta-segunda-feira-19-de-junho-para-votar-nos-cargos-da-diretoria-conselho-e-secretarias-regionais-da-sbpc-veja-as-propostas-e-garanta-sua-participacao\"><span style=\"color: #808080;\">S\u00f3cios ativos t\u00eam at\u00e9 \u00e0s 23h desta segunda-feira, 19 de junho, para votar nos cargos da Diretoria, Conselho e Secretarias Regionais da SBPC.\u00a0Veja as propostas e garanta sua participa\u00e7\u00e3o!<\/span><\/h4>\n<p>&nbsp;<\/p>\n<p>A SBPC encerra hoje, 19 de junho, \u00e0s 23h, o processo de vota\u00e7\u00e3o das Elei\u00e7\u00f5es 2023 para os cargos da Diretoria (bi\u00eanio 2023-2025), parte do Conselho (quadri\u00eanio 2023-2027) e das Secretarias Regionais (bi\u00eanio 2023-2025). As vota\u00e7\u00f5es est\u00e3o em curso desde 29 de maio.<\/p>\n<p>Como em elei\u00e7\u00f5es anteriores, os candidatos puderam enviar um texto resumido (de at\u00e9 5.000 caracteres) com a apresenta\u00e7\u00e3o de sua proposta de trabalho para o cargo a que est\u00e1 se candidatando. As propostas recebidas est\u00e3o dispon\u00edveis aos s\u00f3cios na p\u00e1gina das elei\u00e7\u00f5es:\u00a0<span style=\"color: #800000;\"><strong><a style=\"color: #800000;\" href=\"http:\/\/portal.sbpcnet.org.br\/eleicoes-2023\/\" target=\"_blank\" rel=\"noopener\">http:\/\/portal.sbpcnet.org.br\/eleicoes-2023\/<\/a><\/strong><\/span>\u00a0e todas foram publicadas no JC Not\u00edcias (que todos os s\u00f3cios ativos recebem).<\/p>\n<p>Os documentos foram divulgados por ordem de recebimento.<\/p>\n<p>Foram encaminhadas para todos os s\u00f3cios ativos as instru\u00e7\u00f5es sobre a vota\u00e7\u00e3o. A recomenda\u00e7\u00e3o para os s\u00f3cios que ainda n\u00e3o votaram \u00e9 que n\u00e3o deixem de participar dessas elei\u00e7\u00f5es e divulguem aos seus colegas que a vota\u00e7\u00e3o est\u00e1 em vias de se encerrar.<\/p>\n<p>Est\u00e3o aptos a votar os s\u00f3cios ativos, ou seja, aqueles que tenham sido admitidos at\u00e9 o dia 15 de mar\u00e7o de 2023 e que tenham quitado a anuidade referente a 2023 e\/ou 2022 at\u00e9 o dia 24 de maio.<\/p>\n<p>As circulares anteriores, a lista de todos os candidatos aos diversos cargos, bem como seus curr\u00edculos resumidos tamb\u00e9m podem ser acessados na\u00a0<span style=\"color: #800000;\"><strong><a style=\"color: #800000;\" href=\"http:\/\/portal.sbpcnet.org.br\/eleicoes-2023\/\" target=\"_blank\" rel=\"noopener\">p\u00e1gina das elei\u00e7\u00f5es<\/a><\/strong><\/span>.<\/p>\n<p>O sistema utilizado no processo de vota\u00e7\u00e3o deste ano ser\u00e1 uma vers\u00e3o do\u00a0Helios Voting, cedida pela Universidade de S\u00e3o Paulo (USP). O sistema \u00e9 amplamente utilizado por grandes organiza\u00e7\u00f5es, incluindo sociedades cient\u00edficas e profissionais, al\u00e9m de in\u00fameras Institui\u00e7\u00f5es de Ensino Superior, e \u00e9 dotado de um mecanismo altamente seguro de computa\u00e7\u00e3o e apura\u00e7\u00e3o eletr\u00f4nicas dos votos, que s\u00e3o criptografados antes de serem enviados pela rede. Os s\u00f3cios podem verificar o passo a passo para vota\u00e7\u00e3o neste\u00a0<span style=\"color: #800000;\"><strong><a style=\"color: #800000;\" href=\"https:\/\/youtu.be\/tQfnflJPjOE\" target=\"_blank\" rel=\"noopener\">v\u00eddeo<\/a><\/strong><\/span>\u00a0ou por meio deste documento em\u00a0<span style=\"color: #800000;\"><strong><a style=\"color: #800000;\" href=\"http:\/\/portal.sbpcnet.org.br\/wp-content\/uploads\/2023\/05\/Passo-a-passo-vota%C3%A7ao-eleicoes-2023.pdf\" target=\"_blank\" rel=\"noopener\">PDF<\/a><\/strong><\/span>.<\/p>\n<p><span style=\"color: #800000;\"><strong><a style=\"color: #800000;\" href=\"http:\/\/portal.sbpcnet.org.br\/eleicoes-2023\/propostas-de-trabalho\/\" target=\"_blank\" rel=\"noopener\">Veja as propostas e participe das elei\u00e7\u00f5es!<\/a><\/strong><\/span><\/p>\n<p>Participe! A for\u00e7a da SBPC reside nesta participa\u00e7\u00e3o e na atua\u00e7\u00e3o ativa de todos os s\u00f3cios.<\/p>\n<p>Mais informa\u00e7\u00f5es est\u00e3o dispon\u00edveis no site da SBPC:\u00a0<span style=\"color: #800000;\"><strong><a style=\"color: #800000;\" href=\"http:\/\/portal.sbpcnet.org.br\/eleicoes-2023\/\" target=\"_blank\" rel=\"noopener\">http:\/\/portal.sbpcnet.org.br\/eleicoes-2023\/<\/a><\/strong><\/span><\/p>\n<p><span style=\"color: #808080;\"><a style=\"color: #808080;\" href=\"http:\/\/www.jornaldaciencia.org.br\/\" target=\"_blank\" rel=\"noopener\"><em>Jornal da Ci\u00eancia<\/em><\/a><\/span><\/p>\n","protected":false},"excerpt":{"rendered":"S\u00f3cios ativos t\u00eam at\u00e9 \u00e0s 23h desta segunda-feira, 19 de junho, para&hellip;\n","protected":false},"author":19,"featured_media":4212,"comment_status":"open","ping_status":"open","sticky":false,"template":"","format":"standard","meta":[],"categories":[1,2],"tags":[],"acf":[],"_links":{"self":[{"href":"https:\/\/revistacienciaecultura.org.br\/index.php?rest_route=\/wp\/v2\/posts\/4316"}],"collection":[{"href":"https:\/\/revistacienciaecultura.org.br\/index.php?rest_route=\/wp\/v2\/posts"}],"about":[{"href":"https:\/\/revistacienciaecultura.org.br\/index.php?rest_route=\/wp\/v2\/types\/post"}],"author":[{"embeddable":true,"href":"https:\/\/revistacienciaecultura.org.br\/index.php?rest_route=\/wp\/v2\/users\/19"}],"replies":[{"embeddable":true,"href":"https:\/\/revistacienciaecultura.org.br\/index.php?rest_route=%2Fwp%2Fv2%2Fcomments&post=4316"}],"version-history":[{"count":1,"href":"https:\/\/revistacienciaecultura.org.br\/index.php?rest_route=\/wp\/v2\/posts\/4316\/revisions"}],"predecessor-version":[{"id":4317,"href":"https:\/\/revistacienciaecultura.org.br\/index.php?rest_route=\/wp\/v2\/posts\/4316\/revisions\/4317"}],"wp:featuredmedia":[{"embeddable":true,"href":"https:\/\/revistacienciaecultura.org.br\/index.php?rest_route=\/wp\/v2\/media\/4212"}],"wp:attachment":[{"href":"https:\/\/revistacienciaecultura.org.br\/index.php?rest_route=%2Fwp%2Fv2%2Fmedia&parent=4316"}],"wp:term":[{"taxonomy":"category","embeddable":true,"href":"https:\/\/revistacienciaecultura.org.br\/index.php?rest_route=%2Fwp%2Fv2%2Fcategories&post=4316"},{"taxonomy":"post_tag","embeddable":true,"href":"https:\/\/revistacienciaecultura.org.br\/index.php?rest_route=%2Fwp%2Fv2%2Ftags&post=4316"}],"curies":[{"name":"wp","href":"https:\/\/api.w.org\/{rel}","templated":true}]}}