{"id":4318,"date":"2023-06-21T07:30:34","date_gmt":"2023-06-21T07:30:34","guid":{"rendered":"https:\/\/revistacienciaecultura.org.br\/?p=4318"},"modified":"2023-06-20T19:13:30","modified_gmt":"2023-06-20T19:13:30","slug":"renato-janine-ribeiro-e-reeleito-presidente-da-sbpc-e-diretoria-mantem-maioria-feminina","status":"publish","type":"post","link":"https:\/\/revistacienciaecultura.org.br\/?p=4318","title":{"rendered":"Renato Janine Ribeiro \u00e9 reeleito presidente da SBPC e Diretoria mant\u00e9m maioria feminina"},"content":{"rendered":"<h4 id=\"sbpc-divulga-resultados-das-eleicoes-para-diretoria-parte-do-conselho-e-secretarias-regionais-processo-se-encerrou-nessa-segunda-feira-19-de-junho-apos-3-semanas-de-votacoes-online\"><span style=\"color: #808080;\">SBPC divulga resultados das elei\u00e7\u00f5es para Diretoria, parte do Conselho e Secretarias Regionais. Processo se encerrou nessa segunda-feira, 19 de junho, ap\u00f3s 3 semanas de vota\u00e7\u00f5es online.<\/span><\/h4>\n<p>&nbsp;<\/p>\n<p>A Sociedade Brasileira para o Progresso da Ci\u00eancia (SBPC) acaba de anunciar o resultado das elei\u00e7\u00f5es de 2023, e o fil\u00f3sofo, professor titular da USP e ex-ministro da Educa\u00e7\u00e3o,\u00a0<strong>Renato Janine Ribeiro<\/strong>, foi reeleito para a Presid\u00eancia da institui\u00e7\u00e3o. Ao conduzir a entidade em um per\u00edodo crucial para o avan\u00e7o cient\u00edfico no pa\u00eds, o presidente da SBPC conquistou a confian\u00e7a dos s\u00f3cios com 1.889 votos para mais um mandato de dois anos, que se estender\u00e1 de julho de 2023 a julho de 2025.<\/p>\n<p>Ao lado de Janine Ribeiro,\u00a0<strong>Francilene Proc\u00f3pio Garcia<\/strong>, professora e pesquisadora da Universidade Federal de Campina Grande (UFCG), e\u00a0<strong>Paulo Artaxo<\/strong>, professor titular do Instituto de F\u00edsica da USP, foram eleitos vice-presidentes. Garcia passa da Secretaria da entidade \u00e0 Vice-Presid\u00eancia, tendo recebido 1.533 votos. Com 1.238 votos, por sua vez, Artaxo ser\u00e1 reconduzido ao cargo que ocupa desde 2021.<\/p>\n<p>A participa\u00e7\u00e3o dos s\u00f3cios da SBPC foi destaque destas elei\u00e7\u00f5es, com um \u00edndice de envolvimento de mais de 63%, superando o processo eleitoral anterior. A vota\u00e7\u00e3o para a renova\u00e7\u00e3o da Diretoria, parte do Conselho e Secretarias Regionais contou com uma ampla ades\u00e3o, refletindo o interesse crescente dos s\u00f3cios em contribuir para o desenvolvimento da ci\u00eancia no Pa\u00eds.<\/p>\n<p>Para a Diretoria, 1.994 s\u00f3cios votaram (65,38% dos 3.050 aptos a votar). J\u00e1 para o Conselho, 1.899 s\u00f3cios participaram (62,26% dos 3.050 aptos) e para as Secretarias Regionais, foram 1.879 s\u00f3cios votantes (63,80% dos 2945 aptos a votar).<\/p>\n<p>Uma conquista not\u00e1vel da SBPC \u00e9 a manuten\u00e7\u00e3o da composi\u00e7\u00e3o majoritariamente feminina de sua Diretoria. Sete mulheres cientistas foram eleitas para cargos-chave, destacando a import\u00e2ncia da representatividade no campo cient\u00edfico.<\/p>\n<p>Al\u00e9m de Francilene Proc\u00f3pio Garcia,\u00a0<strong>Claudia Linhares Sales<\/strong>, professora titular da Universidade Federal do Cear\u00e1 (UFC), foi reeleita secret\u00e1ria-geral com 1.861 votos, consolidando seu papel fundamental na gest\u00e3o da SBPC. As tr\u00eas vagas da Secretaria foram preenchidas por\u00a0<strong>Marilene Corr\u00eaa da Silva Freitas<\/strong>, professora titular da Universidade Federal do Amazonas (1.597 votos), que chega pela primeira vez ao quadro de diretores da entidade,\u00a0<strong>Fernanda Sobral<\/strong>, professora em\u00e9rita da Universidade de Bras\u00edlia (UnB), que deixa o cargo de vice-presidente da SBPC ap\u00f3s duas gest\u00f5es (1.425 votos), e\u00a0<strong>Laila Salmen Esp\u00edndola<\/strong>, professora da UnB (1.320 votos), que foi reeleita.<\/p>\n<p>As duas vagas de Tesoureiros foram mantidas por\u00a0<strong>Marim\u00e9lia Porcionatto<\/strong>, professora e vice-diretora da Escola Paulista de Medicina da Universidade Federal de S\u00e3o Paulo (1.823), e\u00a0<strong>Ana Tereza de Vasconcelos<\/strong>, pesquisadora do Laborat\u00f3rio Nacional de Computa\u00e7\u00e3o Cient\u00edfica (1.824).<\/p>\n<p>A Comiss\u00e3o Eleitoral, presidida por Anderson Gomes, ressaltou a transpar\u00eancia e a seguran\u00e7a do novo sistema de vota\u00e7\u00e3o utilizado nas elei\u00e7\u00f5es. Segundo Gomes, gra\u00e7as \u00e0 vers\u00e3o do Helios Voting, cedida pela Universidade de S\u00e3o Paulo (USP), foi poss\u00edvel garantir a integridade dos votos por meio de criptografia e realizar a apura\u00e7\u00e3o eletr\u00f4nica de forma precisa e confi\u00e1vel. \u201cO sistema \u00e9 amplamente utilizado por grandes organiza\u00e7\u00f5es, incluindo sociedades cient\u00edficas e profissionais, al\u00e9m de in\u00fameras Institui\u00e7\u00f5es de Ensino Superior, e \u00e9 dotado de um mecanismo altamente seguro de computa\u00e7\u00e3o e apura\u00e7\u00e3o eletr\u00f4nicas dos votos\u201d, disse.<\/p>\n<p>Gomes tamb\u00e9m ressaltou o engajamento dos s\u00f3cios, que demonstraram o interesse e a preocupa\u00e7\u00e3o com o futuro da SBPC e do desenvolvimento cient\u00edfico do Pa\u00eds, especialmente nesse momento de reconstru\u00e7\u00e3o. \u201cO sistema possibilitou observar que cerca de 65% dos s\u00f3cios votaram para a Diretoria, 62% para o Conselho e 63% para as Secretarias Regionais. Isso mostra que os s\u00f3cios continuar\u00e3o atentos e esperam que a SBPC d\u00ea continuidade ao trabalho desenvolvido.\u201d<\/p>\n<p>O processo de vota\u00e7\u00e3o teve in\u00edcio em 29 de maio e contou com a participa\u00e7\u00e3o dos s\u00f3cios ativos votantes, ou seja, aqueles que estavam em dia com a anuidade referente a 2023 e\/ou 2022 at\u00e9 o dia 24 de maio. A vota\u00e7\u00e3o se encerrou nessa segunda-feira, 19 de junho e a apura\u00e7\u00e3o dos votos ocorreu na manh\u00e3 desta ter\u00e7a-feira, 20.<\/p>\n<h4 id=\"\"><\/h4>\n<h4 id=\"conselho-e-secretarias-regionais\"><strong>Conselho e Secretarias Regionais<\/strong><\/h4>\n<p>Al\u00e9m da elei\u00e7\u00e3o da Diretoria, a SBPC tamb\u00e9m realizou elei\u00e7\u00f5es para renova\u00e7\u00e3o de parte do Conselho e das Secretarias Regionais. O processo seguiu as diretrizes estatut\u00e1rias, com candidaturas regionais em diferentes \u00e1reas do Pa\u00eds. Diversos candidatos concorreram em cada regi\u00e3o, e os eleitos refor\u00e7ar\u00e3o a representatividade e o compromisso da SBPC em promover a ci\u00eancia em todo o territ\u00f3rio brasileiro.<\/p>\n<p>Para os estados que compreendem a \u00e1rea A (Acre, Amazonas, Amap\u00e1, Maranh\u00e3o, Par\u00e1, Rond\u00f4nia, Roraima e Tocantins), em que havia uma vaga em disputa, foi eleito Jos\u00e9 Luiz de Souza Pio.<\/p>\n<p>Nos estados da \u00e1rea B (Alagoas, Bahia, Cear\u00e1, Para\u00edba, Pernambuco, Piau\u00ed, Rio Grande do Norte e Sergipe), dois candidatos concorreram a duas vagas. Os eleitos foram Ros\u00e2ngela Janja Costa Ara\u00fajo e Arm\u00eanio Aguiar dos Santos.<\/p>\n<p>Nos estados da \u00e1rea C, que compreende o Distrito Federal, Goi\u00e1s, Minas Gerais e Mato Grosso, tr\u00eas candidatos concorreram a tr\u00eas vagas. Os eleitos foram Nilma Lino Gomes, Ronaldo Pilati e Marcos Assun\u00e7\u00e3o Pimenta.<\/p>\n<p>Na \u00e1rea D, que engloba os estados Espirito Santo e Rio de Janeiro, oito candidatos concorreram a quatro vagas. Os eleitos foram Luiz Davidovich, Ligia Bahia, Eliane Volchan e Cristina Engel de Alvarez.<\/p>\n<p>Em S\u00e3o Paulo, regi\u00e3o da \u00e1rea E, sete candidatos concorreram a 4 vagas. Os eleitos foram Soraya Smaili, Glaucius Oliva, Angela Kaysel Cruz e Marie Anne Van Sluys.<\/p>\n<p>Para a \u00faltima regi\u00e3o, a \u00e1rea F (Mato Grosso do Sul, Paran\u00e1, Santa Catarina e Rio Grande do Sul), tr\u00eas candidatos concorreram a uma vaga. O eleito foi Andr\u00e9 de \u00c1vila Ramos.<\/p>\n<p>Al\u00e9m dos candidatos acima eleitos, compor\u00e3o o Conselho, como representantes das Sociedades Cient\u00edficas Afiliadas, com mandato de julho de 2023 a julho de 2025:\u00a0<b>Humanas:\u00a0<\/b>Geovana Mendon\u00e7a Lunardi Mendes e\u00a0Marluce Evangelista Carvalho Zacariotti (suplente),\u00a0<b>Biol\u00f3gicas e da Vida:\u00a0<\/b>Eduardo Colombari e\u00a0Fernando Rosado Spilki (suplente), e\u00a0<b>Exatas e Tecnol\u00f3gicas:\u00a0<\/b>Denise Maria Zezell e Eliana Silva de Almeida (suplente).<\/p>\n<p>&nbsp;<\/p>\n<h4 id=\"secretarias-regionais\"><strong>Secretarias Regionais<\/strong><\/h4>\n<p>Foram eleitos candidatos para as 22 Secretarias Regionais. S\u00e3o eles:<\/p>\n<p>&nbsp;<\/p>\n<p><strong>Alagoas<\/strong><\/p>\n<p>Secret\u00e1rio Regional: Vandick da Silva Batista (UFAL)<\/p>\n<p>&nbsp;<\/p>\n<p><strong>Amazonas<\/strong><\/p>\n<p>Secret\u00e1ria Regional: Fernanda de Pinho Werneck (INPA)<\/p>\n<p>Secret\u00e1ria Regional Adjunta: Patr\u00edcia Melchionna Albuquerque (UEA)<\/p>\n<p>&nbsp;<\/p>\n<p><strong>Bahia<\/strong><\/p>\n<p>Secret\u00e1ria Regional: T\u00e2nia Hetkowski (UNEB)<\/p>\n<p>Secret\u00e1ria Regional Adjunta: Salete de F\u00e1tima Noro Cordeiro (UFBA)<\/p>\n<p>&nbsp;<\/p>\n<p><strong>Cear\u00e1<\/strong><\/p>\n<p>Secret\u00e1rio Regional: Cleanto Rog\u00e9rio Rego Fernandes (IFCE)<\/p>\n<p>Secret\u00e1rio Regional Adjunto: Lindberg Lima Gon\u00e7alves (UFC)<\/p>\n<p>&nbsp;<\/p>\n<p><strong>Distrito Federal<\/strong><\/p>\n<p>Secret\u00e1rio Regional: Gilberto Lacerda dos Santos (UnB)<\/p>\n<p>Secret\u00e1rio Regional Adjunto: Luciano Rezende Moreira (IFB Campus Planaltina)<\/p>\n<p>&nbsp;<\/p>\n<p><strong>Goi\u00e1s<\/strong><\/p>\n<p>Secret\u00e1ria Regional: Vanessa Gisele Pasqualotto Severino (UFG)<\/p>\n<p>Secret\u00e1ria Regional Adjunta: M\u00e1rcia Cristina Hizim Pel\u00e1 (UNIFAN)<\/p>\n<p>&nbsp;<\/p>\n<p><strong>Maranh\u00e3o<\/strong><\/p>\n<p>Secret\u00e1ria Regional: Ivone Lopes Lima (UFMA)<\/p>\n<p>Secret\u00e1ria Regional Adjunta: Fl\u00e1via Rebelo Mochel (UFMA)<\/p>\n<p>&nbsp;<\/p>\n<p><strong>Mato Grosso do Sul<\/strong><\/p>\n<p>Secret\u00e1rio Regional: Diogo Borges Provete (UFMS)<\/p>\n<p>Secret\u00e1rio Regional Adjunto: Ivo Leite Filho (UFMS)<\/p>\n<p>&nbsp;<\/p>\n<p><strong>Minas Gerais<\/strong><\/p>\n<p>Secret\u00e1ria Regional: Cristiana Ferreira Alves de Brito (Fiocruz)<\/p>\n<p>Secret\u00e1rio Regional Adjunto: Pedro Luiz Teixeira de Camargo (IFMG)<\/p>\n<p>&nbsp;<\/p>\n<p><strong>Par\u00e1<\/strong><\/p>\n<p>Secret\u00e1ria Regional: Rosa Carmina de Sena Couto (UFPA)<\/p>\n<p>Secret\u00e1rio Regional Adjunto: Jos\u00e9 Guilherme Carvalho da Silva (FASE)<\/p>\n<p>&nbsp;<\/p>\n<p><strong>Para\u00edba<\/strong><\/p>\n<p>Secret\u00e1rio Regional: Diogo Lopes de Oliveira (UFCG)<\/p>\n<p>&nbsp;<\/p>\n<p><strong>Paran\u00e1<\/strong><\/p>\n<p>Secret\u00e1rio Regional: Marcos Cesar Danhoni Neves (UEM\/Maring\u00e1)<\/p>\n<p>Secret\u00e1rio Regional Adjunto: Hugo Valadares Siqueira (UTFPR)<\/p>\n<p>&nbsp;<\/p>\n<p><strong>Pernambuco<\/strong><\/p>\n<p>Secret\u00e1rio Regional: Jos\u00e9 Thadeu Pinheiro (UFPE)<\/p>\n<p>Secret\u00e1rio Regional Adjunto: Ascendino Fl\u00e1vio Dias e Silva (UFPE)<\/p>\n<p>&nbsp;<\/p>\n<p><strong>Piau\u00ed<\/strong><\/p>\n<p>Secret\u00e1ria Regional: Rute Maria Gon\u00e7alves de Andrade (FMHA)<\/p>\n<p>Secret\u00e1ria Regional Adjunta: Ol\u00edvia Cristina Perez (UFPI)<\/p>\n<p>&nbsp;<\/p>\n<p><strong>Rio de Janeiro<\/strong><\/p>\n<p>Secret\u00e1ria Regional: Marta Feij\u00f3 Barroso (UFRJ)<\/p>\n<p>Secret\u00e1rio Regional Adjunto: Thiago Signorini Gon\u00e7alves (Observat\u00f3rio do Valongo)<\/p>\n<p>&nbsp;<\/p>\n<p><strong>Rio Grande do Norte<\/strong><\/p>\n<p>Secret\u00e1ria Regional: Lucymara Fassarella Agnez Lima (UFRN)<\/p>\n<p>Secret\u00e1rio Regional Adjunto: Daniel Chaves de Lima (IFRN)<\/p>\n<p>&nbsp;<\/p>\n<p><strong>Rio Grande do Sul<\/strong><\/p>\n<p>Secret\u00e1ria Regional: Marcia Maria Auxiliadora Naschenveng Pinheiro Margis (UFRGS)<\/p>\n<p>Secret\u00e1ria Regional Adjunta: Angela Terezinha de Souza Wyse (UFRGS)<\/p>\n<p>&nbsp;<\/p>\n<p><strong>Rond\u00f4nia<\/strong><\/p>\n<p>Secret\u00e1rio Regional: Estev\u00e3o Rafael Fernandes (UNIR)<\/p>\n<p>Secret\u00e1ria Regional Adjunta: Dany Roberta Marques Caldeira (IFRO)<\/p>\n<p>&nbsp;<\/p>\n<p><strong>Santa Catarina<\/strong><\/p>\n<p>Secret\u00e1ria Regional: Maria Elisa M\u00e1ximo (Pesquisadora Associada do GrupCiber\/UFSC)<\/p>\n<p>&nbsp;<\/p>\n<p><strong>S\u00e3o Paulo \u2013 SP I<\/strong><\/p>\n<p>Secret\u00e1ria Regional: Giselle Zenker Justo (UNIFESP)<\/p>\n<p>Secret\u00e1ria Regional Adjunta: Marcela Sorelli Carneiro Ramos (UFABC)<\/p>\n<p>&nbsp;<\/p>\n<p><strong>S\u00e3o Paulo \u2013 SP II<\/strong><\/p>\n<p>Secret\u00e1rio Regional: Rodolfo Jardim de Azevedo (UNICAMP)<\/p>\n<p>&nbsp;<\/p>\n<p><strong>S\u00e3o Paulo \u2013 SP III<\/strong><\/p>\n<p>Secret\u00e1ria Regional: Mirlene F\u00e1tima Sim\u00f5es (Unesp\/FCLAr)<\/p>\n<p><strong>\u00a0<\/strong><\/p>\n<p>A SBPC continua sua trajet\u00f3ria de lideran\u00e7a e compromisso com o avan\u00e7o cient\u00edfico do pa\u00eds, e os resultados das elei\u00e7\u00f5es de 2023 confirmam a solidez e a representatividade da institui\u00e7\u00e3o.\u00a0<span style=\"color: #800000;\"><strong><a style=\"color: #800000;\" href=\"http:\/\/portal.sbpcnet.org.br\/eleicoes-2023\/\" target=\"_blank\" rel=\"noopener\">Confira neste link o relat\u00f3rio de apura\u00e7\u00e3o<\/a>.<\/strong><\/span><\/p>\n<p>Os eleitos ser\u00e3o empossados no dia 27 de julho, na Assembleia Geral Ordin\u00e1ria dos S\u00f3cios, que ser\u00e1 realizada durante a 75\u00aa Reuni\u00e3o Anual da SBPC, na Universidade Federal do Paran\u00e1 (UFPR), em Curitiba.<\/p>\n<p><a href=\"http:\/\/www.jornaldaciencia.org.br\/\" target=\"_blank\" rel=\"noopener\"><span style=\"color: #808080;\"><em>Jornal da Ci\u00eancia<\/em><\/span><\/a><\/p>\n","protected":false},"excerpt":{"rendered":"SBPC divulga resultados das elei\u00e7\u00f5es para Diretoria, parte do Conselho e Secretarias&hellip;\n","protected":false},"author":19,"featured_media":4013,"comment_status":"open","ping_status":"open","sticky":false,"template":"","format":"standard","meta":[],"categories":[1,2],"tags":[],"acf":[],"_links":{"self":[{"href":"https:\/\/revistacienciaecultura.org.br\/index.php?rest_route=\/wp\/v2\/posts\/4318"}],"collection":[{"href":"https:\/\/revistacienciaecultura.org.br\/index.php?rest_route=\/wp\/v2\/posts"}],"about":[{"href":"https:\/\/revistacienciaecultura.org.br\/index.php?rest_route=\/wp\/v2\/types\/post"}],"author":[{"embeddable":true,"href":"https:\/\/revistacienciaecultura.org.br\/index.php?rest_route=\/wp\/v2\/users\/19"}],"replies":[{"embeddable":true,"href":"https:\/\/revistacienciaecultura.org.br\/index.php?rest_route=%2Fwp%2Fv2%2Fcomments&post=4318"}],"version-history":[{"count":2,"href":"https:\/\/revistacienciaecultura.org.br\/index.php?rest_route=\/wp\/v2\/posts\/4318\/revisions"}],"predecessor-version":[{"id":4320,"href":"https:\/\/revistacienciaecultura.org.br\/index.php?rest_route=\/wp\/v2\/posts\/4318\/revisions\/4320"}],"wp:featuredmedia":[{"embeddable":true,"href":"https:\/\/revistacienciaecultura.org.br\/index.php?rest_route=\/wp\/v2\/media\/4013"}],"wp:attachment":[{"href":"https:\/\/revistacienciaecultura.org.br\/index.php?rest_route=%2Fwp%2Fv2%2Fmedia&parent=4318"}],"wp:term":[{"taxonomy":"category","embeddable":true,"href":"https:\/\/revistacienciaecultura.org.br\/index.php?rest_route=%2Fwp%2Fv2%2Fcategories&post=4318"},{"taxonomy":"post_tag","embeddable":true,"href":"https:\/\/revistacienciaecultura.org.br\/index.php?rest_route=%2Fwp%2Fv2%2Ftags&post=4318"}],"curies":[{"name":"wp","href":"https:\/\/api.w.org\/{rel}","templated":true}]}}