{"id":4395,"date":"2023-07-06T07:30:24","date_gmt":"2023-07-06T07:30:24","guid":{"rendered":"https:\/\/revistacienciaecultura.org.br\/?p=4395"},"modified":"2023-07-06T17:45:01","modified_gmt":"2023-07-06T17:45:01","slug":"ciencia-cultura-74-anos-divulgando-a-ciencia-no-brasil","status":"publish","type":"post","link":"https:\/\/revistacienciaecultura.org.br\/?p=4395","title":{"rendered":"Ci\u00eancia &#038; Cultura: 74 anos divulgando a ci\u00eancia no Brasil"},"content":{"rendered":"<h4 id=\"com-mais-de-460-publicacoes-revista-e-o-mais-antigo-veiculo-de-divulgacao-cientifica-em-circulacao-no-brasil\"><span style=\"color: #808080;\">Com mais de 460 publica\u00e7\u00f5es, revista \u00e9 o mais antigo ve\u00edculo de divulga\u00e7\u00e3o cient\u00edfica em circula\u00e7\u00e3o no Brasil<\/span><\/h4>\n<p>&nbsp;<\/p>\n<p>Uma revista para falar sobre ci\u00eancia, cultura, e suas in\u00fameras conex\u00f5es com nossas vidas. Essa \u00e9 a <span style=\"color: #800000;\"><strong><a style=\"color: #800000;\" href=\"https:\/\/revistacienciaecultura.org.br\/\">Ci\u00eancia &amp; Cultura<\/a><\/strong><\/span>, revista de divulga\u00e7\u00e3o cient\u00edfica da <span style=\"color: #800000;\"><strong><a style=\"color: #800000;\" href=\"http:\/\/portal.sbpcnet.org.br\/\">Sociedade Brasileira para o Progresso da Ci\u00eancia<\/a><\/strong> <\/span>(SBPC).<\/p>\n<p>Criada em 1949 \u2013 no ano seguinte \u00e0 funda\u00e7\u00e3o da SBPC \u2013 a revista \u00e9 o mais antigo ve\u00edculo de divulga\u00e7\u00e3o cient\u00edfica em circula\u00e7\u00e3o no Brasil. Ela nasceu com o objetivo de difundir o conhecimento cient\u00edfico e promover uma aproxima\u00e7\u00e3o entre cientistas e o p\u00fablico, visando ser \u201caberta n\u00e3o apenas a cientistas, mas a todos os que se interessem pela ci\u00eancia, por suas aplica\u00e7\u00f5es e pelas consequ\u00eancias destas\u201d, conforme se l\u00ea na contracapa de sua primeira edi\u00e7\u00e3o.<\/p>\n<p>A revista <span style=\"color: #800000;\"><strong><a style=\"color: #800000;\" href=\"https:\/\/revistacienciaecultura.org.br\/\">Ci\u00eancia &amp; Cultura<\/a><\/strong><\/span> \u00e9 um marco para a institucionaliza\u00e7\u00e3o da ci\u00eancia no pa\u00eds, n\u00e3o sendo considerada \u201capenas\u201d uma revista, mas um \u00f3rg\u00e3o da SBPC. Com edi\u00e7\u00f5es tem\u00e1ticas, a revista une textos cient\u00edficos, de opini\u00e3o e de divulga\u00e7\u00e3o, e fala tanto para um p\u00fablico especializado quanto para o p\u00fablico em geral. Desta forma ela consegue mostrar perspectivas diferentes sobre diversos assuntos.<\/p>\n<p>&nbsp;<\/p>\n<h4 id=\"historia\"><strong>Hist\u00f3ria<\/strong><\/h4>\n<p>A <span style=\"color: #800000;\"><strong><a style=\"color: #800000;\" href=\"https:\/\/revistacienciaecultura.org.br\/\">Ci\u00eancia &amp; Cultura<\/a><\/strong><\/span>\u00a0foi idealizada por Jos\u00e9 Reis (1907-2002), que a dirigiu de 1949 a 1954 e de 1972 a 1985. Em 1968, ela passa por sua primeira remodela\u00e7\u00e3o, recebendo um tratamento gr\u00e1fico mais art\u00edstico. A partir dos anos 1970, as cr\u00edticas ao regime militar eram frequentes em suas p\u00e1ginas. Nos anos 1990, ocorre uma grande transforma\u00e7\u00e3o: a revista passa a ser publicada integralmente em ingl\u00eas, tornando-se o \u201c<em>Journal of the Brazilian Association for the Advancement of Science<\/em>\u201d. O editorial assinado por Cesar Timo-Iaria justifica que \u201ca vantagem de usar o ingl\u00eas \u00e9 que essa l\u00edngua, falada em pa\u00edses predominantes em escala mundial, desde o fim da Segunda Guerra Mundial, passou a ser a l\u00edngua franca em todos os continentes, e dessa forma intermediando todos os tipos de comunica\u00e7\u00e3o humana, prevalecendo sobre todas as outras l\u00ednguas\u201d. (Figura 1)<\/p>\n<h6 id=\"figura-1-capas-da-revistas-ciencia-cultura-mostram-suas-modificacoes-ao-longo-do-temporeproducao\" style=\"text-align: center;\"><img loading=\"lazy\" class=\"aligncenter wp-image-4398\" src=\"https:\/\/revistacienciaecultura.org.br\/wp-content\/uploads\/2023\/07\/capas-CC-300x196.jpg\" alt=\"\" width=\"500\" height=\"327\" srcset=\"https:\/\/revistacienciaecultura.org.br\/wp-content\/uploads\/2023\/07\/capas-CC-300x196.jpg 300w, https:\/\/revistacienciaecultura.org.br\/wp-content\/uploads\/2023\/07\/capas-CC-18x12.jpg 18w, https:\/\/revistacienciaecultura.org.br\/wp-content\/uploads\/2023\/07\/capas-CC.jpg 603w\" sizes=\"(max-width: 500px) 100vw, 500px\" \/><br \/>\n<strong>Figura 1. Capas da revistas Ci\u00eancia &amp; Cultura mostram suas modifica\u00e7\u00f5es ao longo do tempo<\/strong><br \/>\n(Reprodu\u00e7\u00e3o)<\/h6>\n<p>&nbsp;<\/p>\n<p>Por\u00e9m, ap\u00f3s a Reuni\u00e3o Anual da SBPC de 2000, realizada em Bras\u00edlia, ela volta a ser publicada em portugu\u00eas. No mesmo ano, a publica\u00e7\u00e3o passa a ter suporte t\u00e9cnico do <span style=\"color: #800000;\"><strong><a style=\"color: #800000;\" href=\"http:\/\/www.labjor.unicamp.br\/\">Laborat\u00f3rio de estudos Avan\u00e7ados (Labjor)<\/a><\/strong><\/span>, da Unicamp, e a ser dirigida por Carlos Vogt, ent\u00e3o vice-presidente da SBPC na gest\u00e3o de Glaci Zancan, que ficou \u00e0 sua frente de 2000 a 2007 e de 2018 a 2021. Ap\u00f3s 20 anos sendo produzida no Labjor, a revista volta a ser publicada na SBPC em 2022, quando passa por uma reformula\u00e7\u00e3o e torna-se inteiramente digital \u2014 mas sem perder seu perfil original que a tornou um dos mais importantes e hist\u00f3ricos ve\u00edculos de divulga\u00e7\u00e3o cient\u00edfica do Pa\u00eds.<\/p>\n<p>&nbsp;<\/p>\n<h4 id=\"modernizacao\"><strong>Moderniza\u00e7\u00e3o<\/strong><\/h4>\n<p>A reformula\u00e7\u00e3o da revista visa possibilitar um maior engajamento com as diversas plataformas e m\u00eddias sociais. \u201cDesta forma, buscamos n\u00e3o apenas modernizar a revista, mas tamb\u00e9m ampliar nosso alcance e impacto na sociedade, al\u00e9m de estimular uma maior proximidade e intera\u00e7\u00e3o entre ci\u00eancia, cultura e a popula\u00e7\u00e3o\u201d, aponta Chris Bueno, editora-executiva da revista. A publica\u00e7\u00e3o passou por fases diversas, mas sempre buscou informar a comunidade cient\u00edfica sobre quest\u00f5es importantes para a ci\u00eancia no Brasil, contribuindo para o debate de grandes temas cient\u00edficos e culturais da atualidade, atraindo a aten\u00e7\u00e3o das novas gera\u00e7\u00f5es de pesquisadores e oferecendo conte\u00fados para uma reflex\u00e3o sobre tais temas.<\/p>\n<p><img loading=\"lazy\" class=\"aligncenter wp-image-4399\" src=\"https:\/\/revistacienciaecultura.org.br\/wp-content\/uploads\/2023\/07\/WhatsApp-Image-2023-06-28-at-17.19.44-169x300.jpeg\" alt=\"\" width=\"281\" height=\"500\" srcset=\"https:\/\/revistacienciaecultura.org.br\/wp-content\/uploads\/2023\/07\/WhatsApp-Image-2023-06-28-at-17.19.44-169x300.jpeg 169w, https:\/\/revistacienciaecultura.org.br\/wp-content\/uploads\/2023\/07\/WhatsApp-Image-2023-06-28-at-17.19.44-576x1024.jpeg 576w, https:\/\/revistacienciaecultura.org.br\/wp-content\/uploads\/2023\/07\/WhatsApp-Image-2023-06-28-at-17.19.44-768x1365.jpeg 768w, https:\/\/revistacienciaecultura.org.br\/wp-content\/uploads\/2023\/07\/WhatsApp-Image-2023-06-28-at-17.19.44-864x1536.jpeg 864w, https:\/\/revistacienciaecultura.org.br\/wp-content\/uploads\/2023\/07\/WhatsApp-Image-2023-06-28-at-17.19.44-7x12.jpeg 7w, https:\/\/revistacienciaecultura.org.br\/wp-content\/uploads\/2023\/07\/WhatsApp-Image-2023-06-28-at-17.19.44-800x1422.jpeg 800w, https:\/\/revistacienciaecultura.org.br\/wp-content\/uploads\/2023\/07\/WhatsApp-Image-2023-06-28-at-17.19.44.jpeg 900w\" sizes=\"(max-width: 281px) 100vw, 281px\" \/><\/p>\n<p>&nbsp;<\/p>\n<p>De publica\u00e7\u00e3o trimestral, a cada edi\u00e7\u00e3o a revista escolhe um tema para abord\u00e1-lo do ponto de vista da ci\u00eancia, cultura, arte e filosofia. Todos os meses, um novo cap\u00edtulo \u00e9 publicado, trazendo novos artigos, ensaios, reportagens jornal\u00edsticas, textos de opini\u00e3o, v\u00eddeos, podcasts e muito mais. Desde sua reformula\u00e7\u00e3o, j\u00e1 foram abordados temas como \u201c<span style=\"color: #800000;\"><strong><a style=\"color: #800000;\" href=\"https:\/\/revistacienciaecultura.org.br\/?page_id=2735\">Bicenten\u00e1rio da Independ\u00eancia &#8211; Povos e Lutas<\/a><\/strong><\/span>\u201d, \u201c<span style=\"color: #800000;\"><strong><a style=\"color: #800000;\" href=\"https:\/\/revistacienciaecultura.org.br\/?page_id=2753\">A Semana de Arte Moderna e o S\u00e9culo Modernista &#8211; Extens\u00f5es<\/a><\/strong><\/span>\u201d, \u201c<span style=\"color: #800000;\"><strong><a style=\"color: #800000;\" href=\"https:\/\/revistacienciaecultura.org.br\/?page_id=3225\">200 anos de Ci\u00eancia e Tecnologia no Brasil<\/a><\/strong><\/span>\u201d, \u201c<span style=\"color: #800000;\"><strong><a style=\"color: #800000;\" href=\"https:\/\/revistacienciaecultura.org.br\/?page_id=3678\">Ci\u00eancia &amp; Vida<\/a><\/strong><\/span>\u201d e \u201c<span style=\"color: #800000;\"><strong><a style=\"color: #800000;\" href=\"https:\/\/revistacienciaecultura.org.br\/\">Ci\u00eancia B\u00e1sica para o Desenvolvimento Sustent\u00e1vel<\/a><\/strong><\/span>\u201d. A edi\u00e7\u00e3o sobre o Bicenten\u00e1rio da Independ\u00eancia, ali\u00e1s, ficou entre as 10 mais visualizadas do per\u00edodo no Acervo Digital da SBPC: 5\u00ba lugar com 872 acessos.<\/p>\n<p>&nbsp;<\/p>\n<h4 id=\"edicoes\"><strong>Edi\u00e7\u00f5es<\/strong><\/h4>\n<p>Hoje a revista tem 74 anos e de 462 edi\u00e7\u00f5es. Para preservar sua mem\u00f3ria, uma parceria entre a SBPC e a Hemeroteca Digital Brasileira, da Biblioteca Nacional (BN), viabilizou a digitaliza\u00e7\u00e3o de toda sua cole\u00e7\u00e3o at\u00e9 2017. Todos os n\u00fameros podem ser consultados no site da <strong><a href=\"http:\/\/bndigital.bn.gov.br\/hemeroteca-digital\/\"><span style=\"color: #800000;\">Hemeroteca Digital Brasileira<\/span><\/a><\/strong>. As edi\u00e7\u00f5es tamb\u00e9m est\u00e3o dispon\u00edveis no <span style=\"color: #800000;\"><strong><a style=\"color: #800000;\" href=\"http:\/\/cienciaecultura.bvs.br\/scielo.php?script=sci_issues&amp;pid=0009-6725&amp;lng=pt&amp;nrm=iso\">Scielo<\/a><\/strong><\/span>\u00a0(a partir de 2002) e no <span style=\"color: #800000;\"><strong><a style=\"color: #800000;\" href=\"http:\/\/sbpcacervodigital.org.br\/handle\/20.500.11832\/2534\">Acervo Digital da SBPC <\/a><\/strong><\/span>(a partir de 2007). Al\u00e9m de poder ler todas as edi\u00e7\u00f5es da revista online, tamb\u00e9m \u00e9 poss\u00edvel ouvir e assistir seus conte\u00fados atrav\u00e9s dos canais no <span style=\"color: #800000;\"><strong><a style=\"color: #800000;\" href=\"https:\/\/www.youtube.com\/channel\/UCSBnKTwTjmbTy8wEUQq6zyA\/videos\">YouTube<\/a><\/strong><\/span> e no <span style=\"color: #800000;\"><strong><a style=\"color: #800000;\" href=\"https:\/\/open.spotify.com\/show\/2N5V5GN0zo7zct8Fh34Si5?si=2eab635b9d9842ec\">Spotifty<\/a><\/strong><\/span> (e em diversos outros tocadores).<\/p>\n<p>\u201cA divulga\u00e7\u00e3o cient\u00edfica \u00e9 decisiva para melhorar a qualidade do conhecimento da popula\u00e7\u00e3o em geral\u201d, afirmou Renato Janine Ribeiro, professor da Faculdade de Filosofia, Letras e Ci\u00eancias Humanas (FFLCH) da USP e presidente da Sociedade Brasileira para o Progresso da Ci\u00eancia (SBPC), no lan\u00e7amento da nova vers\u00e3o da revista. \u201cNosso grande desafio \u00e9 saber comunicar a ci\u00eancia para as pessoas leigas e mostrar como a ci\u00eancia pode melhorar suas vidas. Isso vale tamb\u00e9m na educa\u00e7\u00e3o, especialmente na educa\u00e7\u00e3o b\u00e1sica. Se conseguirmos mostrar para as crian\u00e7as e os adolescentes como a f\u00edsica, a qu\u00edmica, at\u00e9 mesmo a filosofia t\u00eam um impacto positivo sobre a vida delas, podemos ter ganhos significativos na qualidade do conhecimento\u201d.<\/p>\n<hr \/>\n<p><strong>Saiba mais<\/strong><\/p>\n<p>Lan\u00e7amento da vers\u00e3o digital da revista Ci\u00eancia &amp; Cultura<\/p>\n<p><iframe loading=\"lazy\" title=\"Lan\u00e7amento da vers\u00e3o digital da revista Ci\u00eancia &amp; Cultura (SBPC)\" width=\"1200\" height=\"675\" src=\"https:\/\/www.youtube.com\/embed\/rR1lsgQLE8w?feature=oembed\" frameborder=\"0\" allow=\"accelerometer; autoplay; clipboard-write; encrypted-media; gyroscope; picture-in-picture; web-share\" allowfullscreen><\/iframe><\/p>\n","protected":false},"excerpt":{"rendered":"Com mais de 460 publica\u00e7\u00f5es, revista \u00e9 o mais antigo ve\u00edculo de&hellip;\n","protected":false},"author":19,"featured_media":1861,"comment_status":"open","ping_status":"open","sticky":false,"template":"","format":"standard","meta":[],"categories":[1,2],"tags":[],"acf":[],"_links":{"self":[{"href":"https:\/\/revistacienciaecultura.org.br\/index.php?rest_route=\/wp\/v2\/posts\/4395"}],"collection":[{"href":"https:\/\/revistacienciaecultura.org.br\/index.php?rest_route=\/wp\/v2\/posts"}],"about":[{"href":"https:\/\/revistacienciaecultura.org.br\/index.php?rest_route=\/wp\/v2\/types\/post"}],"author":[{"embeddable":true,"href":"https:\/\/revistacienciaecultura.org.br\/index.php?rest_route=\/wp\/v2\/users\/19"}],"replies":[{"embeddable":true,"href":"https:\/\/revistacienciaecultura.org.br\/index.php?rest_route=%2Fwp%2Fv2%2Fcomments&post=4395"}],"version-history":[{"count":4,"href":"https:\/\/revistacienciaecultura.org.br\/index.php?rest_route=\/wp\/v2\/posts\/4395\/revisions"}],"predecessor-version":[{"id":4441,"href":"https:\/\/revistacienciaecultura.org.br\/index.php?rest_route=\/wp\/v2\/posts\/4395\/revisions\/4441"}],"wp:featuredmedia":[{"embeddable":true,"href":"https:\/\/revistacienciaecultura.org.br\/index.php?rest_route=\/wp\/v2\/media\/1861"}],"wp:attachment":[{"href":"https:\/\/revistacienciaecultura.org.br\/index.php?rest_route=%2Fwp%2Fv2%2Fmedia&parent=4395"}],"wp:term":[{"taxonomy":"category","embeddable":true,"href":"https:\/\/revistacienciaecultura.org.br\/index.php?rest_route=%2Fwp%2Fv2%2Fcategories&post=4395"},{"taxonomy":"post_tag","embeddable":true,"href":"https:\/\/revistacienciaecultura.org.br\/index.php?rest_route=%2Fwp%2Fv2%2Ftags&post=4395"}],"curies":[{"name":"wp","href":"https:\/\/api.w.org\/{rel}","templated":true}]}}