{"id":4401,"date":"2023-08-07T07:59:14","date_gmt":"2023-08-07T07:59:14","guid":{"rendered":"https:\/\/revistacienciaecultura.org.br\/?p=4401"},"modified":"2023-10-16T12:29:17","modified_gmt":"2023-10-16T12:29:17","slug":"desafios-da-ciencia-basica-para-o-alcance-do-desenvolvimento-sustentavel","status":"publish","type":"post","link":"https:\/\/revistacienciaecultura.org.br\/?p=4401","title":{"rendered":"Desafios da ci\u00eancia b\u00e1sica para o alcance do desenvolvimento sustent\u00e1vel"},"content":{"rendered":"<h3 id=\"como-a-ampliacao-do-conhecimento-pode-auxiliar-no-manejo-prudente-dos-recursos-naturais\"><span style=\"color: #808080;\">Como a amplia\u00e7\u00e3o do conhecimento pode auxiliar no manejo prudente dos recursos naturais<\/span><\/h3>\n<p>&nbsp;<\/p>\n<p>2023 foi definido pela <span style=\"color: #800000;\"><a style=\"color: #800000;\" href=\"https:\/\/www.unesco.org\/pt\"><strong>Unesco<\/strong><\/a><\/span> e pelas <span style=\"color: #800000;\"><a style=\"color: #800000;\" href=\"https:\/\/brasil.un.org\/pt-br\"><strong>Na\u00e7\u00f5es Unidas<\/strong><\/a><\/span> (ONU) como o <span style=\"color: #800000;\"><a style=\"color: #800000;\" href=\"https:\/\/revistacienciaecultura.org.br\/?p=3359#:~:text=O%20Ano%20Internacional%20das%20Ci%C3%AAncias,Na%C3%A7%C3%B5es%20Unidas%20e%20a%20Unesco.\"><strong>ano internacional da ci\u00eancia b\u00e1sica para o desenvolvimento sustent\u00e1vel<\/strong><\/a><\/span>, visando avan\u00e7ar e alertar sobre a <span style=\"color: #800000;\"><a style=\"color: #800000;\" href=\"https:\/\/brasil.un.org\/pt-br\/sdgs\"><strong>Agenda 2030: um plano de 17 Objetivos de Desenvolvimento Sustent\u00e1vel (ODS) e 169 metas adotado em 2015 pela Assembleia Geral da ONU<\/strong><\/a><\/span>. Dentre os\u00a0 objetivos estipulados para os pa\u00edses-membros, diversos est\u00e3o explicitamente ligados a avan\u00e7os cient\u00edficos. Entre eles est\u00e3o a erradica\u00e7\u00e3o da pobreza e da fome, a sa\u00fade e o bem-estar, a educa\u00e7\u00e3o de qualidade, a energia limpa e acess\u00edvel, a a\u00e7\u00e3o contra a mudan\u00e7a global do clima, a paz, a justi\u00e7a e a igualdade de g\u00eaneros.<\/p>\n<p>\u201cO futuro da humanidade e a ci\u00eancia s\u00e3o indissoci\u00e1veis. Sem o investimento no conhecimento dos mais variados processos, como dos ecossistemas, por exemplo, n\u00e3o temos como avan\u00e7ar na mitiga\u00e7\u00e3o dos efeitos provocados pelo homem para atender \u00e0s suas pr\u00f3prias necessidades\u201d, declara Luciana Gomes Barbosa, professora do Departamento de Fitotecnia e Ci\u00eancias Ambientais (DFCA) da <span style=\"color: #800000;\"><a style=\"color: #800000;\" href=\"https:\/\/www.ufpb.br\/\"><strong>Universidade Federal da Para\u00edba<\/strong><\/a><\/span> (UFPB) e coordenadora do GT Meio Ambiente da <span style=\"color: #800000;\"><a style=\"color: #800000;\" href=\"http:\/\/portal.sbpcnet.org.br\/\"><strong>Sociedade Brasileira para o Progresso da Ci\u00eancia<\/strong><\/a><\/span> (SBPC).<\/p>\n<p>Desde 2014, mais de 30 pa\u00edses aumentaram seus investimentos em Pesquisa e Desenvolvimento (P&amp;D) de forma a alinhar seus compromissos com os ODS\u2019s<strong>, <\/strong><span style=\"color: #800000;\"><a style=\"color: #800000;\" href=\"https:\/\/unesdoc.unesco.org\/ark:\/48223\/pf0000377250_por\/PDF\/377250por.pdf.multi\"><strong>segundo o Relat\u00f3rio de Ci\u00eancias da Unesco publicado em 2021<\/strong><\/a><\/span>. Houve inclusive, um aumento de 20% nos investimentos globais em ci\u00eancia e tecnologia entre os anos de 2013 e 2018, sendo a China e os Estados Unidos, juntos, os respons\u00e1veis por 63% desse aumento. Apesar do avan\u00e7o, oito em cada dez pa\u00edses ainda aplicam menos de 1% de seu Produto Interno Bruto (PIB) em P&amp;D. No Brasil, cerca de 1,15% do PIB \u00e9 destinado ao setor. Entre o per\u00edodo de 2014 e 2018, o total aplicado em ci\u00eancias diminuiu quase 16%, com queda de 50% no or\u00e7amento do Minist\u00e9rio de Ci\u00eancia, Tecnologia, Inova\u00e7\u00f5es e Comunica\u00e7\u00f5es (MCTI).\u00a0(Figura 1)<\/p>\n<h6 id=\"figura-1-investimento-em-pesquisa-e-desenvolvimento-como-proporcao-do-pib-por-regiao-e-paises-selecionados-no-periodo-de-2014-a-2018-fonte-relatorio-de-ciencias-da-unesco\" style=\"text-align: center;\"><img loading=\"lazy\" class=\"aligncenter wp-image-4404\" src=\"https:\/\/revistacienciaecultura.org.br\/wp-content\/uploads\/2023\/08\/CC-2E23-reportagem-Desafios-da-cie\u0302ncia-ba\u0301sica-no-alcance-do-desenvolvimento-sustenta\u0301vel-figura1-300x195.jpg\" alt=\"\" width=\"6500\" height=\"4215\" srcset=\"https:\/\/revistacienciaecultura.org.br\/wp-content\/uploads\/2023\/08\/CC-2E23-reportagem-Desafios-da-cie\u0302ncia-ba\u0301sica-no-alcance-do-desenvolvimento-sustenta\u0301vel-figura1-300x195.jpg 300w, https:\/\/revistacienciaecultura.org.br\/wp-content\/uploads\/2023\/08\/CC-2E23-reportagem-Desafios-da-cie\u0302ncia-ba\u0301sica-no-alcance-do-desenvolvimento-sustenta\u0301vel-figura1-1024x664.jpg 1024w, https:\/\/revistacienciaecultura.org.br\/wp-content\/uploads\/2023\/08\/CC-2E23-reportagem-Desafios-da-cie\u0302ncia-ba\u0301sica-no-alcance-do-desenvolvimento-sustenta\u0301vel-figura1-768x498.jpg 768w, https:\/\/revistacienciaecultura.org.br\/wp-content\/uploads\/2023\/08\/CC-2E23-reportagem-Desafios-da-cie\u0302ncia-ba\u0301sica-no-alcance-do-desenvolvimento-sustenta\u0301vel-figura1-1536x996.jpg 1536w, https:\/\/revistacienciaecultura.org.br\/wp-content\/uploads\/2023\/08\/CC-2E23-reportagem-Desafios-da-cie\u0302ncia-ba\u0301sica-no-alcance-do-desenvolvimento-sustenta\u0301vel-figura1-18x12.jpg 18w, https:\/\/revistacienciaecultura.org.br\/wp-content\/uploads\/2023\/08\/CC-2E23-reportagem-Desafios-da-cie\u0302ncia-ba\u0301sica-no-alcance-do-desenvolvimento-sustenta\u0301vel-figura1-800x519.jpg 800w, https:\/\/revistacienciaecultura.org.br\/wp-content\/uploads\/2023\/08\/CC-2E23-reportagem-Desafios-da-cie\u0302ncia-ba\u0301sica-no-alcance-do-desenvolvimento-sustenta\u0301vel-figura1-1160x752.jpg 1160w, https:\/\/revistacienciaecultura.org.br\/wp-content\/uploads\/2023\/08\/CC-2E23-reportagem-Desafios-da-cie\u0302ncia-ba\u0301sica-no-alcance-do-desenvolvimento-sustenta\u0301vel-figura1.jpg 1647w\" sizes=\"(max-width: 6500px) 100vw, 6500px\" \/><br \/>\n<strong>Figura 1. Investimento em pesquisa e desenvolvimento como propor\u00e7\u00e3o do PIB, por regi\u00e3o e pa\u00edses selecionados, no per\u00edodo de 2014 a 2018 (%)<br \/>\n<\/strong>(Fonte: <a href=\"https:\/\/unesdoc.unesco.org\/ark:\/48223\/pf0000377250_por\/PDF\/377250por.pdf.multi\">Relat\u00f3rio de Ci\u00eancias da Unesco<\/a>)<\/h6>\n<p>&nbsp;<\/p>\n<h4 id=\"desenvolvimento-sustentavel\"><strong>Desenvolvimento sustent\u00e1vel<\/strong><\/h4>\n<p>O conceito de desenvolvimento sustent\u00e1vel surgiu em 1983 na ONU com o visando atender \u00e0s necessidades do presente sem comprometer o futuro. Baseado em tr\u00eas princ\u00edpios b\u00e1sicos interligados \u2013 ambiental, econ\u00f4mico e social \u2013 o desenvolvimento sustent\u00e1vel destaca o meio ambiente e alerta para a finitude dos recursos naturais. O princ\u00edpio ambiental diz respeito \u00e0 preserva\u00e7\u00e3o e conserva\u00e7\u00e3o dos ecossistemas, \u00e0 utiliza\u00e7\u00e3o racional dos recursos naturais e \u00e0 redu\u00e7\u00e3o do impacto ambiental das atividades humanas. J\u00e1 o princ\u00edpio econ\u00f4mico se refere \u00e0 gera\u00e7\u00e3o de riqueza, emprego e renda, \u00e0 distribui\u00e7\u00e3o equitativa dos benef\u00edcios e \u00e0 promo\u00e7\u00e3o da inova\u00e7\u00e3o e da competitividade. E o princ\u00edpio social se relaciona \u00e0 garantia dos direitos humanos, \u00e0 promo\u00e7\u00e3o da igualdade e da diversidade, \u00e0 melhoria da qualidade de vida e \u00e0 participa\u00e7\u00e3o democr\u00e1tica da popula\u00e7\u00e3o.<\/p>\n<p>&nbsp;<\/p>\n<h4 id=\"a-exploracao-de-recursos-naturais-o-desrespeito-aos-direitos-humanos-e-as-consequencias-sociais-e-economicas-sao-alguns-dos-fatores-que-fazem-os-paises-entrarem-literalmente-em-uma-corrida-c\" style=\"text-align: center;\"><em><span style=\"color: #800000;\">\u201cA explora\u00e7\u00e3o de recursos naturais, o desrespeito aos direitos humanos e as consequ\u00eancias sociais e econ\u00f4micas s\u00e3o alguns dos fatores que fazem os pa\u00edses entrarem literalmente em uma corrida contra o tempo para repensar seus modelos de desenvolvimento at\u00e9 2030.\u201d<\/span><\/em><\/h4>\n<p>&nbsp;<\/p>\n<p>Para que haja um desenvolvimento sustent\u00e1vel \u00e9 preciso que governos, sociedade civil e empresas caminhem juntas. \u201cN\u00e3o pode haver desenvolvimento sem planejamento. Por isso, o papel das ci\u00eancias, principalmente as b\u00e1sicas, \u00e9 fundamental no manejo preventivo e precaucional, incluindo uma import\u00e2ncia \u00edmpar da ci\u00eancia em trazer informa\u00e7\u00e3o ancorada visando mitigar os problemas provocados pela m\u00e1 gest\u00e3o da natureza e dos bens comuns\u201d, declara Jos\u00e9 Rubens, professor dos cursos de gradua\u00e7\u00e3o e p\u00f3s-gradua\u00e7\u00e3o em Direito da <span style=\"color: #800000;\"><a style=\"color: #800000;\" href=\"https:\/\/ufsc.br\/\"><strong>Universidade Federal de Santa Catarina<\/strong><\/a><\/span> (UFSC) e coordenador do Grupo de Pesquisa Direito Ambiental e Ecologia Pol\u00edtica na Sociedade de Risco do <span style=\"color: #800000;\"><a style=\"color: #800000;\" href=\"http:\/\/www.cnpq.br\/\"><strong>Conselho Nacional de Desenvolvimento Cient\u00edfico e Tecnol\u00f3gico<\/strong><\/a><\/span> (CNPq).<\/p>\n<p>&nbsp;<\/p>\n<h4 id=\"adocao-dos-odss\"><strong>Ado\u00e7\u00e3o dos ODS&#8217;s\u00a0<\/strong><\/h4>\n<p>Apesar de empresas e governos se dizerem comprometidos com a tem\u00e1tica, na pr\u00e1tica, ainda \u00e9 poss\u00edvel observar que a ado\u00e7\u00e3o e implementa\u00e7\u00e3o dos ODS\u2019s caminham a passos lentos, onde a falta de dados dificulta um monitoramento mais preciso por parte dos \u00f3rg\u00e3os internacionais. Al\u00e9m disso, a explora\u00e7\u00e3o de recursos naturais, o desrespeito aos direitos humanos e as consequ\u00eancias sociais e econ\u00f4micas s\u00e3o alguns dos fatores que fazem os pa\u00edses entrarem literalmente em uma corrida contra o tempo para repensar seus modelos de desenvolvimento at\u00e9 2030. (Figura 2)<\/p>\n<h6 id=\"figura-2-os-17-objetivos-de-desenvolvimento-sustentavel-da-onufonte-onu\" style=\"text-align: center;\"><img loading=\"lazy\" class=\"aligncenter wp-image-4405\" src=\"https:\/\/revistacienciaecultura.org.br\/wp-content\/uploads\/2023\/08\/CC-2E23-reportagem-Desafios-da-cie\u0302ncia-ba\u0301sica-no-alcance-do-desenvolvimento-sustenta\u0301vel-figura2-300x140.jpg\" alt=\"\" width=\"600\" height=\"279\" srcset=\"https:\/\/revistacienciaecultura.org.br\/wp-content\/uploads\/2023\/08\/CC-2E23-reportagem-Desafios-da-cie\u0302ncia-ba\u0301sica-no-alcance-do-desenvolvimento-sustenta\u0301vel-figura2-300x140.jpg 300w, https:\/\/revistacienciaecultura.org.br\/wp-content\/uploads\/2023\/08\/CC-2E23-reportagem-Desafios-da-cie\u0302ncia-ba\u0301sica-no-alcance-do-desenvolvimento-sustenta\u0301vel-figura2-1024x477.jpg 1024w, https:\/\/revistacienciaecultura.org.br\/wp-content\/uploads\/2023\/08\/CC-2E23-reportagem-Desafios-da-cie\u0302ncia-ba\u0301sica-no-alcance-do-desenvolvimento-sustenta\u0301vel-figura2-768x357.jpg 768w, https:\/\/revistacienciaecultura.org.br\/wp-content\/uploads\/2023\/08\/CC-2E23-reportagem-Desafios-da-cie\u0302ncia-ba\u0301sica-no-alcance-do-desenvolvimento-sustenta\u0301vel-figura2-1536x715.jpg 1536w, https:\/\/revistacienciaecultura.org.br\/wp-content\/uploads\/2023\/08\/CC-2E23-reportagem-Desafios-da-cie\u0302ncia-ba\u0301sica-no-alcance-do-desenvolvimento-sustenta\u0301vel-figura2-18x8.jpg 18w, https:\/\/revistacienciaecultura.org.br\/wp-content\/uploads\/2023\/08\/CC-2E23-reportagem-Desafios-da-cie\u0302ncia-ba\u0301sica-no-alcance-do-desenvolvimento-sustenta\u0301vel-figura2-800x372.jpg 800w, https:\/\/revistacienciaecultura.org.br\/wp-content\/uploads\/2023\/08\/CC-2E23-reportagem-Desafios-da-cie\u0302ncia-ba\u0301sica-no-alcance-do-desenvolvimento-sustenta\u0301vel-figura2-1160x540.jpg 1160w, https:\/\/revistacienciaecultura.org.br\/wp-content\/uploads\/2023\/08\/CC-2E23-reportagem-Desafios-da-cie\u0302ncia-ba\u0301sica-no-alcance-do-desenvolvimento-sustenta\u0301vel-figura2.jpg 1691w\" sizes=\"(max-width: 600px) 100vw, 600px\" \/><br \/>\n<strong>Figura 2. Os 17 Objetivos de Desenvolvimento Sustent\u00e1vel da ONU<br \/>\n<\/strong>(Fonte: ONU)<\/h6>\n<p>&nbsp;<\/p>\n<p>\u201cMuitas empresas de combust\u00edveis f\u00f3sseis, por exemplo, que se comprometem a reduzir as emiss\u00f5es de gases nocivos e a fazer a transi\u00e7\u00e3o para energias renov\u00e1veis, avan\u00e7am em uma velocidade excessivamente lenta, sendo mais um discurso para a venda de uma ideia do que as a\u00e7\u00f5es em si\u201d, declara o professor e climatologista Carlos Nobre, coordenador do <span style=\"color: #800000;\"><a style=\"color: #800000;\" href=\"http:\/\/www.usp.br\/nereus\/?projetos=instituto-nacional-de-ciencia-e-tecnologia-inct-para-mudancas-climaticas\"><strong>Instituto Nacional de Ci\u00eancia e Tecnologia (INCT) para Mudan\u00e7as Clim\u00e1ticas<\/strong><\/a><\/span> e m dos autores do Quarto Relat\u00f3rio de Avalia\u00e7\u00e3o do Painel Intergovernamental sobre Mudan\u00e7as Clim\u00e1ticas (IPCC), que foi agraciado com o Pr\u00eamio Nobel da Paz em 2007.<\/p>\n<p>Para Larissa Bombardi, professora da Faculdade de Geografia da <span style=\"color: #800000;\"><a style=\"color: #800000;\" href=\"http:\/\/www.usp.br\"><strong>Universidade de S\u00e3o Paulo<\/strong><\/a><\/span> (USP): \u201c\u00e9 preciso desmistificar a maneira como a sociedade e o capitalismo se reproduzem sem limites, j\u00e1 que n\u00e3o \u00e9 poss\u00edvel em um planeta finito haver uma reprodu\u00e7\u00e3o infinita. Incluindo express\u00f5es que escondem atr\u00e1s de si contradi\u00e7\u00f5es dos pr\u00f3prios termos para tentar dar uma \u2018casca verde\u2019 a algo que n\u00e3o vai ser verde nunca\u201d, alerta. \u201cComo uma sociedade com recursos finitos lidar\u00e1 com essa finitude e com a justi\u00e7a social ao mesmo tempo? \u00c9 este desafio e esta amplitude que precisamos discutir\u201d.<\/p>\n<p>Autora do Atlas \u201c<span style=\"color: #800000;\"><a style=\"color: #800000;\" href=\"https:\/\/ecotoxbrasil.org.br\/upload\/587ed92192e9dbe77bddffd31cbe25a7-e-book_atlas_agrot_axico_2017_larissa_bombardi.pdf\"><strong>Geografia do uso de agrot\u00f3xicos no Brasil e conex\u00f5es com a Uni\u00e3o Europeia<\/strong><\/a><\/span>\u201d publicado em 2019 e com atualiza\u00e7\u00e3o prevista para este ano, Bombardi cita um exemplo observado em suas pesquisas: \u201cempresas da Uni\u00e3o Europeia exportam cotidianamente para o Brasil os agrot\u00f3xicos proibidos em seu pr\u00f3prio territ\u00f3rio. E\u00a0 quando indagados sobre este \u2018<span style=\"color: #800000;\"><a style=\"color: #800000;\" href=\"https:\/\/contraosagrotoxicos.org\/existe-uma-grande-cumplicidade-dos-estados-na-expansao-do-uso-de-agrotoxicos-afirma-pesquisador\/#:~:text=Feito%20no%20Brasil%20e%20na,alimentos%20produzidos%20com%20estes%20agrot%C3%B3xicos.\"><strong>duplo padr\u00e3o europeu<\/strong><\/a>\u2019<\/span>, os representantes argumentam que n\u00e3o h\u00e1 nada de errado, j\u00e1 que os pa\u00edses que importam \u00e9 que s\u00e3o livres para decidir o que querem ou n\u00e3o importar. Ou seja, \u00e9 uma forma de atribuir os males \u00e0s pr\u00f3prias v\u00edtimas\u201d.<\/p>\n<p>&nbsp;<\/p>\n<h4 id=\"guerra-na-ucrania-e-o-retrocesso-no-desenvolvimento-sustentavel\"><strong>Guerra na Ucr\u00e2nia e o retrocesso no desenvolvimento sustent\u00e1vel<\/strong><\/h4>\n<p>N\u00e3o bastando o lento crescimento aplicado por parte dos pa\u00edses ao desenvolvimento sustent\u00e1vel, a Guerra na Ucr\u00e2nia \u00e9 outro fator que influencia diretamente no aumento da emiss\u00e3o de gases nocivos, no impacto de pol\u00edticas de desenvolvimento sustent\u00e1vel e na coopera\u00e7\u00e3o clim\u00e1tica. A instabilidade pol\u00edtica derivada da guerra fez com que os pa\u00edses buscassem fornecimento de combust\u00edveis f\u00f3sseis como carv\u00e3o, petr\u00f3leo e g\u00e1s natural, gerando assim uma diminui\u00e7\u00e3o nos esfor\u00e7os para a redu\u00e7\u00e3o das emiss\u00f5es, aplicados por eles em suas matrizes energ\u00e9ticas. \u201cAntes da guerra na Ucr\u00e2nia n\u00f3s j\u00e1 v\u00ednhamos observando o aumento das emiss\u00f5es de gases nocivos, com exce\u00e7\u00e3o do per\u00edodo da pandemia onde houve uma redu\u00e7\u00e3o de 5% a 7%, devido aos <em>lockdowns<\/em> em 2020\u201d, explica Nobre. \u201cMas, depois do fim da pandemia, infelizmente, as emiss\u00f5es voltaram a aumentar e se tornaram as mais altas em 2022, j\u00e1 que o in\u00edcio da guerra na Ucr\u00e2nia desempenhou um papel direto no que v\u00ednhamos tentando reduzir at\u00e9 ent\u00e3o\u201d.<\/p>\n<p>&nbsp;<\/p>\n<h4 id=\"o-brasil-apesar-de-ter-assumido-o-compromisso-com-a-agenda-2030-nao-avancou-satisfatoriamente-em-nenhuma-dos-odss\" style=\"text-align: center;\"><em><span style=\"color: #800000;\">\u201cO Brasil, apesar de ter assumido o compromisso com a Agenda 2030, n\u00e3o avan\u00e7ou satisfatoriamente em nenhuma dos ODS\u2019s.\u201d<\/span><\/em><\/h4>\n<p>&nbsp;<\/p>\n<p>Segundo o <span style=\"color: #800000;\"><a style=\"color: #800000;\" href=\"https:\/\/brasil.un.org\/sites\/default\/files\/2023-04\/IPCC_AR6_SYR_LongerReport.pdf\"><strong>relat\u00f3rio do Painel Intergovernamental sobre Mudan\u00e7as Clim\u00e1ticas (IPCC) publicado neste ano<\/strong><\/a><\/span>, a temperatura m\u00e9dia mundial j\u00e1 subiu 1,1 grau Celsius, aumentando assim a frequ\u00eancia e a intensidade das ocorr\u00eancias dos eventos clim\u00e1ticos extremos. As emiss\u00f5es precisam cair imediatamente e serem cortadas quase pela metade\u00a0 para se chegar at\u00e9 1,5 grau Celsius considerado acima dos n\u00edveis pr\u00e9-industriais (meta estipulada no Acordo de Paris) at\u00e9 2030. \u201c\u00c9 muito dif\u00edcil imaginar que conseguiremos n\u00e3o aumentar ou estabilizar todas as emiss\u00f5es at\u00e9 este prazo, j\u00e1 que, tais medidas e pol\u00edticas de redu\u00e7\u00e3o j\u00e1 deveriam ter sido tomadas h\u00e1 pelo menos 10 anos\u201d, declara Nobre.\u00a0(Figura 3)<\/p>\n<h6 id=\"figura-3-a-temperatura-media-mundial-ja-subiu-11-grau-celsius-aumentando-assim-a-frequencia-e-a-intensidade-das-ocorrencias-dos-eventos-climaticos-extremosfoto-gil-leonardi-imprensa-mg-reprodu\" style=\"text-align: center;\"><img loading=\"lazy\" class=\"aligncenter wp-image-4406\" src=\"https:\/\/revistacienciaecultura.org.br\/wp-content\/uploads\/2023\/08\/CC-2E23-reportagem-Desafios-da-cie\u0302ncia-ba\u0301sica-no-alcance-do-desenvolvimento-sustenta\u0301vel-figura3-300x180.jpg\" alt=\"\" width=\"500\" height=\"299\" srcset=\"https:\/\/revistacienciaecultura.org.br\/wp-content\/uploads\/2023\/08\/CC-2E23-reportagem-Desafios-da-cie\u0302ncia-ba\u0301sica-no-alcance-do-desenvolvimento-sustenta\u0301vel-figura3-300x180.jpg 300w, https:\/\/revistacienciaecultura.org.br\/wp-content\/uploads\/2023\/08\/CC-2E23-reportagem-Desafios-da-cie\u0302ncia-ba\u0301sica-no-alcance-do-desenvolvimento-sustenta\u0301vel-figura3-1024x613.jpg 1024w, https:\/\/revistacienciaecultura.org.br\/wp-content\/uploads\/2023\/08\/CC-2E23-reportagem-Desafios-da-cie\u0302ncia-ba\u0301sica-no-alcance-do-desenvolvimento-sustenta\u0301vel-figura3-768x460.jpg 768w, https:\/\/revistacienciaecultura.org.br\/wp-content\/uploads\/2023\/08\/CC-2E23-reportagem-Desafios-da-cie\u0302ncia-ba\u0301sica-no-alcance-do-desenvolvimento-sustenta\u0301vel-figura3-1536x919.jpg 1536w, https:\/\/revistacienciaecultura.org.br\/wp-content\/uploads\/2023\/08\/CC-2E23-reportagem-Desafios-da-cie\u0302ncia-ba\u0301sica-no-alcance-do-desenvolvimento-sustenta\u0301vel-figura3-18x12.jpg 18w, https:\/\/revistacienciaecultura.org.br\/wp-content\/uploads\/2023\/08\/CC-2E23-reportagem-Desafios-da-cie\u0302ncia-ba\u0301sica-no-alcance-do-desenvolvimento-sustenta\u0301vel-figura3-800x479.jpg 800w, https:\/\/revistacienciaecultura.org.br\/wp-content\/uploads\/2023\/08\/CC-2E23-reportagem-Desafios-da-cie\u0302ncia-ba\u0301sica-no-alcance-do-desenvolvimento-sustenta\u0301vel-figura3-1160x694.jpg 1160w, https:\/\/revistacienciaecultura.org.br\/wp-content\/uploads\/2023\/08\/CC-2E23-reportagem-Desafios-da-cie\u0302ncia-ba\u0301sica-no-alcance-do-desenvolvimento-sustenta\u0301vel-figura3.jpg 1691w\" sizes=\"(max-width: 500px) 100vw, 500px\" \/><br \/>\n<strong>Figura 3. A temperatura m\u00e9dia mundial j\u00e1 subiu 1,1 grau Celsius, aumentando assim a frequ\u00eancia e a intensidade das ocorr\u00eancias dos eventos clim\u00e1ticos extremos<br \/>\n<\/strong>(Foto: Gil Leonardi\/ Imprensa MG. Reprodu\u00e7\u00e3o)<\/h6>\n<p>&nbsp;<\/p>\n<h4 id=\"cenario-brasileiro-para-o-alcance-dos-odss\"><strong>Cen\u00e1rio brasileiro para o alcance dos ODS\u2019s<\/strong><\/h4>\n<p>O Brasil, apesar de ter assumido o compromisso com a Agenda 2030, n\u00e3o avan\u00e7ou satisfatoriamente em nenhuma dos ODS\u2019s, segundo apontamento realizado pelo <span style=\"color: #800000;\"><a style=\"color: #800000;\" href=\"https:\/\/dssbr.ensp.fiocruz.br\/wp-content\/uploads\/2021\/07\/por_rl_2021_completo_vs_03_lowres.pdf\"><strong>Relat\u00f3rio Luz produzido em 2021 pelo Grupo de Trabalho da Sociedade Civil<\/strong><\/a><\/span> formado por 106 especialistas de organiza\u00e7\u00f5es n\u00e3o-governamentais, movimentos sociais, f\u00f3runs e universidades. Das 169 metas previstas nos 17 objetivos de desenvolvimento sustent\u00e1vel a serem atingidos at\u00e9 2030, 54,4% est\u00e3o em retrocesso, 16% est\u00e3o estagnadas, 12,4% amea\u00e7adas por cortes de verbas e descontinuidade de pol\u00edticas p\u00fablicas e 7,7% tiveram progresso insuficiente. Ainda, quinze metas n\u00e3o puderam ser avaliadas por falta de informa\u00e7\u00f5es dispon\u00edveis. Fatores como pandemia, desmatamento, polui\u00e7\u00e3o e o enfraquecimento de investimentos em \u00e1reas sociais e pesquisas cient\u00edficas influenciam diretamente neste cen\u00e1rio. \u201cO Brasil precisa incentivar muita educa\u00e7\u00e3o ambiental e consci\u00eancia ecol\u00f3gica. A ci\u00eancia b\u00e1sica precisa se preparar, saindo de uma vis\u00e3o linear dos problemas ambientais, para uma vis\u00e3o sist\u00eamica e integrativa das quest\u00f5es ambientais\u201d, menciona Rubens.<\/p>\n<p>O pa\u00eds tem qualidade cient\u00edfica comprovada para produzir conhecimento rumo ao avan\u00e7o de pol\u00edticas p\u00fablicas e sustent\u00e1veis, contudo, \u00e9 indiscut\u00edvel a necessidade de investimento nas \u00e1reas sociais e ambientais para avan\u00e7ar nos ODS\u2019s. \u201cEm escala internacional, o Brasil sempre foi lideran\u00e7a e refer\u00eancia em estudos associados \u00e0 sustentabilidade e inova\u00e7\u00e3o, n\u00e3o apenas tecnol\u00f3gica, mas tamb\u00e9m social\u201d, comenta Barbosa. \u201cUm exemplo \u00e9 o potencial que esses objetivos propostos pela ONU tem para o setor de inova\u00e7\u00e3o. Estamos diante de uma crise clim\u00e1tica que nos afeta como sociedade e a sustentabilidade n\u00e3o est\u00e1 na agenda priorit\u00e1ria de v\u00e1rios governos e empresas. Se priorizarmos algumas dessas metas, como \u00e1gua pot\u00e1vel e saneamento, contribuir\u00edamos para a melhoria da sa\u00fade populacional e da desigualdade tamb\u00e9m associada a vulnerabilidade e isolamento que a polui\u00e7\u00e3o h\u00eddrica provoca. Ou seja, isso poderia ser viabilizado atrav\u00e9s da jun\u00e7\u00e3o de setores e investimentos em ci\u00eancia b\u00e1sica.\u201d<\/p>\n<p>&nbsp;<\/p>\n<h4 id=\"desafios\"><strong>Desafios<\/strong><\/h4>\n<p>N\u00e3o \u00e9 de hoje que cientistas de diferentes \u00e1reas, principalmente os relacionados \u00e0s disciplinas b\u00e1sicas, concentram esfor\u00e7os para que seus trabalhos possam desempenhar um papel mais significativo na corrida por um futuro mais sustent\u00e1vel. Contudo, os desafios s\u00e3o muitos, impactando na perda de profissionais qualificados nas \u00e1reas cient\u00edficas. Como o caso do fen\u00f4meno conhecido como \u201cfuga de c\u00e9rebros\u201d, que consiste na sa\u00edda de profissionais qualificados de pa\u00edses menos desenvolvidos em busca de melhores condi\u00e7\u00f5es de emprego e renda. Condi\u00e7\u00f5es insatisfat\u00f3rias e escassez de novas oportunidades no mercado de trabalho, cen\u00e1rio pol\u00edtico-econ\u00f4mico, qualidade de vida e baixo est\u00edmulo para setor de P&amp;D s\u00e3o alguns dos motivos. \u201cAs ci\u00eancias humanas carecem obviamente de recursos. O que temos conquistado tem muito mais a ver com comprometimento do corpo cient\u00edfico do que a disponibilidade de recursos que sabemos que n\u00e3o temos no pa\u00eds. N\u00e3o d\u00e1 para fazer pesquisa com a precariedade que ainda existe nos setores da ci\u00eancia\u201d, afirma Bombardi. Para Rubens, n\u00e3o h\u00e1 d\u00favida que os desafios s\u00e3o muitos face ao que lidamos com problemas altamente\u00a0 complexos e interconectados e que afetam o equil\u00edbrio ecol\u00f3gico do planeta. \u201cO importante \u00e9 que a ci\u00eancia continue a buscar um conhecimento plural, interdisciplinar, reflexivo e sist\u00eamico, tendo como alvo uma justi\u00e7a para um futuro melhor\u201d, declara.<\/p>\n<p>&nbsp;<\/p>\n<h4 id=\"o-desenvolvimento-sustentavel-so-sera-atingido-com-acoes-integradas-destacando-as-preocupacoes-ambientais-dando-voz-e-vez-as-minorias-e-lutando-contra-as-desigualdades-para-ampliacao-de-um\" style=\"text-align: center;\"><em><span style=\"color: #800000;\">\u201cO desenvolvimento sustent\u00e1vel s\u00f3 ser\u00e1 atingido com a\u00e7\u00f5es integradas, destacando as preocupa\u00e7\u00f5es ambientais, dando voz e vez \u00e0s minorias e lutando contra as desigualdades para amplia\u00e7\u00e3o de um conhecimento realista do uso dos processos e recursos naturais.\u201d<\/span><\/em><\/h4>\n<p>&nbsp;<\/p>\n<p>O desenvolvimento sustent\u00e1vel s\u00f3 ser\u00e1 atingido com a\u00e7\u00f5es integradas, destacando as preocupa\u00e7\u00f5es ambientais, dando voz e vez \u00e0s minorias e lutando contra as desigualdades para amplia\u00e7\u00e3o de um conhecimento realista do uso dos processos e recursos naturais, permitindo assim, uma gest\u00e3o mais eficiente e sobretudo respons\u00e1vel.<\/p>\n<p>Para Bombardi \u201c\u00e9 necess\u00e1rio dar um basta no tipo de consumo sem fim que essa sociedade tem, onde novas inven\u00e7\u00f5es s\u00e3o feitas em um mecanismo que nos faz crer que tudo isso \u00e9 necess\u00e1rio, quando na verdade n\u00e3o \u00e9. Necess\u00e1rio \u00e9 a gente viver em uma sociedade que seja justa e igualit\u00e1ria, do ponto de vista social e tamb\u00e9m ambiental\u201d.<\/p>\n<p>&nbsp;<\/p>\n<h6 id=\"capa-exploracao-de-recursos-naturais-destruicao-do-meio-ambiente-desrespeito-aos-direitos-humanos-traz-graves-consequencias-sociais-e-economicas-para-a-sociedadefoto-por-bruno-kelly-reuters-repr\"><strong>Capa. Explora\u00e7\u00e3o de recursos naturais, destrui\u00e7\u00e3o do meio ambiente, desrespeito aos direitos humanos traz graves consequ\u00eancias sociais e econ\u00f4micas para a sociedade<br \/>\n<\/strong>(Foto por Bruno Kelly\/Reuters. Reprodu\u00e7\u00e3o)<\/h6>\n<hr \/>\n<h6 id=\"almeida-priscylla-desafios-da-ciencia-basica-para-o-alcance-do-desenvolvimento-sustentavel-como-a-ampliacao-do-conhecimento-pode-auxiliar-no-manejo-prudente-dos-recursos-naturais-cienc\"><span style=\"color: #808080;\">ALMEIDA, Priscylla.<span class=\"article-title\">\u00a0Desafios da ci\u00eancia b\u00e1sica para o alcance do desenvolvimento sustent\u00e1vel: como a amplia\u00e7\u00e3o do conhecimento pode auxiliar no manejo prudente dos recursos naturais.<\/span><i>\u00a0Cienc. Cult.<\/i>\u00a0[online]. 2023, vol.75, n.2 [citado\u00a0 2023-10-16], pp.01-05. Dispon\u00edvel em: &lt;http:\/\/cienciaecultura.bvs.br\/scielo.php?script=sci_arttext&amp;pid=S0009-67252023000200009&amp;lng=pt&amp;nrm=iso&gt;. ISSN 0009-6725.\u00a0 http:\/\/dx.doi.org\/10.5935\/2317-6660.20230025.<\/span><\/h6>\n","protected":false},"excerpt":{"rendered":"Como a amplia\u00e7\u00e3o do conhecimento pode auxiliar no manejo prudente dos recursos&hellip;\n","protected":false},"author":42,"featured_media":4407,"comment_status":"open","ping_status":"open","sticky":false,"template":"","format":"standard","meta":[],"categories":[51],"tags":[],"acf":[],"_links":{"self":[{"href":"https:\/\/revistacienciaecultura.org.br\/index.php?rest_route=\/wp\/v2\/posts\/4401"}],"collection":[{"href":"https:\/\/revistacienciaecultura.org.br\/index.php?rest_route=\/wp\/v2\/posts"}],"about":[{"href":"https:\/\/revistacienciaecultura.org.br\/index.php?rest_route=\/wp\/v2\/types\/post"}],"author":[{"embeddable":true,"href":"https:\/\/revistacienciaecultura.org.br\/index.php?rest_route=\/wp\/v2\/users\/42"}],"replies":[{"embeddable":true,"href":"https:\/\/revistacienciaecultura.org.br\/index.php?rest_route=%2Fwp%2Fv2%2Fcomments&post=4401"}],"version-history":[{"count":5,"href":"https:\/\/revistacienciaecultura.org.br\/index.php?rest_route=\/wp\/v2\/posts\/4401\/revisions"}],"predecessor-version":[{"id":4921,"href":"https:\/\/revistacienciaecultura.org.br\/index.php?rest_route=\/wp\/v2\/posts\/4401\/revisions\/4921"}],"wp:featuredmedia":[{"embeddable":true,"href":"https:\/\/revistacienciaecultura.org.br\/index.php?rest_route=\/wp\/v2\/media\/4407"}],"wp:attachment":[{"href":"https:\/\/revistacienciaecultura.org.br\/index.php?rest_route=%2Fwp%2Fv2%2Fmedia&parent=4401"}],"wp:term":[{"taxonomy":"category","embeddable":true,"href":"https:\/\/revistacienciaecultura.org.br\/index.php?rest_route=%2Fwp%2Fv2%2Fcategories&post=4401"},{"taxonomy":"post_tag","embeddable":true,"href":"https:\/\/revistacienciaecultura.org.br\/index.php?rest_route=%2Fwp%2Fv2%2Ftags&post=4401"}],"curies":[{"name":"wp","href":"https:\/\/api.w.org\/{rel}","templated":true}]}}