{"id":4433,"date":"2023-07-05T07:35:45","date_gmt":"2023-07-05T07:35:45","guid":{"rendered":"https:\/\/revistacienciaecultura.org.br\/?p=4433"},"modified":"2023-07-04T19:42:55","modified_gmt":"2023-07-04T19:42:55","slug":"quando-o-autoritarismo-chegou-ao-brasil-a-sbpc-respondeu-que-nao-ha-ciencia-sem-liberdade","status":"publish","type":"post","link":"https:\/\/revistacienciaecultura.org.br\/?p=4433","title":{"rendered":"Quando o autoritarismo chegou ao Brasil, a SBPC respondeu que n\u00e3o h\u00e1 Ci\u00eancia sem liberdade"},"content":{"rendered":"<h4 id=\"segunda-reportagem-especial-sobre-os-75-anos-da-entidade-fala-da-ditadura-militar-e-como-a-mobilizacao-popular-foi-essencial-para-a-realizacao-das-reunioes-anuais-nesse-periodo-aniversario-de-fundaca\"><span style=\"color: #808080;\">Segunda reportagem especial sobre os 75 anos da entidade fala da ditadura militar e como a mobiliza\u00e7\u00e3o popular foi essencial para a realiza\u00e7\u00e3o das Reuni\u00f5es Anuais nesse per\u00edodo. Anivers\u00e1rio de funda\u00e7\u00e3o da SBPC\u00a0\u00e9\u00a0neste s\u00e1bado, 8 de julho\u00a0<\/span><\/h4>\n<p>&nbsp;<\/p>\n<p>Pouco mais uma d\u00e9cada ap\u00f3s sua cria\u00e7\u00e3o, a Sociedade Brasileira para o Progresso da Ci\u00eancia (SBPC) acumulava conquistas para a consolida\u00e7\u00e3o de um Sistema Nacional de Ci\u00eancia, como a cria\u00e7\u00e3o CNPq (Conselho Nacional de Desenvolvimento Cient\u00edfico e Tecnol\u00f3gico) e da Capes (Coordena\u00e7\u00e3o de Aperfei\u00e7oamento de Pessoal de N\u00edvel Superior), mas a mudan\u00e7a pol\u00edtica do Pa\u00eds na d\u00e9cada de 1960 fez a entidade sentir o impacto do golpe militar de cara.<\/p>\n<p>J\u00e1 na 16\u00aa Reuni\u00e3o Anual da entidade, realizada em 1964, dois professores foram presos: Michel Rabinovitch e Luiz Hildebrando Pereira da Silva. O motivo da pris\u00e3o era que ambos foram considerados comunistas, o que era crime num Brasil autorit\u00e1rio.<\/p>\n<p>\u201cRabinovitch conseguiu escapar \u2013 estava com viagem marcada para os Estados Unidos; se fosse preso, perderia o est\u00e1gio. Retornou ao Brasil 33 anos depois. Hildebrando acabou sendo preso; passou dois meses detido, foi solto, cassado e se exilou na Fran\u00e7a\u201d, contam os pesquisadores Jos\u00e9 Roberto Ferreira e Ulisses Capozzoli, na obra<em>\u00a0Ci\u00eancia para o Brasil, 70 anos, da Sociedade Brasileira para o Progresso da Ci\u00ea<\/em><em>ncia<\/em>.<\/p>\n<p>O fato \u00e9 que a SBPC, como qualquer outra entidade civil, n\u00e3o tinha como bater de frente com o governo militar, mas ela tentava, no come\u00e7o, criar pontes de di\u00e1logo com as gest\u00f5es autorit\u00e1rias.<\/p>\n<p>\u201cO que a SBPC fazia muito era discutir com o governo, com muita parcim\u00f4nia, muitos dedos, para que o governo n\u00e3o cometesse excessos, para que ele respeitasse a liberdade cient\u00edfica. E s\u00f3 por isso ela j\u00e1 era chamada de comunista\u201d, complementa o historiador Bruno Roma, que integra o Centro de Mem\u00f3ria da SBPC.<\/p>\n<p>Em 1977 houve um ataque governamental bastante claro contra a entidade. A 29\u00aa Reuni\u00e3o Anual da SBPC estava planejada para ser realizada em Fortaleza, na Universidade Federal do Cear\u00e1 (UFC), mas mesmo com tudo previamente acordado, a universidade simplesmente parou de responder \u00e0s demandas da SBPC. O atraso nas respostas fez a entidade buscar outra institui\u00e7\u00e3o \u2013 no caso, a Universidade de S\u00e3o Paulo -, que se recusou a acolher o evento. Com essas dificuldades, e ainda enfrentando cortes de recursos federais, a SBPC entendeu o que estava acontecendo: era uma proibi\u00e7\u00e3o do Estado.<\/p>\n<p>Ent\u00e3o, houve mais uma articula\u00e7\u00e3o, dessa vez com a PUC-SP (Pontif\u00edcia Universidade Cat\u00f3lica de S\u00e3o Paulo), por meio do arcebispo metropolitano de S\u00e3o Paulo, Dom Paulo Evaristo Arns, que aceitou, corajosamente, sediar o evento em uma institui\u00e7\u00e3o privada. Tamb\u00e9m houve uma grande campanha para cobrir os custos de realiza\u00e7\u00e3o da Reuni\u00e3o Anual, o que envolveu leil\u00f5es de artes, doa\u00e7\u00f5es de bilheterias de teatros e at\u00e9 um show com as presen\u00e7as de Chico Buarque e Milton Nascimento.<\/p>\n<p>E n\u00e3o acabou por a\u00ed: com a 29\u00aa Reuni\u00e3o Anual da SBPC confirmada e prestes a acontecer, os militares implicaram com o p\u00f4ster de divulga\u00e7\u00e3o do evento, alegando que as letras P e C, que s\u00e3o do logo da SBPC, estavam em destaque, numa refer\u00eancia \u00e0 sigla do Partido Comunista. Mas nem o devaneio art\u00edstico do Governo Federal impossibilitou a realiza\u00e7\u00e3o do evento, que foi um sucesso absoluto e memor\u00e1vel de p\u00fablico.<\/p>\n<p>&nbsp;<\/p>\n<h4 id=\"cientistas-sociais-e-problematicas-nacionais\"><strong>Cientistas sociais e problem\u00e1ticas nacionais<\/strong><\/h4>\n<p>Mas o que fez com que a SBPC se tornasse alvo do Governo Federal? A partir da ditadura militar, e com mais for\u00e7a na d\u00e9cada de 1970, a entidade come\u00e7ou a questionar a vis\u00e3o da \u00e9poca sobre a Ci\u00eancia. Esses embates come\u00e7aram, principalmente, entre um dos fundadores da SBPC, Maur\u00edcio Rocha e Silva, e o ent\u00e3o presidente da entidade, Oscar Sala.<\/p>\n<p>\u201cOscar Sala defendia posi\u00e7\u00f5es de uma acentuada neutralidade da Ci\u00eancia e de uma certa passividade referente \u00e0s press\u00f5es pol\u00edticas da ditadura militar. Contra essa linha estava o professor Maur\u00edcio Rocha e Silva, que tamb\u00e9m era da diretoria da SBPC\u201d, relata o presidente de honra da SBPC, Ennio Candotti, que viveu os dias de tens\u00e3o na Diretoria da entidade.<\/p>\n<p>Se no primeiro momento da ditadura, a SBPC chegou a ver como positiva uma certa vis\u00e3o cient\u00edfica do governo \u2013 com destaque aos est\u00edmulos \u00e0 pol\u00edtica nuclear -, n\u00e3o demorou muito tempo para a entidade perceber o caminho nefasto de uma gest\u00e3o autorit\u00e1ria. Quando a SBPC passou a questionar as decis\u00f5es militares, ela simplesmente foi exclu\u00edda das novas a\u00e7\u00f5es de pol\u00edtica cient\u00edfica. E a\u00ed, come\u00e7ou um movimento mais cr\u00edtico da entidade. \u00c9 o que explica a professora Ana Maria Fernandes, na obra\u00a0<em>A constru\u00e7\u00e3o da ci\u00eancia no Brasil e a SBPC<\/em>.<\/p>\n<p>\u201cA partir de 1975, portanto, a SBPC adotou o que foi descrito como a sua \u2018fun\u00e7\u00e3o cr\u00edtica\u2019 e iniciou o debate sobre uma s\u00e9rie de temas econ\u00f4micos, sociais e pol\u00edticos. Estes inclu\u00edam discuss\u00f5es sobre o papel pol\u00edtico da ci\u00eancia; a pol\u00edtica nuclear do regime; a defesa; o meio ambiente; a estatiza\u00e7\u00e3o da economia; a anistia; a reintegra\u00e7\u00e3o dos professores universit\u00e1rios compulsoriamente aposentados; e um apelo pela aboli\u00e7\u00e3o do Decreto n\u00ba 477, de 1968, que restringia severamente a liberdade pol\u00edtica nas universidades (\u2026) A SBPC, de fato, contribuiu para o fortalecimento da sociedade civil, que tinha sido severamente debilitada pelos longos anos de ditadura militar\u201d, ressaltou Fernandes em seu livro.<\/p>\n<p>As pautas se tornaram mais plurais: n\u00e3o se tratavam apenas das condi\u00e7\u00f5es de trabalho dos cientistas, mas dos direitos de toda a popula\u00e7\u00e3o. E a entidade, que come\u00e7ou falando de institui\u00e7\u00f5es cient\u00edficas, tinha, ap\u00f3s a luta pela liberdade pol\u00edtica, um novo desafio: a constru\u00e7\u00e3o de uma nova Constitui\u00e7\u00e3o Federal.<\/p>\n<p>\u201cO movimento de trazer cientistas sociais para a SBPC botou fogo nas Reuni\u00f5es Anuais da entidade, porque eles passaram a ser um espa\u00e7o de lugar de fala de muitas reivindica\u00e7\u00f5es. Os cientistas sociais come\u00e7aram a trazer para esses encontros cada vez mais problemas sociais do Brasil. A fome, a falta de emprego, a falta de liberdade, eles pedem anistia e tamb\u00e9m uma constituinte. Tudo isso come\u00e7a a acontecer na d\u00e9cada de 1970\u201d, conclui o historiador Bruno Roma.<\/p>\n<p>&nbsp;<\/p>\n<h4 id=\"recontando-o-passado\"><strong>Recontando o passado<\/strong><\/h4>\n<p>Esta reportagem \u00e9 parte de uma s\u00e9rie especial para os 75 anos da SBPC, que ser\u00e3o comemorados no pr\u00f3ximo s\u00e1bado, dia 8 de julho.<\/p>\n<p>Se quiser saber mais sobre o per\u00edodo da ditadura militar e como ele afetou a percep\u00e7\u00e3o de cientistas no Brasil, basta ouvir os epis\u00f3dios\u00a0<span style=\"color: #800000;\"><strong><a style=\"color: #800000;\" href=\"https:\/\/open.spotify.com\/episode\/4HpwhDL0pmwzTrwdg0xRhD?si=7y2amyOOSteMVju71iyqpQ&amp;utm_source=copy-link\" target=\"_blank\" rel=\"noopener\">\u201cNos tempos da ditadura\u201d<\/a><\/strong><\/span>\u00a0e\u00a0<span style=\"color: #800000;\"><strong><a style=\"color: #800000;\" href=\"https:\/\/open.spotify.com\/episode\/18Ks3rQ7msX59P0iRu4vme?si=XeUprwXcQQ6YWC50rPBvKA&amp;utm_source=copy-link\" target=\"_blank\" rel=\"noopener\">\u201cDiverg\u00eancias na ci\u00eancia\u201d<\/a><\/strong><\/span>\u00a0do podcast O Som da Ci\u00eancia, uma produ\u00e7\u00e3o da equipe de comunica\u00e7\u00e3o da SBPC.<\/p>\n<p>A mat\u00e9ria tamb\u00e9m utilizou apura\u00e7\u00e3o do\u00a0<span style=\"color: #800000;\"><strong><a style=\"color: #800000;\" href=\"http:\/\/portal.sbpcnet.org.br\/centro-de-memoria-da-sbpc-amelia-i-hamburger\/\" target=\"_blank\" rel=\"noopener\">Centro de Mem\u00f3ria da SBPC<\/a>\u00a0<\/strong><\/span>e trechos das obras\u00a0<span style=\"color: #800000;\"><strong><a style=\"color: #800000;\" href=\"https:\/\/www.amazon.com.br\/Constru%25C3%25A7%25C3%25A3o-Ci%25C3%25AAncia-Brasil-Sbpc\/dp\/852300291X\" target=\"_blank\" rel=\"noopener\">\u201cA constru\u00e7\u00e3o da ci\u00eancia no Brasil e a SBPC\u201d<\/a><\/strong><\/span>, de Ana Maria Fernandes, e \u201cCi\u00eancia para o Brasil: 70 anos da Sociedade Brasileira para o Progresso da Ci\u00eancia\u201d, organizado por Helena Nader, Vanderlan Bolzani e Jos\u00e9 Roberto Ferreira \u2013 este \u00faltimo est\u00e1<a href=\"http:\/\/portal.sbpcnet.org.br\/wp-content\/uploads\/2020\/07\/Livro-SBPC-70-anos.pdf\" target=\"_blank\" rel=\"noopener\">\u00a0<span style=\"color: #800000;\"><strong>dispon\u00edvel para download gratuito no site da SBPC<\/strong><\/span><\/a>.<\/p>\n<p><span style=\"color: #808080;\"><a style=\"color: #808080;\" href=\"http:\/\/www.jornaldaciencia.org.br\/\" target=\"_blank\" rel=\"noopener\"><em>Jornal da Ci\u00ea<\/em><em>ncia<\/em><\/a><\/span><\/p>\n","protected":false},"excerpt":{"rendered":"Segunda reportagem especial sobre os 75 anos da entidade fala da ditadura&hellip;\n","protected":false},"author":19,"featured_media":4435,"comment_status":"open","ping_status":"open","sticky":false,"template":"","format":"standard","meta":[],"categories":[1,2],"tags":[],"acf":[],"_links":{"self":[{"href":"https:\/\/revistacienciaecultura.org.br\/index.php?rest_route=\/wp\/v2\/posts\/4433"}],"collection":[{"href":"https:\/\/revistacienciaecultura.org.br\/index.php?rest_route=\/wp\/v2\/posts"}],"about":[{"href":"https:\/\/revistacienciaecultura.org.br\/index.php?rest_route=\/wp\/v2\/types\/post"}],"author":[{"embeddable":true,"href":"https:\/\/revistacienciaecultura.org.br\/index.php?rest_route=\/wp\/v2\/users\/19"}],"replies":[{"embeddable":true,"href":"https:\/\/revistacienciaecultura.org.br\/index.php?rest_route=%2Fwp%2Fv2%2Fcomments&post=4433"}],"version-history":[{"count":2,"href":"https:\/\/revistacienciaecultura.org.br\/index.php?rest_route=\/wp\/v2\/posts\/4433\/revisions"}],"predecessor-version":[{"id":4436,"href":"https:\/\/revistacienciaecultura.org.br\/index.php?rest_route=\/wp\/v2\/posts\/4433\/revisions\/4436"}],"wp:featuredmedia":[{"embeddable":true,"href":"https:\/\/revistacienciaecultura.org.br\/index.php?rest_route=\/wp\/v2\/media\/4435"}],"wp:attachment":[{"href":"https:\/\/revistacienciaecultura.org.br\/index.php?rest_route=%2Fwp%2Fv2%2Fmedia&parent=4433"}],"wp:term":[{"taxonomy":"category","embeddable":true,"href":"https:\/\/revistacienciaecultura.org.br\/index.php?rest_route=%2Fwp%2Fv2%2Fcategories&post=4433"},{"taxonomy":"post_tag","embeddable":true,"href":"https:\/\/revistacienciaecultura.org.br\/index.php?rest_route=%2Fwp%2Fv2%2Ftags&post=4433"}],"curies":[{"name":"wp","href":"https:\/\/api.w.org\/{rel}","templated":true}]}}